{"id":10213,"date":"2020-08-24T12:35:37","date_gmt":"2020-08-24T10:35:37","guid":{"rendered":"https:\/\/biblioteka.kolobrzeg.pl\/?p=10213"},"modified":"2022-04-26T13:04:42","modified_gmt":"2022-04-26T11:04:42","slug":"spektakl-teatralny-dla-dzieci-4","status":"publish","type":"post","link":"https:\/\/biblioteka.kolobrzeg.pl\/index.php\/2020\/08\/24\/spektakl-teatralny-dla-dzieci-4\/","title":{"rendered":"Spektakl teatralny dla dzieci"},"content":{"rendered":"<p><a href=\"https:\/\/biblioteka.kolobrzeg.pl\/wp-content\/uploads\/2020\/08\/teatr260820.jpg\" data-rel=\"lightbox-image-0\" data-rl_title=\"\" data-rl_caption=\"\" title=\"\"><img loading=\"lazy\" decoding=\"async\" class=\"alignleft wp-image-10215 size-thumbnail\" src=\"https:\/\/biblioteka.kolobrzeg.pl\/wp-content\/uploads\/2020\/08\/teatr260820-150x150.jpg\" alt=\"teatr\" width=\"150\" height=\"150\"><\/a>Zapraszamy dzieci na plenerowe przedstawienie Podr\u00f3\u017ce Baltazara G\u0105bki.<br \/>\nTeatr Blaszany B\u0119benek przedstawi histori\u0119 Smoka Wawelskiego, kt\u00f3ry na polecenie kr\u00f3la Kraka wyruszy do Krainy Deszczowc\u00f3w, aby odszuka\u0107 porwanego naukowca Baltazara G\u0105bk\u0119.<br \/>\nW podr\u00f3\u017c wraz ze smokiem wyruszy kucharz Bart\u0142omiej Bartolini. Bohaterowie nie spodziewaj\u0105 si\u0119, \u017ce jaki\u015b szpieg b\u0119dzie chcia\u0142 przeszkodzi\u0107 im w w\u0119dr\u00f3wce\u2026 Karramba\u2026<\/p>\n<p><strong>27 sierpnia 2020<\/strong>r., godz. <strong>12.00. (zmiana terminu)<\/strong><br \/>\nBiblioteka, ul. J. Frankowskiego 3 (dziedziniec za budynkiem).<br \/>\nWst\u0119p wolny, liczba miejsc ograniczona.<\/p>\n","protected":false},"excerpt":{"rendered":"<p>Zapraszamy dzieci na plenerowe przedstawienie Podr\u00f3\u017ce Baltazara G\u0105bki. Teatr Blaszany B\u0119benek przedstawi histori\u0119 Smoka Wawelskiego, kt\u00f3ry na polecenie kr\u00f3la Kraka wyruszy do Krainy Deszczowc\u00f3w, aby odszuka\u0107 porwanego naukowca Baltazara G\u0105bk\u0119. W podr\u00f3\u017c wraz ze smokiem wyruszy kucharz Bart\u0142omiej Bartolini. Bohaterowie nie spodziewaj\u0105 si\u0119, \u017ce jaki\u015b szpieg b\u0119dzie chcia\u0142 przeszkodzi\u0107 im w w\u0119dr\u00f3wce\u2026 Karramba\u2026 27 sierpnia &hellip; <\/p>\n<p><a class=\"more-link block-button\" href=\"https:\/\/biblioteka.kolobrzeg.pl\/index.php\/2020\/08\/24\/spektakl-teatralny-dla-dzieci-4\/\">Kontynuuj czytanie &raquo;<\/a><\/p>\n","protected":false},"author":1,"featured_media":10215,"comment_status":"closed","ping_status":"open","sticky":false,"template":"","format":"standard","meta":{"jetpack_post_was_ever_published":false,"_jetpack_newsletter_access":"","_jetpack_dont_email_post_to_subs":false,"_jetpack_newsletter_tier_id":0,"_jetpack_memberships_contains_paywalled_content":false,"_jetpack_memberships_contains_paid_content":false,"footnotes":"","jetpack_publicize_message":"","jetpack_publicize_feature_enabled":true,"jetpack_social_post_already_shared":true,"jetpack_social_options":{"image_generator_settings":{"template":"highway","default_image_id":0,"font":"","enabled":false},"version":2}},"categories":[1,23],"tags":[173],"class_list":["post-10213","post","type-post","status-publish","format-standard","has-post-thumbnail","hentry","category-aktualnosci","category-spotkania_wydarzenia","tag-teatr"],"jetpack_publicize_connections":[],"jetpack_featured_media_url":"https:\/\/biblioteka.kolobrzeg.pl\/wp-content\/uploads\/2020\/08\/teatr260820.jpg","jetpack_likes_enabled":true,"jetpack_sharing_enabled":true,"_links":{"self":[{"href":"https:\/\/biblioteka.kolobrzeg.pl\/index.php\/wp-json\/wp\/v2\/posts\/10213","targetHints":{"allow":["GET"]}}],"collection":[{"href":"https:\/\/biblioteka.kolobrzeg.pl\/index.php\/wp-json\/wp\/v2\/posts"}],"about":[{"href":"https:\/\/biblioteka.kolobrzeg.pl\/index.php\/wp-json\/wp\/v2\/types\/post"}],"author":[{"embeddable":true,"href":"https:\/\/biblioteka.kolobrzeg.pl\/index.php\/wp-json\/wp\/v2\/users\/1"}],"replies":[{"embeddable":true,"href":"https:\/\/biblioteka.kolobrzeg.pl\/index.php\/wp-json\/wp\/v2\/comments?post=10213"}],"version-history":[{"count":0,"href":"https:\/\/biblioteka.kolobrzeg.pl\/index.php\/wp-json\/wp\/v2\/posts\/10213\/revisions"}],"wp:featuredmedia":[{"embeddable":true,"href":"https:\/\/biblioteka.kolobrzeg.pl\/index.php\/wp-json\/wp\/v2\/media\/10215"}],"wp:attachment":[{"href":"https:\/\/biblioteka.kolobrzeg.pl\/index.php\/wp-json\/wp\/v2\/media?parent=10213"}],"wp:term":[{"taxonomy":"category","embeddable":true,"href":"https:\/\/biblioteka.kolobrzeg.pl\/index.php\/wp-json\/wp\/v2\/categories?post=10213"},{"taxonomy":"post_tag","embeddable":true,"href":"https:\/\/biblioteka.kolobrzeg.pl\/index.php\/wp-json\/wp\/v2\/tags?post=10213"}],"curies":[{"name":"wp","href":"https:\/\/api.w.org\/{rel}","templated":true}]}}