{"id":10412,"date":"2020-10-02T13:46:50","date_gmt":"2020-10-02T11:46:50","guid":{"rendered":"https:\/\/biblioteka.kolobrzeg.pl\/?p=10412"},"modified":"2020-11-02T12:16:18","modified_gmt":"2020-11-02T11:16:18","slug":"ksiazka-miesiaca-ibuk-libra-45","status":"publish","type":"post","link":"https:\/\/biblioteka.kolobrzeg.pl\/index.php\/2020\/10\/02\/ksiazka-miesiaca-ibuk-libra-45\/","title":{"rendered":"Ksi\u0105\u017cka miesi\u0105ca IBUK Libra"},"content":{"rendered":"<p><a href=\"https:\/\/biblioteka.kolobrzeg.pl\/wp-content\/uploads\/2020\/10\/ibuk102020.jpg\" data-rel=\"lightbox-image-0\" data-rl_title=\"\" data-rl_caption=\"\" title=\"\"><img loading=\"lazy\" decoding=\"async\" class=\"alignleft wp-image-10413\" src=\"https:\/\/biblioteka.kolobrzeg.pl\/wp-content\/uploads\/2020\/10\/ibuk102020.jpg\" alt=\"IBUk ksi\u0105\u017cka miesi\u0105ca\" width=\"105\" height=\"150\"><\/a><\/p>\n<p>Ksi\u0105\u017ck\u0105 pa\u017adziernika IBUK Libra zostaje tytu\u0142: <strong>Wolfgang Amadeusz Mozart<\/strong>. <strong>Wyb\u00f3r list\u00f3w<\/strong>, pod redakcj\u0105 Ireneusza Dembowskiego.<!--more--><\/p>\n<p>Wolfgang Amadeusz Mozart by\u0142 nie tylko muzycznym geniuszem, ale tak jak jego ojciec, znakomitym epistolografem. Ich listy s\u0105 uwa\u017cane za najciekawsze i najpi\u0119kniejsze, jakie kiedykolwiek napisa\u0142 muzyk. Korespondencja Mozarta oraz jego najbli\u017cszych, przyjaci\u00f3\u0142 i znajomych jest niezr\u00f3wnan\u0105, najwiarygodniejsz\u0105 encyklopedi\u0105 jego \u017cycia i tw\u00f3rczo\u015bci oraz wspania\u0142ym \u015bwiadectwem epoki.<br \/>\nKsi\u0105\u017cka jest zbiorem list\u00f3w Wolfganga Amadeusza Mozarta. Zebra\u0142 je oraz przet\u0142umaczy\u0142 Ireneusz Dembowski, dodaj\u0105c tak\u017ce komentarze do list\u00f3w, przypisy, indeksy nazwisk i utwor\u00f3w kalendarium \u017cycia Mozarta. Czytelnik znajdzie tu przegl\u0105d najwa\u017cniejszych okres\u00f3w \u017cycia Mozarta, kt\u00f3ry \u017cy\u0142 niespe\u0142na 36 lat. Przek\u0142ad list\u00f3w Mozarta stanowi dumny polski akcent w historii opracowa\u0144 list\u00f3w kompozytora. Ireneusz Dembowski wykona\u0142 heroiczn\u0105 prac\u0119, t\u0142umacz\u0105c, opracowuj\u0105c i dokumentuj\u0105c przelane na papier my\u015bli autora Requiem.<br \/>\nPodstaw\u0105 t\u0142umaczenia jest wydanie krytyczne korespondencji Mozarta:<strong> Mozart. Briefe und Aufzeichnungen Gesamtausgabe<\/strong> w opracowaniu W. Bauera i O. E. Deutscha, opublikowane pod patronatem Mozarteum w Salzburgu.<\/p>\n<p><strong>Ksi\u0105\u017cka dost\u0119pna jako prezent do 31 pa\u017adziernika 2020 r.<\/strong><\/p>\n<p>Zach\u0119camy do lektury!<br \/>\n<a href=\"http:\/\/libra.ibuk.pl\/\">http:\/\/libra.ibuk.pl\/<\/a><\/p>\n<p>Przypominamy, aby otrzyma\u0107 kod PIN umo\u017cliwiaj\u0105cy bezp\u0142atny dost\u0119p do ksi\u0105\u017cek elektronicznych w domu nale\u017cy:<\/p>\n<ol>\n<li>napisa\u0107 e-maila na adres (ibukkg@biblioteka.kolobrzeg.pl) podaj\u0105c swoje imi\u0119, nazwisko oraz numer karty bibliotecznej.<\/li>\n<\/ol>\n","protected":false},"excerpt":{"rendered":"<p>Ksi\u0105\u017ck\u0105 pa\u017adziernika IBUK Libra zostaje tytu\u0142: Wolfgang Amadeusz Mozart. Wyb\u00f3r list\u00f3w, pod redakcj\u0105 Ireneusza Dembowskiego.<\/p><p><a class=\"more-link block-button\" href=\"https:\/\/biblioteka.kolobrzeg.pl\/index.php\/2020\/10\/02\/ksiazka-miesiaca-ibuk-libra-45\/\">Kontynuuj czytanie &raquo;<\/a><\/p>\n","protected":false},"author":1,"featured_media":10413,"comment_status":"closed","ping_status":"open","sticky":false,"template":"","format":"standard","meta":{"jetpack_post_was_ever_published":false,"_jetpack_newsletter_access":"","_jetpack_dont_email_post_to_subs":false,"_jetpack_newsletter_tier_id":0,"_jetpack_memberships_contains_paywalled_content":false,"_jetpack_memberships_contains_paid_content":false,"footnotes":"","jetpack_publicize_message":"","jetpack_publicize_feature_enabled":true,"jetpack_social_post_already_shared":true,"jetpack_social_options":{"image_generator_settings":{"template":"highway","default_image_id":0,"font":"","enabled":false},"version":2}},"categories":[1],"tags":[67,69,68,70],"class_list":["post-10412","post","type-post","status-publish","format-standard","has-post-thumbnail","hentry","category-aktualnosci","tag-ibuk","tag-ksiazka","tag-libra","tag-miesiaca"],"jetpack_publicize_connections":[],"jetpack_featured_media_url":"https:\/\/biblioteka.kolobrzeg.pl\/wp-content\/uploads\/2020\/10\/ibuk102020.jpg","jetpack_likes_enabled":true,"jetpack_sharing_enabled":true,"_links":{"self":[{"href":"https:\/\/biblioteka.kolobrzeg.pl\/index.php\/wp-json\/wp\/v2\/posts\/10412","targetHints":{"allow":["GET"]}}],"collection":[{"href":"https:\/\/biblioteka.kolobrzeg.pl\/index.php\/wp-json\/wp\/v2\/posts"}],"about":[{"href":"https:\/\/biblioteka.kolobrzeg.pl\/index.php\/wp-json\/wp\/v2\/types\/post"}],"author":[{"embeddable":true,"href":"https:\/\/biblioteka.kolobrzeg.pl\/index.php\/wp-json\/wp\/v2\/users\/1"}],"replies":[{"embeddable":true,"href":"https:\/\/biblioteka.kolobrzeg.pl\/index.php\/wp-json\/wp\/v2\/comments?post=10412"}],"version-history":[{"count":0,"href":"https:\/\/biblioteka.kolobrzeg.pl\/index.php\/wp-json\/wp\/v2\/posts\/10412\/revisions"}],"wp:featuredmedia":[{"embeddable":true,"href":"https:\/\/biblioteka.kolobrzeg.pl\/index.php\/wp-json\/wp\/v2\/media\/10413"}],"wp:attachment":[{"href":"https:\/\/biblioteka.kolobrzeg.pl\/index.php\/wp-json\/wp\/v2\/media?parent=10412"}],"wp:term":[{"taxonomy":"category","embeddable":true,"href":"https:\/\/biblioteka.kolobrzeg.pl\/index.php\/wp-json\/wp\/v2\/categories?post=10412"},{"taxonomy":"post_tag","embeddable":true,"href":"https:\/\/biblioteka.kolobrzeg.pl\/index.php\/wp-json\/wp\/v2\/tags?post=10412"}],"curies":[{"name":"wp","href":"https:\/\/api.w.org\/{rel}","templated":true}]}}