{"id":10481,"date":"2020-10-21T09:50:00","date_gmt":"2020-10-21T07:50:00","guid":{"rendered":"https:\/\/biblioteka.kolobrzeg.pl\/?p=10481"},"modified":"2020-10-28T13:53:29","modified_gmt":"2020-10-28T12:53:29","slug":"pozegnanie-dyrektora","status":"publish","type":"post","link":"https:\/\/biblioteka.kolobrzeg.pl\/index.php\/2020\/10\/21\/pozegnanie-dyrektora\/","title":{"rendered":"Po\u017cegnanie Dyrektora"},"content":{"rendered":"<p><a href=\"https:\/\/biblioteka.kolobrzeg.pl\/wp-content\/uploads\/2020\/10\/dyr211020.jpg\" data-rel=\"lightbox-image-0\" data-rl_title=\"\" data-rl_caption=\"\" title=\"\"><img loading=\"lazy\" decoding=\"async\" class=\"alignleft wp-image-10482 size-thumbnail\" src=\"https:\/\/biblioteka.kolobrzeg.pl\/wp-content\/uploads\/2020\/10\/dyr211020-150x150.jpg\" alt=\"Po\u017cegnanie Dyrektora\" width=\"150\" height=\"150\"><\/a>21 pa\u017adziernika po\u017cegnali\u015bmy, przechodz\u0105c\u0105 na emerytur\u0119 Pani\u0105 Dyrektor Halin\u0119 Filip.<\/p>\n<p>\u017byczymy zdrowia, rado\u015bci, spe\u0142niania marze\u0144 i mn\u00f3stwa wolnego czasu na czytanie.<\/p>\n<p style=\"text-align: right;\">Pracownicy Miejskiej Biblioteki Publicznej<\/p>\n","protected":false},"excerpt":{"rendered":"<p>21 pa\u017adziernika po\u017cegnali\u015bmy, przechodz\u0105c\u0105 na emerytur\u0119 Pani\u0105 Dyrektor Halin\u0119 Filip. \u017byczymy zdrowia, rado\u015bci, spe\u0142niania marze\u0144 i mn\u00f3stwa wolnego czasu na czytanie. Pracownicy Miejskiej Biblioteki Publicznej<\/p>\n","protected":false},"author":1,"featured_media":10482,"comment_status":"closed","ping_status":"open","sticky":false,"template":"","format":"standard","meta":{"jetpack_post_was_ever_published":false,"_jetpack_newsletter_access":"","_jetpack_dont_email_post_to_subs":false,"_jetpack_newsletter_tier_id":0,"_jetpack_memberships_contains_paywalled_content":false,"_jetpack_memberships_contains_paid_content":false,"footnotes":"","jetpack_publicize_message":"","jetpack_publicize_feature_enabled":true,"jetpack_social_post_already_shared":true,"jetpack_social_options":{"image_generator_settings":{"template":"highway","default_image_id":0,"font":"","enabled":false},"version":2}},"categories":[1],"tags":[],"class_list":["post-10481","post","type-post","status-publish","format-standard","has-post-thumbnail","hentry","category-aktualnosci"],"jetpack_publicize_connections":[],"jetpack_featured_media_url":"https:\/\/biblioteka.kolobrzeg.pl\/wp-content\/uploads\/2020\/10\/dyr211020.jpg","jetpack_likes_enabled":true,"jetpack_sharing_enabled":true,"_links":{"self":[{"href":"https:\/\/biblioteka.kolobrzeg.pl\/index.php\/wp-json\/wp\/v2\/posts\/10481","targetHints":{"allow":["GET"]}}],"collection":[{"href":"https:\/\/biblioteka.kolobrzeg.pl\/index.php\/wp-json\/wp\/v2\/posts"}],"about":[{"href":"https:\/\/biblioteka.kolobrzeg.pl\/index.php\/wp-json\/wp\/v2\/types\/post"}],"author":[{"embeddable":true,"href":"https:\/\/biblioteka.kolobrzeg.pl\/index.php\/wp-json\/wp\/v2\/users\/1"}],"replies":[{"embeddable":true,"href":"https:\/\/biblioteka.kolobrzeg.pl\/index.php\/wp-json\/wp\/v2\/comments?post=10481"}],"version-history":[{"count":0,"href":"https:\/\/biblioteka.kolobrzeg.pl\/index.php\/wp-json\/wp\/v2\/posts\/10481\/revisions"}],"wp:featuredmedia":[{"embeddable":true,"href":"https:\/\/biblioteka.kolobrzeg.pl\/index.php\/wp-json\/wp\/v2\/media\/10482"}],"wp:attachment":[{"href":"https:\/\/biblioteka.kolobrzeg.pl\/index.php\/wp-json\/wp\/v2\/media?parent=10481"}],"wp:term":[{"taxonomy":"category","embeddable":true,"href":"https:\/\/biblioteka.kolobrzeg.pl\/index.php\/wp-json\/wp\/v2\/categories?post=10481"},{"taxonomy":"post_tag","embeddable":true,"href":"https:\/\/biblioteka.kolobrzeg.pl\/index.php\/wp-json\/wp\/v2\/tags?post=10481"}],"curies":[{"name":"wp","href":"https:\/\/api.w.org\/{rel}","templated":true}]}}