{"id":10631,"date":"2021-01-08T13:06:00","date_gmt":"2021-01-08T12:06:00","guid":{"rendered":"https:\/\/biblioteka.kolobrzeg.pl\/?p=10631"},"modified":"2021-01-21T13:32:44","modified_gmt":"2021-01-21T12:32:44","slug":"ferie-z-biblioteka","status":"publish","type":"post","link":"https:\/\/biblioteka.kolobrzeg.pl\/index.php\/2021\/01\/08\/ferie-z-biblioteka\/","title":{"rendered":"Ferie z bibliotek\u0105"},"content":{"rendered":"<p><a href=\"https:\/\/biblioteka.kolobrzeg.pl\/wp-content\/uploads\/2021\/01\/ferie2021.jpg\" data-rel=\"lightbox-image-0\" data-rl_title=\"\" data-rl_caption=\"\" title=\"\"><img loading=\"lazy\" decoding=\"async\" class=\"alignleft wp-image-10632\" src=\"https:\/\/biblioteka.kolobrzeg.pl\/wp-content\/uploads\/2021\/01\/ferie2021.jpg\" alt=\"Ferie 2021 plakat\" width=\"106\" height=\"150\"><\/a>Zapraszamy dzieci do aktywnego udzia\u0142u w feriach online, w terminie <strong>8-15 stycznia 2021<\/strong>.<br>Domowe ferie z bibliotek\u0105, to cykl zaj\u0119\u0107 online przewidzianych dla dzieci wieku 3-12 lat. Codziennie na naszych milusi\u0144skich czeka\u0107 b\u0119dzie zupe\u0142nie inna atrakcja. W Bibliotece dzieci\u0119cej przy ulicy Brzozowej 9A do odebrania b\u0119d\u0105 pakiety kreatywne z materia\u0142ami do samodzielnego wykonania prac plastycznych.<\/p>\n<p>Wszystkie nagrania oraz materia\u0142y instrukta\u017cowe opublikowane b\u0119d\u0105 na stronie internetowej Biblioteki oraz Facebooku.<br>Warto by\u0107 z nami przez ca\u0142e ferie! Dla najaktywniejszych uczestnik\u00f3w przewidziane s\u0105 nagrody ksi\u0105\u017ckowe.<br>Na pierwsze spotkanie zapraszamy jutro (<strong>8.01<\/strong>. pi\u0105tek) o g.<strong>12.00<\/strong>.<!--more--><\/p>\n<p>W programie:<\/p>\n<ul>\n<li>escape room<\/li>\n<li>Horror story<\/li>\n<li>zwierz\u0119ce pasiaki<\/li>\n<li>szpiego-gry<\/li>\n<li>szalone eksperymenty<\/li>\n<li>portrety a\u2019la Picasso<\/li>\n<li>morze opowie\u015bci<\/li>\n<\/ul>\n\n\n<p>Wi\u0119cej informacji o warsztatach na stronie www.biblioteka.kolobrzeg.pl oraz stronie Facebook <a href=\"https:\/\/www.facebook.com\/biblioteka.kolobrzeg\" target=\"_blank\" rel=\"noreferrer noopener\">https:\/\/www.facebook.com\/biblioteka.kolobrzeg<\/a><\/p>\n","protected":false},"excerpt":{"rendered":"<p>Zapraszamy dzieci do aktywnego udzia\u0142u w feriach online, w terminie 8-15 stycznia 2021.Domowe ferie z bibliotek\u0105, to cykl zaj\u0119\u0107 online przewidzianych dla dzieci wieku 3-12 lat. Codziennie na naszych milusi\u0144skich czeka\u0107 b\u0119dzie zupe\u0142nie inna atrakcja. W Bibliotece dzieci\u0119cej przy ulicy Brzozowej 9A do odebrania b\u0119d\u0105 pakiety kreatywne z materia\u0142ami do samodzielnego wykonania prac plastycznych. Wszystkie &hellip; <\/p>\n<p><a class=\"more-link block-button\" href=\"https:\/\/biblioteka.kolobrzeg.pl\/index.php\/2021\/01\/08\/ferie-z-biblioteka\/\">Kontynuuj czytanie &raquo;<\/a><\/p>\n","protected":false},"author":1,"featured_media":10632,"comment_status":"closed","ping_status":"closed","sticky":false,"template":"","format":"standard","meta":{"jetpack_post_was_ever_published":false,"_jetpack_newsletter_access":"","_jetpack_dont_email_post_to_subs":false,"_jetpack_newsletter_tier_id":0,"_jetpack_memberships_contains_paywalled_content":false,"_jetpack_memberships_contains_paid_content":false,"footnotes":"","jetpack_publicize_message":"","jetpack_publicize_feature_enabled":true,"jetpack_social_post_already_shared":true,"jetpack_social_options":{"image_generator_settings":{"template":"highway","default_image_id":0,"font":"","enabled":false},"version":2}},"categories":[1],"tags":[99],"class_list":["post-10631","post","type-post","status-publish","format-standard","has-post-thumbnail","hentry","category-aktualnosci","tag-ferie"],"jetpack_publicize_connections":[],"jetpack_featured_media_url":"https:\/\/biblioteka.kolobrzeg.pl\/wp-content\/uploads\/2021\/01\/ferie2021.jpg","jetpack_likes_enabled":true,"jetpack_sharing_enabled":true,"_links":{"self":[{"href":"https:\/\/biblioteka.kolobrzeg.pl\/index.php\/wp-json\/wp\/v2\/posts\/10631","targetHints":{"allow":["GET"]}}],"collection":[{"href":"https:\/\/biblioteka.kolobrzeg.pl\/index.php\/wp-json\/wp\/v2\/posts"}],"about":[{"href":"https:\/\/biblioteka.kolobrzeg.pl\/index.php\/wp-json\/wp\/v2\/types\/post"}],"author":[{"embeddable":true,"href":"https:\/\/biblioteka.kolobrzeg.pl\/index.php\/wp-json\/wp\/v2\/users\/1"}],"replies":[{"embeddable":true,"href":"https:\/\/biblioteka.kolobrzeg.pl\/index.php\/wp-json\/wp\/v2\/comments?post=10631"}],"version-history":[{"count":0,"href":"https:\/\/biblioteka.kolobrzeg.pl\/index.php\/wp-json\/wp\/v2\/posts\/10631\/revisions"}],"wp:featuredmedia":[{"embeddable":true,"href":"https:\/\/biblioteka.kolobrzeg.pl\/index.php\/wp-json\/wp\/v2\/media\/10632"}],"wp:attachment":[{"href":"https:\/\/biblioteka.kolobrzeg.pl\/index.php\/wp-json\/wp\/v2\/media?parent=10631"}],"wp:term":[{"taxonomy":"category","embeddable":true,"href":"https:\/\/biblioteka.kolobrzeg.pl\/index.php\/wp-json\/wp\/v2\/categories?post=10631"},{"taxonomy":"post_tag","embeddable":true,"href":"https:\/\/biblioteka.kolobrzeg.pl\/index.php\/wp-json\/wp\/v2\/tags?post=10631"}],"curies":[{"name":"wp","href":"https:\/\/api.w.org\/{rel}","templated":true}]}}