{"id":10660,"date":"2021-01-08T09:37:00","date_gmt":"2021-01-08T08:37:00","guid":{"rendered":"https:\/\/biblioteka.kolobrzeg.pl\/?p=10660"},"modified":"2021-01-21T13:33:17","modified_gmt":"2021-01-21T12:33:17","slug":"wizerunek-w-social-mediach-warsztaty-fotograficzne","status":"publish","type":"post","link":"https:\/\/biblioteka.kolobrzeg.pl\/index.php\/2021\/01\/08\/wizerunek-w-social-mediach-warsztaty-fotograficzne\/","title":{"rendered":"&#8222;Wizerunek w social mediach&#8221; &#8211; Warsztaty fotograficzne"},"content":{"rendered":"<p><a href=\"https:\/\/biblioteka.kolobrzeg.pl\/wp-content\/uploads\/2021\/01\/warsztferie012021.jpg\" data-rel=\"lightbox-image-0\" data-rl_title=\"\" data-rl_caption=\"\" title=\"\"><img loading=\"lazy\" decoding=\"async\" class=\"alignleft wp-image-10665 size-thumbnail\" src=\"https:\/\/biblioteka.kolobrzeg.pl\/wp-content\/uploads\/2021\/01\/warsztferie012021-150x150.jpg\" alt=\"&quot;Wizerunek w social media&quot; - Warsztaty fotograficzne\" width=\"150\" height=\"150\"><\/a>Agata Szuba podczas swoich warsztat\u00f3w fotograficznych poka\u017ce dzia\u0142anie poszczeg\u00f3lnych aplikacji, dzia\u0142a\u0144 internetowych, reklamowych, jak r\u00f3wnie\u017c identyfikacji skutecznych typ\u00f3w contentu i efektywnych ustawie\u0144. Podczas spotka\u0144 uczestnicy poznaj\u0105 wszystkie mo\u017cliwo\u015bci oferowane przez cyfrowe systemy fotografii oraz obr\u00f3bki obrazu.<\/p>\n<p>Warsztaty b\u0119d\u0105 sk\u0142ada\u0142y si\u0119 z serii \u0107wicze\u0144, skupia\u0107 si\u0119 b\u0119d\u0105 na indywidualnej pracy z uczestnikiem, konsultacjach i zadaniach w\u0142asnych.<!--more--><\/p>\n<p>Zagadnienia spotka\u0144<br>&#8211; Publikowanie na w\u0142asnym profilu (tworzenie wizerunku, typy i specyfika poszczeg\u00f3lnych aplikacji);<br>&#8211; Tre\u015bci przekazu (tworzenie w\u0105tk\u00f3w dyskusyjnych, zrozumienie, profilowanie i sterowanie publikowan\u0105 tre\u015bci\u0105;<br>&#8211; Reklama w social media (od pomys\u0142u do realizacji, analiza rynku reklamowego);<br>&#8211; Kreowanie wizerunku w social media (tworzenie w\u0142asnego stylu, monetyzowanie swoich pasji, budowanie zainteresowania odbiorcy);<br>&#8211; Aplikacje internetowe (jak skutecznie z nich korzysta\u0107, poznanie tajnik\u00f3w sztuki u\u017cytkowej);<br>&#8211; Fotografia kom\u00f3rkowa (poznanie wiedzy podstawowej i zaawansowanej z zakresu fotografii i obr\u00f3bki obrazu)<br>&#8211; Fotografia produktowa (tworzenie domowego studia, specyfika o\u015bwietlenia, kreacja produktu)<br>&#8211; Fotografia reklamowa (fotografia na u\u017cytek reklamy, podstawowe zagadnienia z zakresu projektowania graficznego)<br>&#8211; Fotografia portretowa (specyfika zdj\u0119\u0107 w social media, kreowanie wizerunku, typy fotografowania)<\/p>\n<p>Agata Szuba jest absolwentk\u0105 Akademii Sztuk Pi\u0119knych im. E. Gepperta we Wroc\u0142awiu oraz Uniwersytetu Warmi\u0144sko-Mazurskiego w Olsztynie. Od 2014 roku jest pracownikiem naukowo-artystycznym w Pracowni Fotografii Intermedialnej, Katedry Sztuki Medi\u00f3w wroc\u0142awskiej ASP, w kt\u00f3rej wsp\u00f3\u0142realizuje mi\u0119dzyuczelniany projekt badawczy Made in Photo \u2013 kreacyjne, inscenizacyjne i intermedialne cechy realizacji fotomedialnych. W 2017 roku uzyska\u0142a tytu\u0142 doktora sztuki w PWSFTVIT w \u0141odzi. W swojej tw\u00f3rczo\u015bci wykorzystuje r\u00f3\u017cnorodne media artystyczne: fotografi\u0119, wideo, realizacje multimedialne, dzia\u0142ania performatywne oraz rysunek i grafik\u0119. Autorka tekst\u00f3w teoretycznych o sztuce najnowszej, wystaw indywidualnych oraz uczestniczka pokaz\u00f3w zbiorowych w kraju i zagranic\u0105 m.in.: Suwon (Korea Po\u0142udniowa, Los Andeles (USA), Goerlitz (Niemcy), Batumi (Gruzja), Pary\u017c (Francja, Londyn (Wielka Brytania) etc.<br>Cz\u0142onek Naukowego Towarzystwa Fotografii i Zpaf.<\/p>\n<p><strong>Terminy warsztat\u00f3w:<\/strong><br>11:00 &#8211; 13:00 &#8211; Poniedzia\u0142ek 11.01.2021<br>11.00 &#8211; 13.00 &#8211; Wtorek 12.01.2021<br>11.00 &#8211; 13.00 &#8211; \u015aroda 13.01.2021<br>11.00 &#8211; 13.00 &#8211; Czwartek 14.01.2021<br>11:00 &#8211; 13:00 &#8211; Pi\u0105tek 15.01.2021<\/p>\n<p>Zapisy mailowe: magdalena.pawlik@biblioteka.kolobrzeg.pl<\/p>\n<p>Ilo\u015b\u0107 miejsc ograniczona: 15 miejsc \/ Zg\u0142oszenia do 14.01.2021\/ decyduje kolejno\u015b\u0107 zg\u0142osze\u0144.<br>W warsztatach mog\u0105 bra\u0107 udzia\u0142 aktywni czytelnicy Miejskiej Biblioteki Publicznej im. Galla Anonima. Zapraszamy do zapis\u00f3w i wypo\u017cycze\u0144.<\/p>\n\n\n<p><\/p>\n","protected":false},"excerpt":{"rendered":"<p>Agata Szuba podczas swoich warsztat\u00f3w fotograficznych poka\u017ce dzia\u0142anie poszczeg\u00f3lnych aplikacji, dzia\u0142a\u0144 internetowych, reklamowych, jak r\u00f3wnie\u017c identyfikacji skutecznych typ\u00f3w contentu i efektywnych ustawie\u0144. Podczas spotka\u0144 uczestnicy poznaj\u0105 wszystkie mo\u017cliwo\u015bci oferowane przez cyfrowe systemy fotografii oraz obr\u00f3bki obrazu. Warsztaty b\u0119d\u0105 sk\u0142ada\u0142y si\u0119 z serii \u0107wicze\u0144, skupia\u0107 si\u0119 b\u0119d\u0105 na indywidualnej pracy z uczestnikiem, konsultacjach i zadaniach w\u0142asnych.<\/p><p><a class=\"more-link block-button\" href=\"https:\/\/biblioteka.kolobrzeg.pl\/index.php\/2021\/01\/08\/wizerunek-w-social-mediach-warsztaty-fotograficzne\/\">Kontynuuj czytanie &raquo;<\/a><\/p>\n","protected":false},"author":1,"featured_media":10665,"comment_status":"closed","ping_status":"closed","sticky":false,"template":"","format":"standard","meta":{"jetpack_post_was_ever_published":false,"_jetpack_newsletter_access":"","_jetpack_dont_email_post_to_subs":false,"_jetpack_newsletter_tier_id":0,"_jetpack_memberships_contains_paywalled_content":false,"_jetpack_memberships_contains_paid_content":false,"footnotes":"","jetpack_publicize_message":"","jetpack_publicize_feature_enabled":true,"jetpack_social_post_already_shared":true,"jetpack_social_options":{"image_generator_settings":{"template":"highway","default_image_id":0,"font":"","enabled":false},"version":2}},"categories":[1],"tags":[274],"class_list":["post-10660","post","type-post","status-publish","format-standard","has-post-thumbnail","hentry","category-aktualnosci","tag-warsztaty"],"jetpack_publicize_connections":[],"jetpack_featured_media_url":"https:\/\/biblioteka.kolobrzeg.pl\/wp-content\/uploads\/2021\/01\/warsztferie012021.jpg","jetpack_likes_enabled":true,"jetpack_sharing_enabled":true,"_links":{"self":[{"href":"https:\/\/biblioteka.kolobrzeg.pl\/index.php\/wp-json\/wp\/v2\/posts\/10660","targetHints":{"allow":["GET"]}}],"collection":[{"href":"https:\/\/biblioteka.kolobrzeg.pl\/index.php\/wp-json\/wp\/v2\/posts"}],"about":[{"href":"https:\/\/biblioteka.kolobrzeg.pl\/index.php\/wp-json\/wp\/v2\/types\/post"}],"author":[{"embeddable":true,"href":"https:\/\/biblioteka.kolobrzeg.pl\/index.php\/wp-json\/wp\/v2\/users\/1"}],"replies":[{"embeddable":true,"href":"https:\/\/biblioteka.kolobrzeg.pl\/index.php\/wp-json\/wp\/v2\/comments?post=10660"}],"version-history":[{"count":0,"href":"https:\/\/biblioteka.kolobrzeg.pl\/index.php\/wp-json\/wp\/v2\/posts\/10660\/revisions"}],"wp:featuredmedia":[{"embeddable":true,"href":"https:\/\/biblioteka.kolobrzeg.pl\/index.php\/wp-json\/wp\/v2\/media\/10665"}],"wp:attachment":[{"href":"https:\/\/biblioteka.kolobrzeg.pl\/index.php\/wp-json\/wp\/v2\/media?parent=10660"}],"wp:term":[{"taxonomy":"category","embeddable":true,"href":"https:\/\/biblioteka.kolobrzeg.pl\/index.php\/wp-json\/wp\/v2\/categories?post=10660"},{"taxonomy":"post_tag","embeddable":true,"href":"https:\/\/biblioteka.kolobrzeg.pl\/index.php\/wp-json\/wp\/v2\/tags?post=10660"}],"curies":[{"name":"wp","href":"https:\/\/api.w.org\/{rel}","templated":true}]}}