{"id":10777,"date":"2021-02-11T11:31:00","date_gmt":"2021-02-11T10:31:00","guid":{"rendered":"https:\/\/biblioteka.kolobrzeg.pl\/?p=10777"},"modified":"2021-02-22T14:28:55","modified_gmt":"2021-02-22T13:28:55","slug":"konkurs-literacki-3","status":"publish","type":"post","link":"https:\/\/biblioteka.kolobrzeg.pl\/index.php\/2021\/02\/11\/konkurs-literacki-3\/","title":{"rendered":"Wyniki konkursu na &#8222;T\u0142usty Biblioteczny Wiersz&#8221;"},"content":{"rendered":"<p><a href=\"https:\/\/biblioteka.kolobrzeg.pl\/wp-content\/uploads\/2021\/02\/tlustywiersz150221.jpg\" data-rel=\"lightbox-image-0\" data-rl_title=\"\" data-rl_caption=\"\" title=\"\"><img loading=\"lazy\" decoding=\"async\" class=\"alignleft wp-image-10896 size-thumbnail\" src=\"https:\/\/biblioteka.kolobrzeg.pl\/wp-content\/uploads\/2021\/02\/tlustywiersz150221-150x150.jpg\" alt=\"t\u0142usty czwartek - konkurs na wiersz\" width=\"150\" height=\"150\" \/><\/a>Dzi\u0119kujemy za udzia\u0142 w konkursie. Wyb\u00f3r zwyci\u0119zcy by\u0142 dla Nas nie lada wyzwaniem, gdy\u017c wszyscy uczestnicy wykazali si\u0119 niezwyk\u0142\u0105 inwencj\u0105 tw\u00f3rcz\u0105.<\/p>\n<p>Nagrody g\u0142\u00f3wne otrzymuj\u0105:<!--more--><\/p>\n<p>Kat. I \u2013 dzieci do lat 12 &#8211; Marcin Hrycenko<\/p>\n<p>Kat. II \u2013 m\u0142odzie\u017c w wieku 13 \u2013 19 lat &#8211; Adam J\u0119drzejczak<\/p>\n<p>Kat. III \u2013 doro\u015bli powy\u017cej 20 lat &#8211; Alina Hajdamowicz<\/p>\n<p>Nagrody niespodzianki otrzymuj\u0105:<\/p>\n<p>Olivier Czelewicz<br \/>\nKasjan Lewandowski<br \/>\nMarta Wacko<br \/>\nSzymon Maciejewski<br \/>\nGabriela Weso\u0142ek<br \/>\nJ. Pawlak<br \/>\nJulia Grzegrz\u00f3\u0142ka<br \/>\nAnna Orczykowska<br \/>\nKrystian Kosecki<br \/>\nMarczel Czelewicz<br \/>\nMarcin Zagorodnikow<br \/>\nIwona Krychowiak<br \/>\nEwelina Andryja\u0144czyk<\/p>\n<p>Zwyci\u0119ski wiersz w kategorii I:<\/p>\n<p><strong>\u201eT\u0142usty czwartek w bibliotece\u201d<\/strong><\/p>\n<p>W t\u0142usty czwartek Biblioteka<br \/>\nZ pysznym p\u0105czkiem na Was czeka.<br \/>\nDla Ka\u017cdego co\u015b dobrego<br \/>\nNo i nie kalorycznego.<br \/>\nOkr\u0105glutkie i pachn\u0105ce<br \/>\nW ustach si\u0119 rozp\u0142ywaj\u0105ce.<br \/>\nU\u015bmiechni\u0119ty Bibliotekarz<br \/>\nZ porcj\u0105 p\u0105czk\u00f3w na Was czeka.<br \/>\nSzcz\u0119\u015bcie, mi\u0142o\u015b\u0107 Ci\u0119 dopadnie<br \/>\nJe\u015bli w czwartek do nas wpadniesz.<br \/>\nP\u0105czki szcz\u0119\u015bcia w konfiturze<br \/>\nDla Was s\u0105 w literaturze.<\/p>\n<p>Zwyci\u0119ski wiersz w kategorii II:<\/p>\n<p><strong>&#8222;P\u0105czkowa legenda&#8221;<\/strong><\/p>\n<p>W pa\u0142acowej bibliotece zapalono wszystkie \u015bwiece,<br \/>\nsto\u0142y suto zastawiono. &#8222;Czy gotowe, droga \u017cono?&#8221; &#8211;<br \/>\nMia\u0142 pytanie bibliotekarz. &#8211; &#8222;Kr\u00f3l nie b\u0119dzie przecie\u017c czeka\u0107!&#8221;.<br \/>\n&#8222;Tak, gotowa niespodzianka. Sma\u017c\u0119 p\u0105czki ju\u017c od ranka &#8211;<br \/>\nrzek\u0142a \u017cona u\u015bmiechni\u0119ta. &#8211; &#8222;Nasza uczta b\u0119dzie pi\u0119kna!<br \/>\nPyszne p\u0105czki z konfitur\u0105 i pokryte lukrem g\u00f3r\u0105&#8221;.<br \/>\n&#8222;Zatem pro\u015bmy kr\u00f3la w progi! Niech ucieszy si\u0119 nasz drogi!&#8221;.<br \/>\nWkroczy\u0142 kr\u00f3l i jego \u015bwita. &#8222;Co tak pi\u0119knie pachnie?&#8221; &#8211; Pyta. &#8211;<br \/>\n&#8222;C\u00f3\u017c za niespodziank\u0119 macie, \u017ce tak mnie tu zapraszacie?&#8221;.<br \/>\n&#8222;Drogi kr\u00f3lu nasz \u0142askawy, napij si\u0119 dzi\u015b z nami kawy<br \/>\ni zjedz p\u0105czk\u00f3w ca\u0142\u0105 misk\u0119, bowiem pysznie wysz\u0142y wszystkie&#8221;.<br \/>\n&#8222;Bardzo ch\u0119tnie &#8211; w\u0142adca rzecze, ale, drogi m\u00f3j cz\u0142owiecze,<br \/>\nb\u0119d\u0119 wtedy bardzo gruby, chyba nie chcesz mojej zguby?!&#8221;.<br \/>\n&#8222;Ach nasz panie, bez obawy, nikt to nie chce twej z\u0142ej s\u0142awy.<br \/>\nDzi\u015b je\u015b\u0107 p\u0105czki \u017caden grzech, raczej nie zje\u015b\u0107, to jest pech.<br \/>\nDzi\u015b od p\u0105czk\u00f3w si\u0119 nie tyje. Kto zje, ten szcz\u0119\u015bliwie \u017cyje.<br \/>\nDzi\u015b niestraszne nam kalorie, dietetycy, fit teorie.<br \/>\nDzi\u015b jest wielki dzie\u0144 p\u0105czkowy: T\u0142usty Czwartek. Dieta z g\u0142owy&#8221;.<br \/>\n&#8222;W takim razie zgoda, zgoda, niech mi tu kto\u015b p\u0105czka poda!&#8221; &#8211;<br \/>\nKr\u00f3l zawo\u0142a\u0142 z wielkim \u015bmiechem, co od \u015bcian si\u0119 odbi\u0142 echem<br \/>\ni po chwili w ca\u0142ej sali wszyscy p\u0105czki zajadali.<br \/>\nKr\u00f3l, szambelan i paziowie, pi\u0119kne damy i lordowie.<br \/>\nWszyscy szczerze zachwyceni, wdzi\u0119czni i zadowoleni.<br \/>\n&#8222;Niech nam \u017cyj\u0105 gospodarze, niechaj im si\u0119 dobrze darzy!&#8221; &#8211;<br \/>\nZawo\u0142ali najedzeni. &#8211; &#8222;To pyszno\u015bci nie z tej ziemi!&#8221;.<br \/>\nA kr\u00f3l w ramach podzi\u0119kowa\u0144 Order P\u0105czka im darowa\u0142.<br \/>\nOkr\u0105glutki i br\u0105zowy, lukrem zlany do po\u0142owy.<br \/>\nTo szczeg\u00f3lne odznaczenie do dzi\u015b jest na \u015bwiecie w cenie.<br \/>\nChcesz za p\u0105czki podzi\u0119kowa\u0107, mo\u017cesz mamie go darowa\u0107<br \/>\ni z mi\u0142o\u015bci\u0105 rzec: &#8222;Pyszota, moja mamo szczeroz\u0142ota!&#8221;.<\/p>\n<p>Zwyci\u0119ski wiersz w kategorii III:<\/p>\n<p>W T\u0142usty Czwartek Bibliotekarz<br \/>\nZa rega\u0142em ukry\u0142 w rogu<br \/>\nKarton p\u0105czk\u00f3w z konfitur\u0105<br \/>\nLecz zobaczy\u0142 pana w progu<br \/>\nZamiast tedy pyszny lukier<br \/>\nZ palc\u00f3w zbiera\u0107, p\u0105czki wcina\u0107<br \/>\nZacz\u0105\u0142 z go\u015bciem biblioteki<br \/>\nPogaw\u0119dk\u0119 rozpoczyna\u0107<br \/>\nO horrorach, poradnikach,<br \/>\nLeksykonach i zwrotnikach<br \/>\nLecz czytelnik, tak szcz\u0119\u015bliwy<br \/>\n\u017be tam w k\u0105cie p\u0105czki zoczy\u0142<br \/>\nPo kolejne z konfitur\u0105 do sklepiku szybko skoczy\u0142<br \/>\nI tak zamiast ksi\u0105\u017cki czyta\u0107,<br \/>\no poezji opowiada\u0107<br \/>\nSiedli sobie przy stoliku<br \/>\n\u017beby p\u0105czk\u00f3w g\u00f3r\u0119 zjada\u0107.<br \/>\nPoza czwartkiem i to t\u0142ustym<br \/>\nJako regulamin rzecze<br \/>\nZapami\u0119taj Czytelniku<br \/>\nNie jedz p\u0105czk\u00f3w w bibliotece<\/p>\n","protected":false},"excerpt":{"rendered":"<p>Dzi\u0119kujemy za udzia\u0142 w konkursie. Wyb\u00f3r zwyci\u0119zcy by\u0142 dla Nas nie lada wyzwaniem, gdy\u017c wszyscy uczestnicy wykazali si\u0119 niezwyk\u0142\u0105 inwencj\u0105 tw\u00f3rcz\u0105. Nagrody g\u0142\u00f3wne otrzymuj\u0105:<\/p><p><a class=\"more-link block-button\" href=\"https:\/\/biblioteka.kolobrzeg.pl\/index.php\/2021\/02\/11\/konkurs-literacki-3\/\">Kontynuuj czytanie &raquo;<\/a><\/p>\n","protected":false},"author":1,"featured_media":10896,"comment_status":"closed","ping_status":"closed","sticky":false,"template":"","format":"standard","meta":{"jetpack_post_was_ever_published":false,"_jetpack_newsletter_access":"","_jetpack_dont_email_post_to_subs":false,"_jetpack_newsletter_tier_id":0,"_jetpack_memberships_contains_paywalled_content":false,"_jetpack_memberships_contains_paid_content":false,"footnotes":"","jetpack_publicize_message":"","jetpack_publicize_feature_enabled":true,"jetpack_social_post_already_shared":true,"jetpack_social_options":{"image_generator_settings":{"template":"highway","default_image_id":0,"font":"","enabled":false},"version":2}},"categories":[1],"tags":[35,107],"class_list":["post-10777","post","type-post","status-publish","format-standard","has-post-thumbnail","hentry","category-aktualnosci","tag-konkurs","tag-literacki"],"jetpack_publicize_connections":[],"jetpack_featured_media_url":"https:\/\/biblioteka.kolobrzeg.pl\/wp-content\/uploads\/2021\/02\/tlustywiersz150221.jpg","jetpack_likes_enabled":true,"jetpack_sharing_enabled":true,"_links":{"self":[{"href":"https:\/\/biblioteka.kolobrzeg.pl\/index.php\/wp-json\/wp\/v2\/posts\/10777","targetHints":{"allow":["GET"]}}],"collection":[{"href":"https:\/\/biblioteka.kolobrzeg.pl\/index.php\/wp-json\/wp\/v2\/posts"}],"about":[{"href":"https:\/\/biblioteka.kolobrzeg.pl\/index.php\/wp-json\/wp\/v2\/types\/post"}],"author":[{"embeddable":true,"href":"https:\/\/biblioteka.kolobrzeg.pl\/index.php\/wp-json\/wp\/v2\/users\/1"}],"replies":[{"embeddable":true,"href":"https:\/\/biblioteka.kolobrzeg.pl\/index.php\/wp-json\/wp\/v2\/comments?post=10777"}],"version-history":[{"count":0,"href":"https:\/\/biblioteka.kolobrzeg.pl\/index.php\/wp-json\/wp\/v2\/posts\/10777\/revisions"}],"wp:featuredmedia":[{"embeddable":true,"href":"https:\/\/biblioteka.kolobrzeg.pl\/index.php\/wp-json\/wp\/v2\/media\/10896"}],"wp:attachment":[{"href":"https:\/\/biblioteka.kolobrzeg.pl\/index.php\/wp-json\/wp\/v2\/media?parent=10777"}],"wp:term":[{"taxonomy":"category","embeddable":true,"href":"https:\/\/biblioteka.kolobrzeg.pl\/index.php\/wp-json\/wp\/v2\/categories?post=10777"},{"taxonomy":"post_tag","embeddable":true,"href":"https:\/\/biblioteka.kolobrzeg.pl\/index.php\/wp-json\/wp\/v2\/tags?post=10777"}],"curies":[{"name":"wp","href":"https:\/\/api.w.org\/{rel}","templated":true}]}}