{"id":10870,"date":"2021-02-22T12:44:00","date_gmt":"2021-02-22T11:44:00","guid":{"rendered":"https:\/\/biblioteka.kolobrzeg.pl\/?p=10870"},"modified":"2021-04-06T09:24:29","modified_gmt":"2021-04-06T07:24:29","slug":"bajkowe-poranki-powracaja","status":"publish","type":"post","link":"https:\/\/biblioteka.kolobrzeg.pl\/index.php\/2021\/02\/22\/bajkowe-poranki-powracaja\/","title":{"rendered":"Bajkowe Poranki powracaj\u0105!"},"content":{"rendered":"<p><a href=\"https:\/\/biblioteka.kolobrzeg.pl\/wp-content\/uploads\/2021\/02\/bajkowep220221.jpg\" data-rel=\"lightbox-image-0\" data-rl_title=\"\" data-rl_caption=\"\" title=\"\"><img loading=\"lazy\" decoding=\"async\" class=\"alignleft wp-image-10871 size-thumbnail\" src=\"https:\/\/biblioteka.kolobrzeg.pl\/wp-content\/uploads\/2021\/02\/bajkowep220221-150x150.jpg\" alt=\"Bajkowe Poranki\" width=\"150\" height=\"150\"><\/a>Serdecznie zapraszamy naszych najm\u0142odszych Czytelnik\u00f3w do wys\u0142uchania fragmentu bajki <strong><a href=\"https:\/\/fb.watch\/3PogvgZUOI\/\">(link)<\/a><\/strong> oraz do wykonania kolorowej pracy plastycznej.<br>Osoby zainteresowane pakietami, prosimy o wiadomo\u015b\u0107 na adres e-mail: a.kijanka@biblioteka.kolobrzeg.pl<\/p>\n\n\n<p><\/p>\n","protected":false},"excerpt":{"rendered":"<p>Serdecznie zapraszamy naszych najm\u0142odszych Czytelnik\u00f3w do wys\u0142uchania fragmentu bajki (link) oraz do wykonania kolorowej pracy plastycznej.Osoby zainteresowane pakietami, prosimy o wiadomo\u015b\u0107 na adres e-mail: a.kijanka@biblioteka.kolobrzeg.pl<\/p>\n","protected":false},"author":1,"featured_media":10871,"comment_status":"closed","ping_status":"closed","sticky":false,"template":"","format":"standard","meta":{"jetpack_post_was_ever_published":false,"_jetpack_newsletter_access":"","_jetpack_dont_email_post_to_subs":false,"_jetpack_newsletter_tier_id":0,"_jetpack_memberships_contains_paywalled_content":false,"_jetpack_memberships_contains_paid_content":false,"footnotes":"","jetpack_publicize_message":"","jetpack_publicize_feature_enabled":true,"jetpack_social_post_already_shared":true,"jetpack_social_options":{"image_generator_settings":{"template":"highway","default_image_id":0,"font":"","enabled":false},"version":2}},"categories":[1],"tags":[31,32],"class_list":["post-10870","post","type-post","status-publish","format-standard","has-post-thumbnail","hentry","category-aktualnosci","tag-bajkowe","tag-poranki"],"jetpack_publicize_connections":[],"jetpack_featured_media_url":"https:\/\/biblioteka.kolobrzeg.pl\/wp-content\/uploads\/2021\/02\/bajkowep220221.jpg","jetpack_likes_enabled":true,"jetpack_sharing_enabled":true,"_links":{"self":[{"href":"https:\/\/biblioteka.kolobrzeg.pl\/index.php\/wp-json\/wp\/v2\/posts\/10870","targetHints":{"allow":["GET"]}}],"collection":[{"href":"https:\/\/biblioteka.kolobrzeg.pl\/index.php\/wp-json\/wp\/v2\/posts"}],"about":[{"href":"https:\/\/biblioteka.kolobrzeg.pl\/index.php\/wp-json\/wp\/v2\/types\/post"}],"author":[{"embeddable":true,"href":"https:\/\/biblioteka.kolobrzeg.pl\/index.php\/wp-json\/wp\/v2\/users\/1"}],"replies":[{"embeddable":true,"href":"https:\/\/biblioteka.kolobrzeg.pl\/index.php\/wp-json\/wp\/v2\/comments?post=10870"}],"version-history":[{"count":0,"href":"https:\/\/biblioteka.kolobrzeg.pl\/index.php\/wp-json\/wp\/v2\/posts\/10870\/revisions"}],"wp:featuredmedia":[{"embeddable":true,"href":"https:\/\/biblioteka.kolobrzeg.pl\/index.php\/wp-json\/wp\/v2\/media\/10871"}],"wp:attachment":[{"href":"https:\/\/biblioteka.kolobrzeg.pl\/index.php\/wp-json\/wp\/v2\/media?parent=10870"}],"wp:term":[{"taxonomy":"category","embeddable":true,"href":"https:\/\/biblioteka.kolobrzeg.pl\/index.php\/wp-json\/wp\/v2\/categories?post=10870"},{"taxonomy":"post_tag","embeddable":true,"href":"https:\/\/biblioteka.kolobrzeg.pl\/index.php\/wp-json\/wp\/v2\/tags?post=10870"}],"curies":[{"name":"wp","href":"https:\/\/api.w.org\/{rel}","templated":true}]}}