{"id":11136,"date":"2021-06-07T15:53:18","date_gmt":"2021-06-07T13:53:18","guid":{"rendered":"https:\/\/biblioteka.kolobrzeg.pl\/?p=11136"},"modified":"2023-06-12T13:10:17","modified_gmt":"2023-06-12T11:10:17","slug":"eko-festiwal-podziekowania","status":"publish","type":"post","link":"https:\/\/biblioteka.kolobrzeg.pl\/index.php\/2021\/06\/07\/eko-festiwal-podziekowania\/","title":{"rendered":"Eko Festiwal podzi\u0119kowania"},"content":{"rendered":"<p><a href=\"https:\/\/biblioteka.kolobrzeg.pl\/wp-content\/uploads\/2021\/06\/ekofestiwal06062105.jpg\" data-rel=\"lightbox-image-0\" data-rl_title=\"\" data-rl_caption=\"\" title=\"\"><img loading=\"lazy\" decoding=\"async\" class=\"alignleft wp-image-11139 size-thumbnail\" src=\"https:\/\/biblioteka.kolobrzeg.pl\/wp-content\/uploads\/2021\/06\/ekofestiwal06062105-150x150.jpg\" alt=\"Eko Festiwal\" width=\"150\" height=\"150\" srcset=\"https:\/\/biblioteka.kolobrzeg.pl\/wp-content\/uploads\/2021\/06\/ekofestiwal06062105-150x150.jpg 150w, https:\/\/biblioteka.kolobrzeg.pl\/wp-content\/uploads\/2021\/06\/ekofestiwal06062105-144x144.jpg 144w\" sizes=\"auto, (max-width: 150px) 100vw, 150px\" \/><\/a>Za nami dwa dni Eko Festiwalu \u201eMi\u0119dzy Mostami\u201d<\/p>\n<p>Dzi\u0119kujemy Pa\u0144stwu za tak liczne przybycie, kt\u00f3re przeros\u0142o nasze naj\u015bmielsze oczekiwania \u2013 jeste\u015bmy wzruszeni i wdzi\u0119czni, \u017ce byli\u015bcie z nami!<\/p>\n<p><!--more--><\/p>\n<p>Dzi\u0119kujemy Pani Anna Mieczkowska &#8211; Prezydent Miasta Ko\u0142obrzeg za mo\u017cliwo\u015b\u0107 zorganizowania tak wspania\u0142ego wydarzenia, kt\u00f3re \u0142\u0105czy mieszka\u0144c\u00f3w Ko\u0142obrzeg.<br>Serdeczne podzi\u0119kowania przesy\u0142amy tak\u017ce Ewie i Paw\u0142owi Pi\u0105tek z Pasieka Dredziarza \u2013 nikt tak pi\u0119knie nie m\u00f3wi\u0142 o pszczo\u0142ach, jak Wy.<br>Dzi\u0119kujemy Dorota Sumi\u0144ska Fanpage, cudownej, pe\u0142nej pasji, zara\u017caj\u0105cej u\u015bmiechem polskiej pisarce i dziennikarce, kt\u00f3ra jak nikt inny rozumie zwierz\u0119ta. Dzi\u0119kujemy za napisanie ksi\u0105\u017cki \u201eDo\u015b\u0107. O zwierz\u0119tach i ludziach, b\u00f3lu, nadziei i \u015bmierci \u201d wydanej przez Wydawnictwo Literackie.<br>Dzi\u0119kujemy Lilianie \u0141osiak za profesjonalne i pe\u0142ne zaanga\u017cowania, poruszaj\u0105ce poprowadzenie spotkania autorskiego z Dorot\u0105 Sumi\u0144sk\u0105.<br>Dzi\u0119kujemy Izabeli Korpa \u2013 Jarosz za cudowne zaj\u0119cia plastyczne, Katarzynie Zieniuk &#8211; Romanowskiej za animacje oraz Joannie Kigina za bajkopisanie.<br>Dzi\u0119kujemy Adamowi Maciejewskiemu, Krzy\u015bkowi Rudnickiemu, Damianowi Sikorze, Szymonowi Jarz\u0105bek oraz Marcinowi Czelewicz z O\u2019Gry za niesamowite, pe\u0142ne wra\u017ce\u0144 gry planszowe.<\/p>\n\n\n<p>Dzi\u0119kujemy za przybycie i owocne rozmowy na Mikro forum organizacji ochrony przyrody:<\/p>\n\n\n\n<ul class=\"wp-block-list\">\n<li>Aleksandrze Kozie\u0142-Klein, Naczelnikowi Wydzia\u0142u Ochrony \u015arodowiska i Gospodarki Odpadami w Ko\u0142obrzegu<\/li>\n\n\n\n<li>J\u00f3zefowi Macko wraz z Dominik\u0105 z Port morski Ko\u0142obrzeg<\/li>\n\n\n\n<li>Wac\u0142awowi Radewiczowi, ekspertowi od drzew ko\u0142obrzeskich<\/li>\n\n\n\n<li>Katarzynie Lesner wraz z wolontariuszk\u0105 Maj\u0105 z Fundacja dla Dzikich Zwierz\u0105t Larus<\/li>\n\n\n\n<li>Barbarze G\u00f3reckiej wraz z wolontariuszk\u0105 Eliz\u0105 i nietoperzami z BAT MOM Barbara G\u00f3recka<\/li>\n\n\n\n<li>Arkadiuszowi Pluci\u0144skiemu ze Schronisko Dla Zwierz\u0105t REKS w Ko\u0142obrzegu<\/li>\n\n\n\n<li>Wandzie W\u0142adzi\u0144skiej z Drzewa Kolobrzegu<\/li>\n\n\n\n<li>Pani Basi z Wolontariusze dla bezdomnych zwierz\u0105t &#8211; Ko\u0142obrzeg<\/li>\n<\/ul>\n\n\n\n\t\t<style type=\"text\/css\">\n\t\t\t#gallery-1 {\n\t\t\t\tmargin: auto;\n\t\t\t}\n\t\t\t#gallery-1 .gallery-item {\n\t\t\t\tfloat: left;\n\t\t\t\tmargin-top: 10px;\n\t\t\t\ttext-align: center;\n\t\t\t\twidth: 16%;\n\t\t\t}\n\t\t\t#gallery-1 img {\n\t\t\t\tborder: 2px solid #cfcfcf;\n\t\t\t}\n\t\t\t#gallery-1 .gallery-caption {\n\t\t\t\tmargin-left: 0;\n\t\t\t}\n\t\t\t\/* see gallery_shortcode() in wp-includes\/media.php *\/\n\t\t<\/style>\n\t\t<div id='gallery-1' class='gallery galleryid-11136 gallery-columns-6 gallery-size-thumbnail'><dl class='gallery-item'>\n\t\t\t<dt class='gallery-icon landscape'>\n\t\t\t\t<a href='https:\/\/biblioteka.kolobrzeg.pl\/wp-content\/uploads\/2021\/06\/ekofestiwal06062102.jpg' title=\"\" data-rl_title=\"\" class=\"rl-gallery-link\" data-rl_caption=\"\" data-rel=\"lightbox-gallery-1\"><img loading=\"lazy\" decoding=\"async\" width=\"150\" height=\"150\" src=\"https:\/\/biblioteka.kolobrzeg.pl\/wp-content\/uploads\/2021\/06\/ekofestiwal06062102-150x150.jpg\" class=\"attachment-thumbnail size-thumbnail\" alt=\"Eko Festiwal\" srcset=\"https:\/\/biblioteka.kolobrzeg.pl\/wp-content\/uploads\/2021\/06\/ekofestiwal06062102-150x150.jpg 150w, https:\/\/biblioteka.kolobrzeg.pl\/wp-content\/uploads\/2021\/06\/ekofestiwal06062102-144x144.jpg 144w\" sizes=\"auto, (max-width: 150px) 100vw, 150px\" \/><\/a>\n\t\t\t<\/dt><\/dl><dl class='gallery-item'>\n\t\t\t<dt class='gallery-icon landscape'>\n\t\t\t\t<a href='https:\/\/biblioteka.kolobrzeg.pl\/wp-content\/uploads\/2021\/06\/ekofestiwal06062101.jpg' title=\"\" data-rl_title=\"\" class=\"rl-gallery-link\" data-rl_caption=\"\" data-rel=\"lightbox-gallery-1\"><img loading=\"lazy\" decoding=\"async\" width=\"150\" height=\"150\" src=\"https:\/\/biblioteka.kolobrzeg.pl\/wp-content\/uploads\/2021\/06\/ekofestiwal06062101-150x150.jpg\" class=\"attachment-thumbnail size-thumbnail\" alt=\"Eko Festiwal\" srcset=\"https:\/\/biblioteka.kolobrzeg.pl\/wp-content\/uploads\/2021\/06\/ekofestiwal06062101-150x150.jpg 150w, https:\/\/biblioteka.kolobrzeg.pl\/wp-content\/uploads\/2021\/06\/ekofestiwal06062101-144x144.jpg 144w\" sizes=\"auto, (max-width: 150px) 100vw, 150px\" \/><\/a>\n\t\t\t<\/dt><\/dl><dl class='gallery-item'>\n\t\t\t<dt class='gallery-icon landscape'>\n\t\t\t\t<a href='https:\/\/biblioteka.kolobrzeg.pl\/wp-content\/uploads\/2021\/06\/ekofestiwal06062117.jpg' title=\"\" data-rl_title=\"\" class=\"rl-gallery-link\" data-rl_caption=\"\" data-rel=\"lightbox-gallery-1\"><img loading=\"lazy\" decoding=\"async\" width=\"150\" height=\"150\" src=\"https:\/\/biblioteka.kolobrzeg.pl\/wp-content\/uploads\/2021\/06\/ekofestiwal06062117-150x150.jpg\" class=\"attachment-thumbnail size-thumbnail\" alt=\"Eko Festiwal\" srcset=\"https:\/\/biblioteka.kolobrzeg.pl\/wp-content\/uploads\/2021\/06\/ekofestiwal06062117-150x150.jpg 150w, https:\/\/biblioteka.kolobrzeg.pl\/wp-content\/uploads\/2021\/06\/ekofestiwal06062117-144x144.jpg 144w\" sizes=\"auto, (max-width: 150px) 100vw, 150px\" \/><\/a>\n\t\t\t<\/dt><\/dl><dl class='gallery-item'>\n\t\t\t<dt class='gallery-icon landscape'>\n\t\t\t\t<a href='https:\/\/biblioteka.kolobrzeg.pl\/wp-content\/uploads\/2021\/06\/ekofestiwal06062115.jpg' title=\"\" data-rl_title=\"\" class=\"rl-gallery-link\" data-rl_caption=\"\" data-rel=\"lightbox-gallery-1\"><img loading=\"lazy\" decoding=\"async\" width=\"150\" height=\"150\" src=\"https:\/\/biblioteka.kolobrzeg.pl\/wp-content\/uploads\/2021\/06\/ekofestiwal06062115-150x150.jpg\" class=\"attachment-thumbnail size-thumbnail\" alt=\"Eko Festiwal\" srcset=\"https:\/\/biblioteka.kolobrzeg.pl\/wp-content\/uploads\/2021\/06\/ekofestiwal06062115-150x150.jpg 150w, https:\/\/biblioteka.kolobrzeg.pl\/wp-content\/uploads\/2021\/06\/ekofestiwal06062115-144x144.jpg 144w\" sizes=\"auto, (max-width: 150px) 100vw, 150px\" \/><\/a>\n\t\t\t<\/dt><\/dl><dl class='gallery-item'>\n\t\t\t<dt class='gallery-icon landscape'>\n\t\t\t\t<a href='https:\/\/biblioteka.kolobrzeg.pl\/wp-content\/uploads\/2021\/06\/ekofestiwal06062114.jpg' title=\"\" data-rl_title=\"\" class=\"rl-gallery-link\" data-rl_caption=\"\" data-rel=\"lightbox-gallery-1\"><img loading=\"lazy\" decoding=\"async\" width=\"150\" height=\"150\" src=\"https:\/\/biblioteka.kolobrzeg.pl\/wp-content\/uploads\/2021\/06\/ekofestiwal06062114-150x150.jpg\" class=\"attachment-thumbnail size-thumbnail\" alt=\"Eko Festiwal\" srcset=\"https:\/\/biblioteka.kolobrzeg.pl\/wp-content\/uploads\/2021\/06\/ekofestiwal06062114-150x150.jpg 150w, https:\/\/biblioteka.kolobrzeg.pl\/wp-content\/uploads\/2021\/06\/ekofestiwal06062114-144x144.jpg 144w\" sizes=\"auto, (max-width: 150px) 100vw, 150px\" \/><\/a>\n\t\t\t<\/dt><\/dl><dl class='gallery-item'>\n\t\t\t<dt class='gallery-icon landscape'>\n\t\t\t\t<a href='https:\/\/biblioteka.kolobrzeg.pl\/wp-content\/uploads\/2021\/06\/ekofestiwal06062116.jpg' title=\"\" data-rl_title=\"\" class=\"rl-gallery-link\" data-rl_caption=\"\" data-rel=\"lightbox-gallery-1\"><img loading=\"lazy\" decoding=\"async\" width=\"150\" height=\"150\" src=\"https:\/\/biblioteka.kolobrzeg.pl\/wp-content\/uploads\/2021\/06\/ekofestiwal06062116-150x150.jpg\" class=\"attachment-thumbnail size-thumbnail\" alt=\"Eko Festiwal\" srcset=\"https:\/\/biblioteka.kolobrzeg.pl\/wp-content\/uploads\/2021\/06\/ekofestiwal06062116-150x150.jpg 150w, https:\/\/biblioteka.kolobrzeg.pl\/wp-content\/uploads\/2021\/06\/ekofestiwal06062116-144x144.jpg 144w\" sizes=\"auto, (max-width: 150px) 100vw, 150px\" \/><\/a>\n\t\t\t<\/dt><\/dl><br style=\"clear: both\" \/><dl class='gallery-item'>\n\t\t\t<dt class='gallery-icon landscape'>\n\t\t\t\t<a href='https:\/\/biblioteka.kolobrzeg.pl\/wp-content\/uploads\/2021\/06\/ekofestiwal06062108.jpg' title=\"\" data-rl_title=\"\" class=\"rl-gallery-link\" data-rl_caption=\"\" data-rel=\"lightbox-gallery-1\"><img loading=\"lazy\" decoding=\"async\" width=\"150\" height=\"150\" src=\"https:\/\/biblioteka.kolobrzeg.pl\/wp-content\/uploads\/2021\/06\/ekofestiwal06062108-150x150.jpg\" class=\"attachment-thumbnail size-thumbnail\" alt=\"Eko Festiwal\" srcset=\"https:\/\/biblioteka.kolobrzeg.pl\/wp-content\/uploads\/2021\/06\/ekofestiwal06062108-150x150.jpg 150w, https:\/\/biblioteka.kolobrzeg.pl\/wp-content\/uploads\/2021\/06\/ekofestiwal06062108-144x144.jpg 144w\" sizes=\"auto, (max-width: 150px) 100vw, 150px\" \/><\/a>\n\t\t\t<\/dt><\/dl><dl class='gallery-item'>\n\t\t\t<dt class='gallery-icon landscape'>\n\t\t\t\t<a href='https:\/\/biblioteka.kolobrzeg.pl\/wp-content\/uploads\/2021\/06\/ekofestiwal06062107.jpg' title=\"\" data-rl_title=\"\" class=\"rl-gallery-link\" data-rl_caption=\"\" data-rel=\"lightbox-gallery-1\"><img loading=\"lazy\" decoding=\"async\" width=\"150\" height=\"150\" src=\"https:\/\/biblioteka.kolobrzeg.pl\/wp-content\/uploads\/2021\/06\/ekofestiwal06062107-150x150.jpg\" class=\"attachment-thumbnail size-thumbnail\" alt=\"Eko Festiwal\" srcset=\"https:\/\/biblioteka.kolobrzeg.pl\/wp-content\/uploads\/2021\/06\/ekofestiwal06062107-150x150.jpg 150w, https:\/\/biblioteka.kolobrzeg.pl\/wp-content\/uploads\/2021\/06\/ekofestiwal06062107-144x144.jpg 144w\" sizes=\"auto, (max-width: 150px) 100vw, 150px\" \/><\/a>\n\t\t\t<\/dt><\/dl><dl class='gallery-item'>\n\t\t\t<dt class='gallery-icon landscape'>\n\t\t\t\t<a href='https:\/\/biblioteka.kolobrzeg.pl\/wp-content\/uploads\/2021\/06\/ekofestiwal06062113.jpg' title=\"\" data-rl_title=\"\" class=\"rl-gallery-link\" data-rl_caption=\"\" data-rel=\"lightbox-gallery-1\"><img loading=\"lazy\" decoding=\"async\" width=\"150\" height=\"150\" src=\"https:\/\/biblioteka.kolobrzeg.pl\/wp-content\/uploads\/2021\/06\/ekofestiwal06062113-150x150.jpg\" class=\"attachment-thumbnail size-thumbnail\" alt=\"Eko Festiwal\" srcset=\"https:\/\/biblioteka.kolobrzeg.pl\/wp-content\/uploads\/2021\/06\/ekofestiwal06062113-150x150.jpg 150w, https:\/\/biblioteka.kolobrzeg.pl\/wp-content\/uploads\/2021\/06\/ekofestiwal06062113-144x144.jpg 144w\" sizes=\"auto, (max-width: 150px) 100vw, 150px\" \/><\/a>\n\t\t\t<\/dt><\/dl><dl class='gallery-item'>\n\t\t\t<dt class='gallery-icon landscape'>\n\t\t\t\t<a href='https:\/\/biblioteka.kolobrzeg.pl\/wp-content\/uploads\/2021\/06\/ekofestiwal06062110.jpg' title=\"\" data-rl_title=\"\" class=\"rl-gallery-link\" data-rl_caption=\"\" data-rel=\"lightbox-gallery-1\"><img loading=\"lazy\" decoding=\"async\" width=\"150\" height=\"150\" src=\"https:\/\/biblioteka.kolobrzeg.pl\/wp-content\/uploads\/2021\/06\/ekofestiwal06062110-150x150.jpg\" class=\"attachment-thumbnail size-thumbnail\" alt=\"Eko Festiwal\" srcset=\"https:\/\/biblioteka.kolobrzeg.pl\/wp-content\/uploads\/2021\/06\/ekofestiwal06062110-150x150.jpg 150w, https:\/\/biblioteka.kolobrzeg.pl\/wp-content\/uploads\/2021\/06\/ekofestiwal06062110-144x144.jpg 144w\" sizes=\"auto, (max-width: 150px) 100vw, 150px\" \/><\/a>\n\t\t\t<\/dt><\/dl><dl class='gallery-item'>\n\t\t\t<dt class='gallery-icon landscape'>\n\t\t\t\t<a href='https:\/\/biblioteka.kolobrzeg.pl\/wp-content\/uploads\/2021\/06\/ekofestiwal06062111.jpg' title=\"\" data-rl_title=\"\" class=\"rl-gallery-link\" data-rl_caption=\"\" data-rel=\"lightbox-gallery-1\"><img loading=\"lazy\" decoding=\"async\" width=\"150\" height=\"150\" src=\"https:\/\/biblioteka.kolobrzeg.pl\/wp-content\/uploads\/2021\/06\/ekofestiwal06062111-150x150.jpg\" class=\"attachment-thumbnail size-thumbnail\" alt=\"Eko Festiwal\" srcset=\"https:\/\/biblioteka.kolobrzeg.pl\/wp-content\/uploads\/2021\/06\/ekofestiwal06062111-150x150.jpg 150w, https:\/\/biblioteka.kolobrzeg.pl\/wp-content\/uploads\/2021\/06\/ekofestiwal06062111-144x144.jpg 144w\" sizes=\"auto, (max-width: 150px) 100vw, 150px\" \/><\/a>\n\t\t\t<\/dt><\/dl><dl class='gallery-item'>\n\t\t\t<dt class='gallery-icon landscape'>\n\t\t\t\t<a href='https:\/\/biblioteka.kolobrzeg.pl\/wp-content\/uploads\/2021\/06\/ekofestiwal06062112.jpg' title=\"\" data-rl_title=\"\" class=\"rl-gallery-link\" data-rl_caption=\"\" data-rel=\"lightbox-gallery-1\"><img loading=\"lazy\" decoding=\"async\" width=\"150\" height=\"150\" src=\"https:\/\/biblioteka.kolobrzeg.pl\/wp-content\/uploads\/2021\/06\/ekofestiwal06062112-150x150.jpg\" class=\"attachment-thumbnail size-thumbnail\" alt=\"Eko Festiwal\" srcset=\"https:\/\/biblioteka.kolobrzeg.pl\/wp-content\/uploads\/2021\/06\/ekofestiwal06062112-150x150.jpg 150w, https:\/\/biblioteka.kolobrzeg.pl\/wp-content\/uploads\/2021\/06\/ekofestiwal06062112-144x144.jpg 144w\" sizes=\"auto, (max-width: 150px) 100vw, 150px\" \/><\/a>\n\t\t\t<\/dt><\/dl><br style=\"clear: both\" \/><dl class='gallery-item'>\n\t\t\t<dt class='gallery-icon landscape'>\n\t\t\t\t<a href='https:\/\/biblioteka.kolobrzeg.pl\/wp-content\/uploads\/2021\/06\/ekofestiwal06062106.jpg' title=\"\" data-rl_title=\"\" class=\"rl-gallery-link\" data-rl_caption=\"\" data-rel=\"lightbox-gallery-1\"><img loading=\"lazy\" decoding=\"async\" width=\"150\" height=\"150\" src=\"https:\/\/biblioteka.kolobrzeg.pl\/wp-content\/uploads\/2021\/06\/ekofestiwal06062106-150x150.jpg\" class=\"attachment-thumbnail size-thumbnail\" alt=\"Eko Festiwal\" srcset=\"https:\/\/biblioteka.kolobrzeg.pl\/wp-content\/uploads\/2021\/06\/ekofestiwal06062106-150x150.jpg 150w, https:\/\/biblioteka.kolobrzeg.pl\/wp-content\/uploads\/2021\/06\/ekofestiwal06062106-144x144.jpg 144w\" sizes=\"auto, (max-width: 150px) 100vw, 150px\" \/><\/a>\n\t\t\t<\/dt><\/dl><dl class='gallery-item'>\n\t\t\t<dt class='gallery-icon landscape'>\n\t\t\t\t<a href='https:\/\/biblioteka.kolobrzeg.pl\/wp-content\/uploads\/2021\/06\/ekofestiwal06062109.jpg' title=\"\" data-rl_title=\"\" class=\"rl-gallery-link\" data-rl_caption=\"\" data-rel=\"lightbox-gallery-1\"><img loading=\"lazy\" decoding=\"async\" width=\"150\" height=\"150\" src=\"https:\/\/biblioteka.kolobrzeg.pl\/wp-content\/uploads\/2021\/06\/ekofestiwal06062109-150x150.jpg\" class=\"attachment-thumbnail size-thumbnail\" alt=\"Eko Festiwal\" srcset=\"https:\/\/biblioteka.kolobrzeg.pl\/wp-content\/uploads\/2021\/06\/ekofestiwal06062109-150x150.jpg 150w, https:\/\/biblioteka.kolobrzeg.pl\/wp-content\/uploads\/2021\/06\/ekofestiwal06062109-144x144.jpg 144w\" sizes=\"auto, (max-width: 150px) 100vw, 150px\" \/><\/a>\n\t\t\t<\/dt><\/dl><dl class='gallery-item'>\n\t\t\t<dt class='gallery-icon landscape'>\n\t\t\t\t<a href='https:\/\/biblioteka.kolobrzeg.pl\/wp-content\/uploads\/2021\/06\/ekofestiwal06062104.jpg' title=\"\" data-rl_title=\"\" class=\"rl-gallery-link\" data-rl_caption=\"\" data-rel=\"lightbox-gallery-1\"><img loading=\"lazy\" decoding=\"async\" width=\"150\" height=\"150\" src=\"https:\/\/biblioteka.kolobrzeg.pl\/wp-content\/uploads\/2021\/06\/ekofestiwal06062104-150x150.jpg\" class=\"attachment-thumbnail size-thumbnail\" alt=\"Eko Festiwal\" srcset=\"https:\/\/biblioteka.kolobrzeg.pl\/wp-content\/uploads\/2021\/06\/ekofestiwal06062104-150x150.jpg 150w, https:\/\/biblioteka.kolobrzeg.pl\/wp-content\/uploads\/2021\/06\/ekofestiwal06062104-144x144.jpg 144w\" sizes=\"auto, (max-width: 150px) 100vw, 150px\" \/><\/a>\n\t\t\t<\/dt><\/dl><dl class='gallery-item'>\n\t\t\t<dt class='gallery-icon landscape'>\n\t\t\t\t<a href='https:\/\/biblioteka.kolobrzeg.pl\/wp-content\/uploads\/2021\/06\/ekofestiwal06062105.jpg' title=\"\" data-rl_title=\"\" class=\"rl-gallery-link\" data-rl_caption=\"\" data-rel=\"lightbox-gallery-1\"><img loading=\"lazy\" decoding=\"async\" width=\"150\" height=\"150\" src=\"https:\/\/biblioteka.kolobrzeg.pl\/wp-content\/uploads\/2021\/06\/ekofestiwal06062105-150x150.jpg\" class=\"attachment-thumbnail size-thumbnail\" alt=\"Eko Festiwal\" srcset=\"https:\/\/biblioteka.kolobrzeg.pl\/wp-content\/uploads\/2021\/06\/ekofestiwal06062105-150x150.jpg 150w, https:\/\/biblioteka.kolobrzeg.pl\/wp-content\/uploads\/2021\/06\/ekofestiwal06062105-144x144.jpg 144w\" sizes=\"auto, (max-width: 150px) 100vw, 150px\" \/><\/a>\n\t\t\t<\/dt><\/dl><dl class='gallery-item'>\n\t\t\t<dt class='gallery-icon landscape'>\n\t\t\t\t<a href='https:\/\/biblioteka.kolobrzeg.pl\/wp-content\/uploads\/2021\/06\/ekofestiwal06062103.jpg' title=\"\" data-rl_title=\"\" class=\"rl-gallery-link\" data-rl_caption=\"\" data-rel=\"lightbox-gallery-1\"><img loading=\"lazy\" decoding=\"async\" width=\"150\" height=\"150\" src=\"https:\/\/biblioteka.kolobrzeg.pl\/wp-content\/uploads\/2021\/06\/ekofestiwal06062103-150x150.jpg\" class=\"attachment-thumbnail size-thumbnail\" alt=\"Eko Festiwal\" srcset=\"https:\/\/biblioteka.kolobrzeg.pl\/wp-content\/uploads\/2021\/06\/ekofestiwal06062103-150x150.jpg 150w, https:\/\/biblioteka.kolobrzeg.pl\/wp-content\/uploads\/2021\/06\/ekofestiwal06062103-144x144.jpg 144w\" sizes=\"auto, (max-width: 150px) 100vw, 150px\" \/><\/a>\n\t\t\t<\/dt><\/dl>\n\t\t\t<br style='clear: both' \/>\n\t\t<\/div>\n","protected":false},"excerpt":{"rendered":"<p>Za nami dwa dni Eko Festiwalu \u201eMi\u0119dzy Mostami\u201d Dzi\u0119kujemy Pa\u0144stwu za tak liczne przybycie, kt\u00f3re przeros\u0142o nasze naj\u015bmielsze oczekiwania \u2013 jeste\u015bmy wzruszeni i wdzi\u0119czni, \u017ce byli\u015bcie z nami!<\/p><p><a class=\"more-link block-button\" href=\"https:\/\/biblioteka.kolobrzeg.pl\/index.php\/2021\/06\/07\/eko-festiwal-podziekowania\/\">Kontynuuj czytanie &raquo;<\/a><\/p>\n","protected":false},"author":1,"featured_media":11139,"comment_status":"closed","ping_status":"closed","sticky":false,"template":"","format":"standard","meta":{"jetpack_post_was_ever_published":false,"_jetpack_newsletter_access":"","_jetpack_dont_email_post_to_subs":false,"_jetpack_newsletter_tier_id":0,"_jetpack_memberships_contains_paywalled_content":false,"_jetpack_memberships_contains_paid_content":false,"footnotes":"","jetpack_publicize_message":"","jetpack_publicize_feature_enabled":true,"jetpack_social_post_already_shared":true,"jetpack_social_options":{"image_generator_settings":{"template":"highway","default_image_id":0,"font":"","enabled":false},"version":2}},"categories":[1,540,21],"tags":[],"class_list":["post-11136","post","type-post","status-publish","format-standard","has-post-thumbnail","hentry","category-aktualnosci","category-eko-festiwal","category-spotkania"],"jetpack_publicize_connections":[],"jetpack_featured_media_url":"https:\/\/biblioteka.kolobrzeg.pl\/wp-content\/uploads\/2021\/06\/ekofestiwal06062105.jpg","jetpack_likes_enabled":true,"jetpack_sharing_enabled":true,"_links":{"self":[{"href":"https:\/\/biblioteka.kolobrzeg.pl\/index.php\/wp-json\/wp\/v2\/posts\/11136","targetHints":{"allow":["GET"]}}],"collection":[{"href":"https:\/\/biblioteka.kolobrzeg.pl\/index.php\/wp-json\/wp\/v2\/posts"}],"about":[{"href":"https:\/\/biblioteka.kolobrzeg.pl\/index.php\/wp-json\/wp\/v2\/types\/post"}],"author":[{"embeddable":true,"href":"https:\/\/biblioteka.kolobrzeg.pl\/index.php\/wp-json\/wp\/v2\/users\/1"}],"replies":[{"embeddable":true,"href":"https:\/\/biblioteka.kolobrzeg.pl\/index.php\/wp-json\/wp\/v2\/comments?post=11136"}],"version-history":[{"count":0,"href":"https:\/\/biblioteka.kolobrzeg.pl\/index.php\/wp-json\/wp\/v2\/posts\/11136\/revisions"}],"wp:featuredmedia":[{"embeddable":true,"href":"https:\/\/biblioteka.kolobrzeg.pl\/index.php\/wp-json\/wp\/v2\/media\/11139"}],"wp:attachment":[{"href":"https:\/\/biblioteka.kolobrzeg.pl\/index.php\/wp-json\/wp\/v2\/media?parent=11136"}],"wp:term":[{"taxonomy":"category","embeddable":true,"href":"https:\/\/biblioteka.kolobrzeg.pl\/index.php\/wp-json\/wp\/v2\/categories?post=11136"},{"taxonomy":"post_tag","embeddable":true,"href":"https:\/\/biblioteka.kolobrzeg.pl\/index.php\/wp-json\/wp\/v2\/tags?post=11136"}],"curies":[{"name":"wp","href":"https:\/\/api.w.org\/{rel}","templated":true}]}}