{"id":11231,"date":"2021-08-03T15:28:33","date_gmt":"2021-08-03T13:28:33","guid":{"rendered":"https:\/\/biblioteka.kolobrzeg.pl\/?p=11231"},"modified":"2021-09-07T15:15:09","modified_gmt":"2021-09-07T13:15:09","slug":"ksiazka-miesiaca-ibuk-libra-53","status":"publish","type":"post","link":"https:\/\/biblioteka.kolobrzeg.pl\/index.php\/2021\/08\/03\/ksiazka-miesiaca-ibuk-libra-53\/","title":{"rendered":"Ksi\u0105\u017cka miesi\u0105ca IBuk Libra"},"content":{"rendered":"\n<p><a href=\"https:\/\/biblioteka.kolobrzeg.pl\/wp-content\/uploads\/2021\/08\/ibuk082021.jpg\" data-rel=\"lightbox-image-0\" data-rl_title=\"\" data-rl_caption=\"\" title=\"\"><img loading=\"lazy\" decoding=\"async\" class=\"alignleft wp-image-10960\" src=\"https:\/\/biblioteka.kolobrzeg.pl\/wp-content\/uploads\/2021\/08\/ibuk082021.jpg\" alt=\"IBuk Libra ksi\u0105\u017cka miesi\u0105ca\" width=\"96\" height=\"150\"><\/a>Ksi\u0105\u017ck\u0105 sierpnia w IBUKU Librze zostaje tytu\u0142: <strong><strong>Ekoturystyka, <\/strong><\/strong>autorstwa Dominiki Zar\u0119by.<\/p>\n\n\n<p>Ksi\u0105\u017cka podejmuje bardzo aktualny problem rozwoju turystyki jako ga\u0142\u0119zi gospodarki w powi\u0105zaniu z ochron\u0105 \u015brodowiska przyrodniczego. G\u0142\u00f3wnym jej za\u0142o\u017ceniem jest propagowanie turystyki zr\u00f3wnowa\u017conej, usi\u0142uj\u0105cej godzi\u0107 sprzeczne interesy turysty, kt\u00f3ry pragnie przebywa\u0107 w \u015brodowisku przyrodniczym jak najmniej zdegradowanym, a jednocze\u015bnie sam to \u015brodowisko niszczy, zar\u00f3wno bezpo\u015brednio, jak i wymagaj\u0105c coraz liczniejszych udogodnie\u0144 cywilizacyjnych \u2013 dr\u00f3g, hoteli itp.<!--more--><\/p>\n\n\n<p>Ksi\u0105\u017cka napisana przyst\u0119pnie, z du\u017c\u0105 znajomo\u015bci\u0105 przedmiotu i osobistym zaanga\u017cowaniem. Podano w niej liczne przyk\u0142ady rozwi\u0105za\u0144 proekologicznych w turystyce krajowej i zagranicznej.<\/p>\n\n\n\n<p>Pozycja przeznaczona dla student\u00f3w i wyk\u0142adowc\u00f3w na kierunkach turystyka i rekreacja, geografia, ochrona \u015brodowiska oraz akademii rolniczych i ekonomicznych, na kt\u00f3rych omawiane s\u0105 zagadnienia ekoturystyki.<\/p>\n\n\n\n<p><strong>Ksi\u0105\u017cka dost\u0119pna jako prezent do 31 sierpnia 2021 roku.<\/strong><\/p>\n\n\n\n<p>Zach\u0119camy do lektury!<br><a href=\"http:\/\/libra.ibuk.pl\/\">http:\/\/libra.ibuk.pl\/<\/a><\/p>\n\n\n\n<p>Przypominamy, aby otrzyma\u0107 kod PIN umo\u017cliwiaj\u0105cy darmowy, ca\u0142oroczny dost\u0119p do ksi\u0105\u017cek elektronicznych w domu nale\u017cy napisa\u0107 e-maila na adres (ibukkg@biblioteka.kolobrzeg.pl) podaj\u0105c swoje imi\u0119, nazwisko oraz numer karty bibliotecznej.<\/p>\n","protected":false},"excerpt":{"rendered":"<p>Ksi\u0105\u017ck\u0105 sierpnia w IBUKU Librze zostaje tytu\u0142: Ekoturystyka, autorstwa Dominiki Zar\u0119by. Ksi\u0105\u017cka podejmuje bardzo aktualny problem rozwoju turystyki jako ga\u0142\u0119zi gospodarki w powi\u0105zaniu z ochron\u0105 \u015brodowiska przyrodniczego. G\u0142\u00f3wnym jej za\u0142o\u017ceniem jest propagowanie turystyki zr\u00f3wnowa\u017conej, usi\u0142uj\u0105cej godzi\u0107 sprzeczne interesy turysty, kt\u00f3ry pragnie przebywa\u0107 w \u015brodowisku przyrodniczym jak najmniej zdegradowanym, a jednocze\u015bnie sam to \u015brodowisko niszczy, zar\u00f3wno &hellip; <\/p>\n<p><a class=\"more-link block-button\" href=\"https:\/\/biblioteka.kolobrzeg.pl\/index.php\/2021\/08\/03\/ksiazka-miesiaca-ibuk-libra-53\/\">Kontynuuj czytanie &raquo;<\/a><\/p>\n","protected":false},"author":1,"featured_media":11235,"comment_status":"closed","ping_status":"closed","sticky":false,"template":"","format":"standard","meta":{"jetpack_post_was_ever_published":false,"_jetpack_newsletter_access":"","_jetpack_dont_email_post_to_subs":false,"_jetpack_newsletter_tier_id":0,"_jetpack_memberships_contains_paywalled_content":false,"_jetpack_memberships_contains_paid_content":false,"footnotes":"","jetpack_publicize_message":"","jetpack_publicize_feature_enabled":true,"jetpack_social_post_already_shared":true,"jetpack_social_options":{"image_generator_settings":{"template":"highway","default_image_id":0,"font":"","enabled":false},"version":2}},"categories":[1],"tags":[67,69,68,70],"class_list":["post-11231","post","type-post","status-publish","format-standard","has-post-thumbnail","hentry","category-aktualnosci","tag-ibuk","tag-ksiazka","tag-libra","tag-miesiaca"],"jetpack_publicize_connections":[],"jetpack_featured_media_url":"https:\/\/biblioteka.kolobrzeg.pl\/wp-content\/uploads\/2021\/08\/ibuk082021.jpg","jetpack_likes_enabled":true,"jetpack_sharing_enabled":true,"_links":{"self":[{"href":"https:\/\/biblioteka.kolobrzeg.pl\/index.php\/wp-json\/wp\/v2\/posts\/11231","targetHints":{"allow":["GET"]}}],"collection":[{"href":"https:\/\/biblioteka.kolobrzeg.pl\/index.php\/wp-json\/wp\/v2\/posts"}],"about":[{"href":"https:\/\/biblioteka.kolobrzeg.pl\/index.php\/wp-json\/wp\/v2\/types\/post"}],"author":[{"embeddable":true,"href":"https:\/\/biblioteka.kolobrzeg.pl\/index.php\/wp-json\/wp\/v2\/users\/1"}],"replies":[{"embeddable":true,"href":"https:\/\/biblioteka.kolobrzeg.pl\/index.php\/wp-json\/wp\/v2\/comments?post=11231"}],"version-history":[{"count":0,"href":"https:\/\/biblioteka.kolobrzeg.pl\/index.php\/wp-json\/wp\/v2\/posts\/11231\/revisions"}],"wp:featuredmedia":[{"embeddable":true,"href":"https:\/\/biblioteka.kolobrzeg.pl\/index.php\/wp-json\/wp\/v2\/media\/11235"}],"wp:attachment":[{"href":"https:\/\/biblioteka.kolobrzeg.pl\/index.php\/wp-json\/wp\/v2\/media?parent=11231"}],"wp:term":[{"taxonomy":"category","embeddable":true,"href":"https:\/\/biblioteka.kolobrzeg.pl\/index.php\/wp-json\/wp\/v2\/categories?post=11231"},{"taxonomy":"post_tag","embeddable":true,"href":"https:\/\/biblioteka.kolobrzeg.pl\/index.php\/wp-json\/wp\/v2\/tags?post=11231"}],"curies":[{"name":"wp","href":"https:\/\/api.w.org\/{rel}","templated":true}]}}