{"id":1231,"date":"2016-11-29T11:10:44","date_gmt":"2016-11-29T10:10:44","guid":{"rendered":"http:\/\/biblioteka.kolobrzeg.pl\/?p=1231"},"modified":"2016-11-30T14:02:48","modified_gmt":"2016-11-30T13:02:48","slug":"informacja","status":"publish","type":"post","link":"https:\/\/biblioteka.kolobrzeg.pl\/index.php\/2016\/11\/29\/informacja\/","title":{"rendered":"Z \u017calem \u017cegnamy nasz\u0105 kole\u017cank\u0119"},"content":{"rendered":"<p><a href=\"http:\/\/biblioteka.kolobrzeg.pl\/wp-content\/uploads\/2016\/11\/malgosiawojtaluk.jpg\" data-rel=\"lightbox-image-0\" data-rl_title=\"\" data-rl_caption=\"\" title=\"\"><img loading=\"lazy\" decoding=\"async\" class=\"alignleft wp-image-1246\" src=\"http:\/\/biblioteka.kolobrzeg.pl\/wp-content\/uploads\/2016\/11\/malgosiawojtaluk-239x300.jpg\" alt=\"Ma\u0142gorzata Wojtaluk\" width=\"135\" height=\"170\" srcset=\"https:\/\/biblioteka.kolobrzeg.pl\/wp-content\/uploads\/2016\/11\/malgosiawojtaluk-239x300.jpg 239w, https:\/\/biblioteka.kolobrzeg.pl\/wp-content\/uploads\/2016\/11\/malgosiawojtaluk.jpg 401w\" sizes=\"auto, (max-width: 135px) 100vw, 135px\" \/><\/a>Z g\u0142\u0119bokim \u017calem \u017cegnamy nasz\u0105 kole\u017cank\u0119 i przyjaci\u00f3\u0142k\u0119.<\/p>\n<h1 style=\"text-align: left;\"><strong>Ma\u0142gorzata Wojtaluk<br \/>\n<\/strong><\/h1>\n<h4 style=\"text-align: left;\"><strong>(1970-2016)<\/strong><\/h4>\n<p style=\"padding-left: 120px;\"><em>Nie umiera ten, kto trwa<br \/>\nw sercach i pami\u0119ci naszej\u2026<\/em><\/p>\n<p><!--more--><\/p>\n<p>&nbsp;<\/p>\n<p>Ma\u0142gorzata Wojtaluk swoj\u0105 pierwsz\u0105 prac\u0119 rozpocz\u0119\u0142a w Miejskim O\u015brodku Kultury (1994), jako instruktor ds. m\u0142odzie\u017cy w \u015bwietlicy osiedlowej. Rok p\u00f3\u017aniej zatrudni\u0142a si\u0119 w Miejskiej Bibliotece Publicznej w Ko\u0142obrzegu.<br \/>\nZ ko\u0144cem 2015 roku obj\u0119\u0142a stanowisko kierownika Gminnej Biblioteki Publicznej w Siemy\u015blu.<\/p>\n<p>W okresie 20 lat pracy w Miejskiej Bibliotece Publicznej w Ko\u0142obrzegu oraz 15 lat na rzecz Stowarzyszenia Bibliotekarzy Polskich by\u0142a inicjatork\u0105 i wsp\u00f3\u0142organizatork\u0105 licznych dzia\u0142a\u0144 kulturalno-edukacyjnych: \u201eBajkowe Poranki\u201d (cykliczne spotkania z dzie\u0107mi dla dzieci w wieku 2-5 lat z aktywnym udzia\u0142em opiekun\u00f3w); \u201eSpotkania z literatur\u0105\u201d (pomys\u0142 na zaj\u0119cia propaguj\u0105ce literatur\u0119 dzieci\u0119c\u0105\u00a0 skierowany do grup przedszkolnych oraz do dzieci m\u0142odszych klas szk\u00f3\u0142 podstawowych); propagowania literatury w\u015br\u00f3d najm\u0142odszych (wizyty w przedszkolach) oraz poprzez zabaw\u0119; autork\u0105 licznych pomys\u0142\u00f3w do zaj\u0119\u0107 z dzie\u0107mi, w szczeg\u00f3lno\u015bci podczas wypoczynku letniego i zimowego (programy ferii i wakacji z ksi\u0105\u017ck\u0105).<br \/>\nJej ulubion\u0105 form\u0105 pracy z dzie\u0107mi by\u0142a nauka poprzez zabaw\u0119 oraz kr\u00f3tkie inscenizacje teatralne przygotowywane przez dzieci pod jej kierunkiem. Zainicjowa\u0142a wsp\u00f3\u0142prac\u0119 Biblioteki z podopiecznymi O\u015brodka Szkolno-Wychowawczego \u201eOkruszek\u201d oraz O\u015brodka Edukacyjno-Rechabilitacyjno-Wychowawczego w Ko\u0142obrzegu, kt\u00f3rej celem by\u0142o wsparcie rozwoju dziecka niepe\u0142nosprawnego poprzez kontakt z ksi\u0105\u017ck\u0105.<br \/>\nJej zaanga\u017cowanie i dzia\u0142ania w zakresie upowszechniania czytelnictwa zosta\u0142y uhonorowane Srebrn\u0105 Odznak\u0105 Honorow\u0105 Gryfa Zachodniopomorskiego w 2008 roku oraz Odznak\u0105 Honorow\u0105 \u201eZas\u0142u\u017cony Dla Kultury Polskiej\u201d wr\u0119czon\u0105 przez wicewojewod\u0119 zachodniopomorskiego Marka Subocza podczas 70-lecia Miejskiej Biblioteki Publicznej w Ko\u0142obrzegu 21 pa\u017adziernika 2016 r.<br \/>\nW 2011 roku uzyska\u0142a tytu\u0142 \u201eBibliotekarz Roku 2010\u201d w wojew\u00f3dztwie zachodniopomorskim i zosta\u0142a nominowana do konkursu\u00a0 og\u00f3lnopolskiego.<\/p>\n","protected":false},"excerpt":{"rendered":"<p>Z g\u0142\u0119bokim \u017calem \u017cegnamy nasz\u0105 kole\u017cank\u0119 i przyjaci\u00f3\u0142k\u0119. Ma\u0142gorzata Wojtaluk (1970-2016) Nie umiera ten, kto trwa w sercach i pami\u0119ci naszej\u2026<\/p><p><a class=\"more-link block-button\" href=\"https:\/\/biblioteka.kolobrzeg.pl\/index.php\/2016\/11\/29\/informacja\/\">Kontynuuj czytanie &raquo;<\/a><\/p>\n","protected":false},"author":1,"featured_media":1246,"comment_status":"closed","ping_status":"closed","sticky":false,"template":"","format":"standard","meta":{"jetpack_post_was_ever_published":false,"_jetpack_newsletter_access":"","_jetpack_dont_email_post_to_subs":false,"_jetpack_newsletter_tier_id":0,"_jetpack_memberships_contains_paywalled_content":false,"_jetpack_memberships_contains_paid_content":false,"footnotes":"","jetpack_publicize_message":"","jetpack_publicize_feature_enabled":true,"jetpack_social_post_already_shared":false,"jetpack_social_options":{"image_generator_settings":{"template":"highway","default_image_id":0,"font":"","enabled":false},"version":2}},"categories":[1],"tags":[75,76],"class_list":["post-1231","post","type-post","status-publish","format-standard","has-post-thumbnail","hentry","category-aktualnosci","tag-malgorzata","tag-wojtaluk"],"jetpack_publicize_connections":[],"jetpack_featured_media_url":"https:\/\/biblioteka.kolobrzeg.pl\/wp-content\/uploads\/2016\/11\/malgosiawojtaluk.jpg","jetpack_likes_enabled":true,"jetpack_sharing_enabled":true,"_links":{"self":[{"href":"https:\/\/biblioteka.kolobrzeg.pl\/index.php\/wp-json\/wp\/v2\/posts\/1231","targetHints":{"allow":["GET"]}}],"collection":[{"href":"https:\/\/biblioteka.kolobrzeg.pl\/index.php\/wp-json\/wp\/v2\/posts"}],"about":[{"href":"https:\/\/biblioteka.kolobrzeg.pl\/index.php\/wp-json\/wp\/v2\/types\/post"}],"author":[{"embeddable":true,"href":"https:\/\/biblioteka.kolobrzeg.pl\/index.php\/wp-json\/wp\/v2\/users\/1"}],"replies":[{"embeddable":true,"href":"https:\/\/biblioteka.kolobrzeg.pl\/index.php\/wp-json\/wp\/v2\/comments?post=1231"}],"version-history":[{"count":0,"href":"https:\/\/biblioteka.kolobrzeg.pl\/index.php\/wp-json\/wp\/v2\/posts\/1231\/revisions"}],"wp:featuredmedia":[{"embeddable":true,"href":"https:\/\/biblioteka.kolobrzeg.pl\/index.php\/wp-json\/wp\/v2\/media\/1246"}],"wp:attachment":[{"href":"https:\/\/biblioteka.kolobrzeg.pl\/index.php\/wp-json\/wp\/v2\/media?parent=1231"}],"wp:term":[{"taxonomy":"category","embeddable":true,"href":"https:\/\/biblioteka.kolobrzeg.pl\/index.php\/wp-json\/wp\/v2\/categories?post=1231"},{"taxonomy":"post_tag","embeddable":true,"href":"https:\/\/biblioteka.kolobrzeg.pl\/index.php\/wp-json\/wp\/v2\/tags?post=1231"}],"curies":[{"name":"wp","href":"https:\/\/api.w.org\/{rel}","templated":true}]}}