{"id":1523,"date":"2017-01-11T15:07:33","date_gmt":"2017-01-11T14:07:33","guid":{"rendered":"http:\/\/biblioteka.kolobrzeg.pl\/?p=1523"},"modified":"2017-01-18T14:10:36","modified_gmt":"2017-01-18T13:10:36","slug":"odbedzie-sie-odwolane-wczesniej-spotkanie-autorskie-z-dr-hieronimem-kroczynskim","status":"publish","type":"post","link":"https:\/\/biblioteka.kolobrzeg.pl\/index.php\/2017\/01\/11\/odbedzie-sie-odwolane-wczesniej-spotkanie-autorskie-z-dr-hieronimem-kroczynskim\/","title":{"rendered":"Odb\u0119dzie si\u0119 odwo\u0142ane wcze\u015bniej spotkanie autorskie z dr Hieronimem Kroczy\u0144skim."},"content":{"rendered":"<p><a href=\"http:\/\/biblioteka.kolobrzeg.pl\/wp-content\/uploads\/2016\/12\/spotkaniekroczynski2912161.jpg\" data-rel=\"lightbox-image-0\" data-rl_title=\"\" data-rl_caption=\"\" title=\"\"><img loading=\"lazy\" decoding=\"async\" class=\"alignleft wp-image-1445\" src=\"http:\/\/biblioteka.kolobrzeg.pl\/wp-content\/uploads\/2016\/12\/spotkaniekroczynski2912161.jpg\" alt=\"Ok\u0142adka ksi\u0105\u017cki Ko\u0142obrzeg dawniej\" width=\"101\" height=\"150\" \/><\/a>Odwo\u0142ane wcze\u015bniej spotkanie z autorem nowej ko\u0142obrzeskiej publikacji \u201eKo\u0142obrzeg dawniej\u201d dr Hieronimem Kroczy\u0144skim oraz wydawc\u0105 red. Kazimierzem Ratajczykiem, odb\u0119dzie si\u0119 w Bibliotece <strong>26.01.2017 r.<\/strong> o godz. <strong>17.00<\/strong>. Wst\u0119p wolny.<\/p>\n<p>Podczas spotkania b\u0119dzie mo\u017cna naby\u0107 ksi\u0105\u017ck\u0119 oraz uzyska\u0107 autograf autora.<\/p>\n<p>Organizator: Biblioteka Miejska oraz Wydawnictwo Reda<\/p>\n","protected":false},"excerpt":{"rendered":"<p>Odwo\u0142ane wcze\u015bniej spotkanie z autorem nowej ko\u0142obrzeskiej publikacji \u201eKo\u0142obrzeg dawniej\u201d dr Hieronimem Kroczy\u0144skim oraz wydawc\u0105 red. Kazimierzem Ratajczykiem, odb\u0119dzie si\u0119 w Bibliotece 26.01.2017 r. o godz. 17.00. Wst\u0119p wolny. Podczas spotkania b\u0119dzie mo\u017cna naby\u0107 ksi\u0105\u017ck\u0119 oraz uzyska\u0107 autograf autora. Organizator: Biblioteka Miejska oraz Wydawnictwo Reda<\/p>\n","protected":false},"author":1,"featured_media":1445,"comment_status":"closed","ping_status":"closed","sticky":false,"template":"","format":"standard","meta":{"jetpack_post_was_ever_published":false,"_jetpack_newsletter_access":"","_jetpack_dont_email_post_to_subs":false,"_jetpack_newsletter_tier_id":0,"_jetpack_memberships_contains_paywalled_content":false,"_jetpack_memberships_contains_paid_content":false,"footnotes":"","jetpack_publicize_message":"","jetpack_publicize_feature_enabled":true,"jetpack_social_post_already_shared":false,"jetpack_social_options":{"image_generator_settings":{"template":"highway","default_image_id":0,"font":"","enabled":false},"version":2}},"categories":[1,21],"tags":[37,87,88,30],"class_list":["post-1523","post","type-post","status-publish","format-standard","has-post-thumbnail","hentry","category-aktualnosci","category-spotkania","tag-autorskie","tag-hieronim","tag-kroczynski","tag-spotkanie"],"jetpack_publicize_connections":[],"jetpack_featured_media_url":"https:\/\/biblioteka.kolobrzeg.pl\/wp-content\/uploads\/2016\/12\/spotkaniekroczynski2912161.jpg","jetpack_likes_enabled":true,"jetpack_sharing_enabled":true,"_links":{"self":[{"href":"https:\/\/biblioteka.kolobrzeg.pl\/index.php\/wp-json\/wp\/v2\/posts\/1523","targetHints":{"allow":["GET"]}}],"collection":[{"href":"https:\/\/biblioteka.kolobrzeg.pl\/index.php\/wp-json\/wp\/v2\/posts"}],"about":[{"href":"https:\/\/biblioteka.kolobrzeg.pl\/index.php\/wp-json\/wp\/v2\/types\/post"}],"author":[{"embeddable":true,"href":"https:\/\/biblioteka.kolobrzeg.pl\/index.php\/wp-json\/wp\/v2\/users\/1"}],"replies":[{"embeddable":true,"href":"https:\/\/biblioteka.kolobrzeg.pl\/index.php\/wp-json\/wp\/v2\/comments?post=1523"}],"version-history":[{"count":0,"href":"https:\/\/biblioteka.kolobrzeg.pl\/index.php\/wp-json\/wp\/v2\/posts\/1523\/revisions"}],"wp:featuredmedia":[{"embeddable":true,"href":"https:\/\/biblioteka.kolobrzeg.pl\/index.php\/wp-json\/wp\/v2\/media\/1445"}],"wp:attachment":[{"href":"https:\/\/biblioteka.kolobrzeg.pl\/index.php\/wp-json\/wp\/v2\/media?parent=1523"}],"wp:term":[{"taxonomy":"category","embeddable":true,"href":"https:\/\/biblioteka.kolobrzeg.pl\/index.php\/wp-json\/wp\/v2\/categories?post=1523"},{"taxonomy":"post_tag","embeddable":true,"href":"https:\/\/biblioteka.kolobrzeg.pl\/index.php\/wp-json\/wp\/v2\/tags?post=1523"}],"curies":[{"name":"wp","href":"https:\/\/api.w.org\/{rel}","templated":true}]}}