{"id":1631,"date":"2017-01-01T19:42:13","date_gmt":"2017-01-01T18:42:13","guid":{"rendered":"http:\/\/biblioteka.kolobrzeg.pl\/?p=1631"},"modified":"2018-01-11T16:37:14","modified_gmt":"2018-01-11T15:37:14","slug":"2017","status":"publish","type":"post","link":"https:\/\/biblioteka.kolobrzeg.pl\/index.php\/2017\/01\/01\/2017\/","title":{"rendered":"2017"},"content":{"rendered":"<p>Biblioteka uzyska\u0142a dofinansowanie Gminy Miasto Ko\u0142obrzeg w ramach Miejskiego Programu Profilaktyki i Rozwi\u0105zywania Problem\u00f3w Alkoholowych \u2013 na cykl imprez pod nazw\u0105 \u201eBiblioteka bezpieczna i przyjazna dziecku 2017\u201d (12400,00z\u0142)<!--more--><\/p>\n<p>W ramach zadania odby\u0142y si\u0119 334 godziny zaj\u0119\u0107 ; 7059 uczestnik\u00f3w, m.in: 4 konkursy (113 uczestnik\u00f3w; 34 przyznane nagr\u00f3d i wyr\u00f3\u017cnienia); 12 spotka\u0144 autorskich;536 uczestnik\u00f3w;9 pogadanek i wyk\u0142ad\u00f3w; 42 lekcje biblioteczne; 41 zaj\u0119\u0107 plastycznych; 7 wystaw; 10 przedstawie\u0144 i spektakli teatralnych; 209 innych zaj\u0119\u0107 (w tym m.in. zaj\u0119cia biblioterapeutyczne, gry i zabawy, g\u0142o\u015bne czytania; bajkowe poranki, spotkania z literatur\u0105, zaj\u0119cia komputerowe).<\/p>\n<p>Zorganizowano m.in.:<\/p>\n<p>\u2022 Ferie zimowe<br \/>\n\u2022 Konkursy: literacki i plastyczny \u201ePrzygody Pippi\u201d<br \/>\n\u2022 Spektakl e teatralne : Bajki z malowanej skrzyni oraz Czerwony Kapturek &#8211; Teatr W\u0142adca Lalek ; Przygody Alladyna- Teatr Fantazja; Pinokio \u2013 Teatr Blaszany B\u0119benek; Czas Czarodziej oraz Tu\u017c za pasem \u015bwi\u0119ta \u2013 Teatr Gwitajcie; Bezpieczny \u015awiat \u2013 Teatr Urwis; Cyberpu\u0142apka \u2013 Teatr Edu-Artis;<br \/>\n\u2022 Przedstawienia teatralne profilaktyczne uczni\u00f3w Zespo\u0142u Szk\u00f3\u0142 nr 2 \u201ePokonamy fale\u201d<br \/>\n\u2022 Bal w Krainie Lodu \u2013 z okazji Dnia Dziecka &#8211; Agencja Artystyczna Mayol<br \/>\n\u2022 Spotkania autorskie z: Krzysztofem Petkiem; Grzegorzem Kasdepke; Joann\u0105 Olech; Agnieszk\u0105 Fr\u0105czek; Barbar\u0105 Szczepa\u0144sk\u0105; Emilem Wittem; Ann\u0105 Czerwi\u0144sk\u0105-Rydel; Jackiem \u0141api\u0144skim<br \/>\n\u2022 Wakacje bez nudy : m.in. wycieczka do Wydawnictwa Kamera; zwiedzanie wystawy Eureka<br \/>\n\u2022 konkurs fotograficzny dla m\u0142odzie\u017cy \u201eHumor w obiektywie\u201d<br \/>\n\u2022 Biblioteczna Akademia dzieci\u0119ca: Bajkowe poranki \u2013 spotkania organizowane dla dzieci w wieku 2-5 lat; Literackie \u015brody- zaj\u0119cia oko\u0142oksi\u0105\u017ckowe ; Artystyczne czwartki- zaj\u0119cia manualno-plastyczne<br \/>\n\u2022 Spotkania z literatur\u0105 \u2013 zaj\u0119cia biblioteczno-literackie<br \/>\n\u2022 Bezpieczne dziecko \u2013 zaj\u0119cia edukacyjne o bezpiecze\u0144stwie ; Wycieczka do Policji; Dzie\u0144 bezpiecznego Internetu<br \/>\n\u2022 Zaj\u0119cia biblioterapeutyczne : Jak radzi\u0107 sobie ze z\u0142o\u015bci\u0105 \u201eW krainie smok\u00f3w\u201d; o tym co mo\u017cesz da\u0107 drugiemu cz\u0142owiekowi samemu nie trac\u0105c niczego \u201eCiep\u0142e i puchate\u201d; \u201ePrawa Dziecka\u201d<\/p>\n","protected":false},"excerpt":{"rendered":"<p>Biblioteka uzyska\u0142a dofinansowanie Gminy Miasto Ko\u0142obrzeg w ramach Miejskiego Programu Profilaktyki i Rozwi\u0105zywania Problem\u00f3w Alkoholowych \u2013 na cykl imprez pod nazw\u0105 \u201eBiblioteka bezpieczna i przyjazna dziecku 2017\u201d (12400,00z\u0142)<\/p><p><a class=\"more-link block-button\" href=\"https:\/\/biblioteka.kolobrzeg.pl\/index.php\/2017\/01\/01\/2017\/\">Kontynuuj czytanie &raquo;<\/a><\/p>\n","protected":false},"author":1,"featured_media":0,"comment_status":"closed","ping_status":"closed","sticky":false,"template":"","format":"standard","meta":{"jetpack_post_was_ever_published":false,"_jetpack_newsletter_access":"","_jetpack_dont_email_post_to_subs":false,"_jetpack_newsletter_tier_id":0,"_jetpack_memberships_contains_paywalled_content":false,"_jetpack_memberships_contains_paid_content":false,"footnotes":"","jetpack_publicize_message":"","jetpack_publicize_feature_enabled":true,"jetpack_social_post_already_shared":false,"jetpack_social_options":{"image_generator_settings":{"template":"highway","default_image_id":0,"font":"","enabled":false},"version":2}},"categories":[16],"tags":[],"class_list":["post-1631","post","type-post","status-publish","format-standard","hentry","category-mppirpa"],"jetpack_publicize_connections":[],"jetpack_featured_media_url":"","jetpack_likes_enabled":true,"jetpack_sharing_enabled":true,"_links":{"self":[{"href":"https:\/\/biblioteka.kolobrzeg.pl\/index.php\/wp-json\/wp\/v2\/posts\/1631","targetHints":{"allow":["GET"]}}],"collection":[{"href":"https:\/\/biblioteka.kolobrzeg.pl\/index.php\/wp-json\/wp\/v2\/posts"}],"about":[{"href":"https:\/\/biblioteka.kolobrzeg.pl\/index.php\/wp-json\/wp\/v2\/types\/post"}],"author":[{"embeddable":true,"href":"https:\/\/biblioteka.kolobrzeg.pl\/index.php\/wp-json\/wp\/v2\/users\/1"}],"replies":[{"embeddable":true,"href":"https:\/\/biblioteka.kolobrzeg.pl\/index.php\/wp-json\/wp\/v2\/comments?post=1631"}],"version-history":[{"count":0,"href":"https:\/\/biblioteka.kolobrzeg.pl\/index.php\/wp-json\/wp\/v2\/posts\/1631\/revisions"}],"wp:attachment":[{"href":"https:\/\/biblioteka.kolobrzeg.pl\/index.php\/wp-json\/wp\/v2\/media?parent=1631"}],"wp:term":[{"taxonomy":"category","embeddable":true,"href":"https:\/\/biblioteka.kolobrzeg.pl\/index.php\/wp-json\/wp\/v2\/categories?post=1631"},{"taxonomy":"post_tag","embeddable":true,"href":"https:\/\/biblioteka.kolobrzeg.pl\/index.php\/wp-json\/wp\/v2\/tags?post=1631"}],"curies":[{"name":"wp","href":"https:\/\/api.w.org\/{rel}","templated":true}]}}