{"id":1727,"date":"2017-02-27T12:22:21","date_gmt":"2017-02-27T11:22:21","guid":{"rendered":"http:\/\/biblioteka.kolobrzeg.pl\/?p=1727"},"modified":"2017-03-14T16:37:10","modified_gmt":"2017-03-14T15:37:10","slug":"wystawa","status":"publish","type":"post","link":"https:\/\/biblioteka.kolobrzeg.pl\/index.php\/2017\/02\/27\/wystawa\/","title":{"rendered":"Wystawa"},"content":{"rendered":"<p><a href=\"http:\/\/biblioteka.kolobrzeg.pl\/wp-content\/uploads\/2017\/02\/wystawa022017.jpg\" data-rel=\"lightbox-image-0\" data-rl_title=\"\" data-rl_caption=\"\" title=\"\"><img loading=\"lazy\" decoding=\"async\" class=\"alignleft wp-image-1728\" src=\"http:\/\/biblioteka.kolobrzeg.pl\/wp-content\/uploads\/2017\/02\/wystawa022017.jpg\" alt=\"Wystawa plakat\" width=\"106\" height=\"150\" srcset=\"https:\/\/biblioteka.kolobrzeg.pl\/wp-content\/uploads\/2017\/02\/wystawa022017.jpg 423w, https:\/\/biblioteka.kolobrzeg.pl\/wp-content\/uploads\/2017\/02\/wystawa022017-213x300.jpg 213w\" sizes=\"auto, (max-width: 106px) 100vw, 106px\" \/><\/a>Zapraszamy na wystaw\u0119 \u201e<strong>Na tropie\u2026 powie\u015bci kryminalnej<\/strong>\u201d (budynek przy ul. J. Frankowskiego 3)<!--more--><\/p>\n<p>\u201ePowie\u015b\u0107 kryminalna to najbardziej znany gatunek literatury popularnej. Narodzi\u0142 si\u0119 na prze\u0142omie XIX i XX w. wraz z gwa\u0142townym rozwojem prasy oraz drukowanymi na jej \u0142amach powie\u015bciami sensacyjnymi w odcinkach. [\u2026]<\/p>\n<p>Na naszej wystawie prezentujemy klasyk\u00f3w gatunku, do kt\u00f3rych zaliczamy takich pisarzy brytyjskich jak: <strong>Artur Conan Doyle<\/strong> i <strong>Agatha Christie<\/strong>, francuskiego tw\u00f3rc\u0119 <strong>Maurice\u2019 a Leblanca<\/strong> i belgijskiego powie\u015bciopisarza <strong>Georga Simenona<\/strong>. Spo\u015br\u00f3d polskich pisarzy warto zwr\u00f3ci\u0107 uwag\u0119 na tw\u00f3rczo\u015b\u0107:<strong> Joe Alexa<\/strong> (w\u0142a\u015bc. Maciej S\u0142omczy\u0144ski),<strong> Joanny Chmielewskiej<\/strong> oraz<strong> Zbigniewa Nienackiego<\/strong>.\u201d<\/p>\n<p>Ekspozycj\u0119 \u201e<strong>Na tropie\u2026 powie\u015bci kryminalnej<\/strong>\u201d mo\u017cna ogl\u0105da\u0107 w Bibliotece przy ul. J. Frankowskiego 3 (I pi\u0119tro).<\/p>\n<h6>Wystawa wypo\u017cyczona z Ksi\u0105\u017cnicy Pomorskiej im. Stanis\u0142awa Staszica w Szczecinie. Opracowanie tekst\u00f3w: Aleksandra Szpunar, Ma\u0142gorzata Wi\u015bniewska, opracowanie plastyczne: Hanna D\u0105browska, opracowanie graficzne i sk\u0142ad: Andrzej Zajda<\/h6>\n","protected":false},"excerpt":{"rendered":"<p>Zapraszamy na wystaw\u0119 \u201eNa tropie\u2026 powie\u015bci kryminalnej\u201d (budynek przy ul. J. Frankowskiego 3)<\/p><p><a class=\"more-link block-button\" href=\"https:\/\/biblioteka.kolobrzeg.pl\/index.php\/2017\/02\/27\/wystawa\/\">Kontynuuj czytanie &raquo;<\/a><\/p>\n","protected":false},"author":1,"featured_media":1728,"comment_status":"closed","ping_status":"closed","sticky":false,"template":"","format":"standard","meta":{"jetpack_post_was_ever_published":false,"_jetpack_newsletter_access":"","_jetpack_dont_email_post_to_subs":true,"_jetpack_newsletter_tier_id":0,"_jetpack_memberships_contains_paywalled_content":false,"_jetpack_memberships_contains_paid_content":false,"footnotes":"","jetpack_publicize_message":"","jetpack_publicize_feature_enabled":true,"jetpack_social_post_already_shared":true,"jetpack_social_options":{"image_generator_settings":{"template":"highway","default_image_id":0,"font":"","enabled":false},"version":2}},"categories":[22],"tags":[91,71],"class_list":["post-1727","post","type-post","status-publish","format-standard","has-post-thumbnail","hentry","category-wystawy","tag-91","tag-wystawa"],"jetpack_publicize_connections":[],"jetpack_featured_media_url":"https:\/\/biblioteka.kolobrzeg.pl\/wp-content\/uploads\/2017\/02\/wystawa022017.jpg","jetpack_likes_enabled":true,"jetpack_sharing_enabled":true,"_links":{"self":[{"href":"https:\/\/biblioteka.kolobrzeg.pl\/index.php\/wp-json\/wp\/v2\/posts\/1727","targetHints":{"allow":["GET"]}}],"collection":[{"href":"https:\/\/biblioteka.kolobrzeg.pl\/index.php\/wp-json\/wp\/v2\/posts"}],"about":[{"href":"https:\/\/biblioteka.kolobrzeg.pl\/index.php\/wp-json\/wp\/v2\/types\/post"}],"author":[{"embeddable":true,"href":"https:\/\/biblioteka.kolobrzeg.pl\/index.php\/wp-json\/wp\/v2\/users\/1"}],"replies":[{"embeddable":true,"href":"https:\/\/biblioteka.kolobrzeg.pl\/index.php\/wp-json\/wp\/v2\/comments?post=1727"}],"version-history":[{"count":0,"href":"https:\/\/biblioteka.kolobrzeg.pl\/index.php\/wp-json\/wp\/v2\/posts\/1727\/revisions"}],"wp:featuredmedia":[{"embeddable":true,"href":"https:\/\/biblioteka.kolobrzeg.pl\/index.php\/wp-json\/wp\/v2\/media\/1728"}],"wp:attachment":[{"href":"https:\/\/biblioteka.kolobrzeg.pl\/index.php\/wp-json\/wp\/v2\/media?parent=1727"}],"wp:term":[{"taxonomy":"category","embeddable":true,"href":"https:\/\/biblioteka.kolobrzeg.pl\/index.php\/wp-json\/wp\/v2\/categories?post=1727"},{"taxonomy":"post_tag","embeddable":true,"href":"https:\/\/biblioteka.kolobrzeg.pl\/index.php\/wp-json\/wp\/v2\/tags?post=1727"}],"curies":[{"name":"wp","href":"https:\/\/api.w.org\/{rel}","templated":true}]}}