{"id":1790,"date":"2017-02-23T15:55:29","date_gmt":"2017-02-23T14:55:29","guid":{"rendered":"http:\/\/biblioteka.kolobrzeg.pl\/?p=1790"},"modified":"2017-02-24T14:25:15","modified_gmt":"2017-02-24T13:25:15","slug":"teatralna-przygoda-w-bibliotece","status":"publish","type":"post","link":"https:\/\/biblioteka.kolobrzeg.pl\/index.php\/2017\/02\/23\/teatralna-przygoda-w-bibliotece\/","title":{"rendered":"Teatralna przygoda w Bibliotece"},"content":{"rendered":"<p><a href=\"http:\/\/biblioteka.kolobrzeg.pl\/wp-content\/uploads\/2017\/02\/spektakl2202174.jpg\" data-rel=\"lightbox-image-0\" data-rl_title=\"\" data-rl_caption=\"\" title=\"\"><img loading=\"lazy\" decoding=\"async\" class=\"wp-image-1804 size-thumbnail alignleft\" src=\"http:\/\/biblioteka.kolobrzeg.pl\/wp-content\/uploads\/2017\/02\/spektakl2202174-150x150.jpg\" alt=\"Spektakl w Bibliotece\" width=\"150\" height=\"150\" srcset=\"https:\/\/biblioteka.kolobrzeg.pl\/wp-content\/uploads\/2017\/02\/spektakl2202174-150x150.jpg 150w, https:\/\/biblioteka.kolobrzeg.pl\/wp-content\/uploads\/2017\/02\/spektakl2202174-144x144.jpg 144w\" sizes=\"auto, (max-width: 150px) 100vw, 150px\" \/><\/a> Przygody Alladyna &#8211; interaktywna bajka o przyja\u017ani i w\u0119dr\u00f3wce\u00a0 w wykonaniu Teatru Fantazja, okaza\u0142a si\u0119 dobrym pomys\u0142em na feryjne zaj\u0119cia, zorganizowane 22.02 w ramach programu Biblioteka bezpieczna i przyjazna dziecku 2017. <!--more-->Nie najgorszy humor towarzyszy\u0142 dzieciom tak\u017ce podczas p\u00f3\u017aniejszego zwiedzania zakamark\u00f3w biblioteki oraz rozta\u0144czonej imprezy karnawa\u0142owej.<\/p>\n<h6>Zadanie dofinansowa\u0142a Gmina Miasto Ko\u0142obrzeg ze \u015brodk\u00f3w MPPiRPA .<\/h6>\n<p>&nbsp;<\/p>\n<p>&nbsp;<\/p>\n<p>&nbsp;<\/p>\n\n\t\t<style type=\"text\/css\">\n\t\t\t#gallery-1 {\n\t\t\t\tmargin: auto;\n\t\t\t}\n\t\t\t#gallery-1 .gallery-item {\n\t\t\t\tfloat: left;\n\t\t\t\tmargin-top: 10px;\n\t\t\t\ttext-align: center;\n\t\t\t\twidth: 16%;\n\t\t\t}\n\t\t\t#gallery-1 img {\n\t\t\t\tborder: 2px solid #cfcfcf;\n\t\t\t}\n\t\t\t#gallery-1 .gallery-caption {\n\t\t\t\tmargin-left: 0;\n\t\t\t}\n\t\t\t\/* see gallery_shortcode() in wp-includes\/media.php *\/\n\t\t<\/style>\n\t\t<div id='gallery-1' class='gallery galleryid-1790 gallery-columns-6 gallery-size-thumbnail'><dl class='gallery-item'>\n\t\t\t<dt class='gallery-icon landscape'>\n\t\t\t\t<a href='https:\/\/biblioteka.kolobrzeg.pl\/wp-content\/uploads\/2017\/02\/spektakl2202178.jpg' title=\"\" data-rl_title=\"\" class=\"rl-gallery-link\" data-rl_caption=\"\" data-rel=\"lightbox-gallery-1\"><img loading=\"lazy\" decoding=\"async\" width=\"150\" height=\"150\" src=\"https:\/\/biblioteka.kolobrzeg.pl\/wp-content\/uploads\/2017\/02\/spektakl2202178-150x150.jpg\" class=\"attachment-thumbnail size-thumbnail\" alt=\"Spektakl w Bibliotece\" srcset=\"https:\/\/biblioteka.kolobrzeg.pl\/wp-content\/uploads\/2017\/02\/spektakl2202178-150x150.jpg 150w, https:\/\/biblioteka.kolobrzeg.pl\/wp-content\/uploads\/2017\/02\/spektakl2202178-144x144.jpg 144w\" sizes=\"auto, (max-width: 150px) 100vw, 150px\" \/><\/a>\n\t\t\t<\/dt><\/dl><dl class='gallery-item'>\n\t\t\t<dt class='gallery-icon landscape'>\n\t\t\t\t<a href='https:\/\/biblioteka.kolobrzeg.pl\/wp-content\/uploads\/2017\/02\/spektakl2202179.jpg' title=\"\" data-rl_title=\"\" class=\"rl-gallery-link\" data-rl_caption=\"\" data-rel=\"lightbox-gallery-1\"><img loading=\"lazy\" decoding=\"async\" width=\"150\" height=\"150\" src=\"https:\/\/biblioteka.kolobrzeg.pl\/wp-content\/uploads\/2017\/02\/spektakl2202179-150x150.jpg\" class=\"attachment-thumbnail size-thumbnail\" alt=\"Spektakl w Bibliotece\" srcset=\"https:\/\/biblioteka.kolobrzeg.pl\/wp-content\/uploads\/2017\/02\/spektakl2202179-150x150.jpg 150w, https:\/\/biblioteka.kolobrzeg.pl\/wp-content\/uploads\/2017\/02\/spektakl2202179-144x144.jpg 144w\" sizes=\"auto, (max-width: 150px) 100vw, 150px\" \/><\/a>\n\t\t\t<\/dt><\/dl><dl class='gallery-item'>\n\t\t\t<dt class='gallery-icon landscape'>\n\t\t\t\t<a href='https:\/\/biblioteka.kolobrzeg.pl\/wp-content\/uploads\/2017\/02\/spektakl22021710.jpg' title=\"\" data-rl_title=\"\" class=\"rl-gallery-link\" data-rl_caption=\"\" data-rel=\"lightbox-gallery-1\"><img loading=\"lazy\" decoding=\"async\" width=\"150\" height=\"150\" src=\"https:\/\/biblioteka.kolobrzeg.pl\/wp-content\/uploads\/2017\/02\/spektakl22021710-150x150.jpg\" class=\"attachment-thumbnail size-thumbnail\" alt=\"Spektakl w Bibliotece\" srcset=\"https:\/\/biblioteka.kolobrzeg.pl\/wp-content\/uploads\/2017\/02\/spektakl22021710-150x150.jpg 150w, https:\/\/biblioteka.kolobrzeg.pl\/wp-content\/uploads\/2017\/02\/spektakl22021710-144x144.jpg 144w\" sizes=\"auto, (max-width: 150px) 100vw, 150px\" \/><\/a>\n\t\t\t<\/dt><\/dl><dl class='gallery-item'>\n\t\t\t<dt class='gallery-icon landscape'>\n\t\t\t\t<a href='https:\/\/biblioteka.kolobrzeg.pl\/wp-content\/uploads\/2017\/02\/spektakl22021711.jpg' title=\"\" data-rl_title=\"\" class=\"rl-gallery-link\" data-rl_caption=\"\" data-rel=\"lightbox-gallery-1\"><img loading=\"lazy\" decoding=\"async\" width=\"150\" height=\"150\" src=\"https:\/\/biblioteka.kolobrzeg.pl\/wp-content\/uploads\/2017\/02\/spektakl22021711-150x150.jpg\" class=\"attachment-thumbnail size-thumbnail\" alt=\"Spektakl w Bibliotece\" srcset=\"https:\/\/biblioteka.kolobrzeg.pl\/wp-content\/uploads\/2017\/02\/spektakl22021711-150x150.jpg 150w, https:\/\/biblioteka.kolobrzeg.pl\/wp-content\/uploads\/2017\/02\/spektakl22021711-144x144.jpg 144w\" sizes=\"auto, (max-width: 150px) 100vw, 150px\" \/><\/a>\n\t\t\t<\/dt><\/dl><dl class='gallery-item'>\n\t\t\t<dt class='gallery-icon landscape'>\n\t\t\t\t<a href='https:\/\/biblioteka.kolobrzeg.pl\/wp-content\/uploads\/2017\/02\/spektakl22021712.jpg' title=\"\" data-rl_title=\"\" class=\"rl-gallery-link\" data-rl_caption=\"\" data-rel=\"lightbox-gallery-1\"><img loading=\"lazy\" decoding=\"async\" width=\"150\" height=\"150\" src=\"https:\/\/biblioteka.kolobrzeg.pl\/wp-content\/uploads\/2017\/02\/spektakl22021712-150x150.jpg\" class=\"attachment-thumbnail size-thumbnail\" alt=\"Spektakl w Bibliotece\" srcset=\"https:\/\/biblioteka.kolobrzeg.pl\/wp-content\/uploads\/2017\/02\/spektakl22021712-150x150.jpg 150w, https:\/\/biblioteka.kolobrzeg.pl\/wp-content\/uploads\/2017\/02\/spektakl22021712-144x144.jpg 144w\" sizes=\"auto, (max-width: 150px) 100vw, 150px\" \/><\/a>\n\t\t\t<\/dt><\/dl><dl class='gallery-item'>\n\t\t\t<dt class='gallery-icon landscape'>\n\t\t\t\t<a href='https:\/\/biblioteka.kolobrzeg.pl\/wp-content\/uploads\/2017\/02\/spektakl22021713.jpg' title=\"\" data-rl_title=\"\" class=\"rl-gallery-link\" data-rl_caption=\"\" data-rel=\"lightbox-gallery-1\"><img loading=\"lazy\" decoding=\"async\" width=\"150\" height=\"150\" src=\"https:\/\/biblioteka.kolobrzeg.pl\/wp-content\/uploads\/2017\/02\/spektakl22021713-150x150.jpg\" class=\"attachment-thumbnail size-thumbnail\" alt=\"Spektakl w Bibliotece\" srcset=\"https:\/\/biblioteka.kolobrzeg.pl\/wp-content\/uploads\/2017\/02\/spektakl22021713-150x150.jpg 150w, https:\/\/biblioteka.kolobrzeg.pl\/wp-content\/uploads\/2017\/02\/spektakl22021713-144x144.jpg 144w\" sizes=\"auto, (max-width: 150px) 100vw, 150px\" \/><\/a>\n\t\t\t<\/dt><\/dl><br style=\"clear: both\" \/><dl class='gallery-item'>\n\t\t\t<dt class='gallery-icon landscape'>\n\t\t\t\t<a href='https:\/\/biblioteka.kolobrzeg.pl\/wp-content\/uploads\/2017\/02\/spektakl22021714.jpg' title=\"\" data-rl_title=\"\" class=\"rl-gallery-link\" data-rl_caption=\"\" data-rel=\"lightbox-gallery-1\"><img loading=\"lazy\" decoding=\"async\" width=\"150\" height=\"150\" src=\"https:\/\/biblioteka.kolobrzeg.pl\/wp-content\/uploads\/2017\/02\/spektakl22021714-150x150.jpg\" class=\"attachment-thumbnail size-thumbnail\" alt=\"Spektakl w Bibliotece\" srcset=\"https:\/\/biblioteka.kolobrzeg.pl\/wp-content\/uploads\/2017\/02\/spektakl22021714-150x150.jpg 150w, https:\/\/biblioteka.kolobrzeg.pl\/wp-content\/uploads\/2017\/02\/spektakl22021714-144x144.jpg 144w\" sizes=\"auto, (max-width: 150px) 100vw, 150px\" \/><\/a>\n\t\t\t<\/dt><\/dl><dl class='gallery-item'>\n\t\t\t<dt class='gallery-icon landscape'>\n\t\t\t\t<a href='https:\/\/biblioteka.kolobrzeg.pl\/wp-content\/uploads\/2017\/02\/spektakl22021715.jpg' title=\"\" data-rl_title=\"\" class=\"rl-gallery-link\" data-rl_caption=\"\" data-rel=\"lightbox-gallery-1\"><img loading=\"lazy\" decoding=\"async\" width=\"150\" height=\"150\" src=\"https:\/\/biblioteka.kolobrzeg.pl\/wp-content\/uploads\/2017\/02\/spektakl22021715-150x150.jpg\" class=\"attachment-thumbnail size-thumbnail\" alt=\"Spektakl w Bibliotece\" srcset=\"https:\/\/biblioteka.kolobrzeg.pl\/wp-content\/uploads\/2017\/02\/spektakl22021715-150x150.jpg 150w, https:\/\/biblioteka.kolobrzeg.pl\/wp-content\/uploads\/2017\/02\/spektakl22021715-144x144.jpg 144w\" sizes=\"auto, (max-width: 150px) 100vw, 150px\" \/><\/a>\n\t\t\t<\/dt><\/dl><dl class='gallery-item'>\n\t\t\t<dt class='gallery-icon landscape'>\n\t\t\t\t<a href='https:\/\/biblioteka.kolobrzeg.pl\/wp-content\/uploads\/2017\/02\/spektakl22021716.jpg' title=\"\" data-rl_title=\"\" class=\"rl-gallery-link\" data-rl_caption=\"\" data-rel=\"lightbox-gallery-1\"><img loading=\"lazy\" decoding=\"async\" width=\"150\" height=\"150\" src=\"https:\/\/biblioteka.kolobrzeg.pl\/wp-content\/uploads\/2017\/02\/spektakl22021716-150x150.jpg\" class=\"attachment-thumbnail size-thumbnail\" alt=\"Spektakl w Bibliotece\" srcset=\"https:\/\/biblioteka.kolobrzeg.pl\/wp-content\/uploads\/2017\/02\/spektakl22021716-150x150.jpg 150w, https:\/\/biblioteka.kolobrzeg.pl\/wp-content\/uploads\/2017\/02\/spektakl22021716-144x144.jpg 144w\" sizes=\"auto, (max-width: 150px) 100vw, 150px\" \/><\/a>\n\t\t\t<\/dt><\/dl><dl class='gallery-item'>\n\t\t\t<dt class='gallery-icon landscape'>\n\t\t\t\t<a href='https:\/\/biblioteka.kolobrzeg.pl\/wp-content\/uploads\/2017\/02\/spektakl22021717.jpg' title=\"\" data-rl_title=\"\" class=\"rl-gallery-link\" data-rl_caption=\"\" data-rel=\"lightbox-gallery-1\"><img loading=\"lazy\" decoding=\"async\" width=\"150\" height=\"150\" src=\"https:\/\/biblioteka.kolobrzeg.pl\/wp-content\/uploads\/2017\/02\/spektakl22021717-150x150.jpg\" class=\"attachment-thumbnail size-thumbnail\" alt=\"Spektakl w Bibliotece\" srcset=\"https:\/\/biblioteka.kolobrzeg.pl\/wp-content\/uploads\/2017\/02\/spektakl22021717-150x150.jpg 150w, https:\/\/biblioteka.kolobrzeg.pl\/wp-content\/uploads\/2017\/02\/spektakl22021717-144x144.jpg 144w\" sizes=\"auto, (max-width: 150px) 100vw, 150px\" \/><\/a>\n\t\t\t<\/dt><\/dl><dl class='gallery-item'>\n\t\t\t<dt class='gallery-icon landscape'>\n\t\t\t\t<a href='https:\/\/biblioteka.kolobrzeg.pl\/wp-content\/uploads\/2017\/02\/spektakl2202171.jpg' title=\"\" data-rl_title=\"\" class=\"rl-gallery-link\" data-rl_caption=\"\" data-rel=\"lightbox-gallery-1\"><img loading=\"lazy\" decoding=\"async\" width=\"150\" height=\"150\" src=\"https:\/\/biblioteka.kolobrzeg.pl\/wp-content\/uploads\/2017\/02\/spektakl2202171-150x150.jpg\" class=\"attachment-thumbnail size-thumbnail\" alt=\"Spektakl w Bibliotece\" srcset=\"https:\/\/biblioteka.kolobrzeg.pl\/wp-content\/uploads\/2017\/02\/spektakl2202171-150x150.jpg 150w, https:\/\/biblioteka.kolobrzeg.pl\/wp-content\/uploads\/2017\/02\/spektakl2202171-144x144.jpg 144w\" sizes=\"auto, (max-width: 150px) 100vw, 150px\" \/><\/a>\n\t\t\t<\/dt><\/dl><dl class='gallery-item'>\n\t\t\t<dt class='gallery-icon landscape'>\n\t\t\t\t<a href='https:\/\/biblioteka.kolobrzeg.pl\/wp-content\/uploads\/2017\/02\/spektakl2202172.jpg' title=\"\" data-rl_title=\"\" class=\"rl-gallery-link\" data-rl_caption=\"\" data-rel=\"lightbox-gallery-1\"><img loading=\"lazy\" decoding=\"async\" width=\"150\" height=\"150\" src=\"https:\/\/biblioteka.kolobrzeg.pl\/wp-content\/uploads\/2017\/02\/spektakl2202172-150x150.jpg\" class=\"attachment-thumbnail size-thumbnail\" alt=\"Spektakl w Bibliotece\" srcset=\"https:\/\/biblioteka.kolobrzeg.pl\/wp-content\/uploads\/2017\/02\/spektakl2202172-150x150.jpg 150w, https:\/\/biblioteka.kolobrzeg.pl\/wp-content\/uploads\/2017\/02\/spektakl2202172-144x144.jpg 144w\" sizes=\"auto, (max-width: 150px) 100vw, 150px\" \/><\/a>\n\t\t\t<\/dt><\/dl><br style=\"clear: both\" \/><dl class='gallery-item'>\n\t\t\t<dt class='gallery-icon landscape'>\n\t\t\t\t<a href='https:\/\/biblioteka.kolobrzeg.pl\/wp-content\/uploads\/2017\/02\/spektakl2202173.jpg' title=\"\" data-rl_title=\"\" class=\"rl-gallery-link\" data-rl_caption=\"\" data-rel=\"lightbox-gallery-1\"><img loading=\"lazy\" decoding=\"async\" width=\"150\" height=\"150\" src=\"https:\/\/biblioteka.kolobrzeg.pl\/wp-content\/uploads\/2017\/02\/spektakl2202173-150x150.jpg\" class=\"attachment-thumbnail size-thumbnail\" alt=\"Spektakl w Bibliotece\" srcset=\"https:\/\/biblioteka.kolobrzeg.pl\/wp-content\/uploads\/2017\/02\/spektakl2202173-150x150.jpg 150w, https:\/\/biblioteka.kolobrzeg.pl\/wp-content\/uploads\/2017\/02\/spektakl2202173-144x144.jpg 144w\" sizes=\"auto, (max-width: 150px) 100vw, 150px\" \/><\/a>\n\t\t\t<\/dt><\/dl><dl class='gallery-item'>\n\t\t\t<dt class='gallery-icon landscape'>\n\t\t\t\t<a href='https:\/\/biblioteka.kolobrzeg.pl\/wp-content\/uploads\/2017\/02\/spektakl2202174.jpg' title=\"\" data-rl_title=\"\" class=\"rl-gallery-link\" data-rl_caption=\"\" data-rel=\"lightbox-gallery-1\"><img loading=\"lazy\" decoding=\"async\" width=\"150\" height=\"150\" src=\"https:\/\/biblioteka.kolobrzeg.pl\/wp-content\/uploads\/2017\/02\/spektakl2202174-150x150.jpg\" class=\"attachment-thumbnail size-thumbnail\" alt=\"Spektakl w Bibliotece\" srcset=\"https:\/\/biblioteka.kolobrzeg.pl\/wp-content\/uploads\/2017\/02\/spektakl2202174-150x150.jpg 150w, https:\/\/biblioteka.kolobrzeg.pl\/wp-content\/uploads\/2017\/02\/spektakl2202174-144x144.jpg 144w\" sizes=\"auto, (max-width: 150px) 100vw, 150px\" \/><\/a>\n\t\t\t<\/dt><\/dl><dl class='gallery-item'>\n\t\t\t<dt class='gallery-icon landscape'>\n\t\t\t\t<a href='https:\/\/biblioteka.kolobrzeg.pl\/wp-content\/uploads\/2017\/02\/spektakl2202175.jpg' title=\"\" data-rl_title=\"\" class=\"rl-gallery-link\" data-rl_caption=\"\" data-rel=\"lightbox-gallery-1\"><img loading=\"lazy\" decoding=\"async\" width=\"150\" height=\"150\" src=\"https:\/\/biblioteka.kolobrzeg.pl\/wp-content\/uploads\/2017\/02\/spektakl2202175-150x150.jpg\" class=\"attachment-thumbnail size-thumbnail\" alt=\"Spektakl w Bibliotece\" srcset=\"https:\/\/biblioteka.kolobrzeg.pl\/wp-content\/uploads\/2017\/02\/spektakl2202175-150x150.jpg 150w, https:\/\/biblioteka.kolobrzeg.pl\/wp-content\/uploads\/2017\/02\/spektakl2202175-144x144.jpg 144w\" sizes=\"auto, (max-width: 150px) 100vw, 150px\" \/><\/a>\n\t\t\t<\/dt><\/dl><dl class='gallery-item'>\n\t\t\t<dt class='gallery-icon landscape'>\n\t\t\t\t<a href='https:\/\/biblioteka.kolobrzeg.pl\/wp-content\/uploads\/2017\/02\/spektakl2202176.jpg' title=\"\" data-rl_title=\"\" class=\"rl-gallery-link\" data-rl_caption=\"\" data-rel=\"lightbox-gallery-1\"><img loading=\"lazy\" decoding=\"async\" width=\"150\" height=\"150\" src=\"https:\/\/biblioteka.kolobrzeg.pl\/wp-content\/uploads\/2017\/02\/spektakl2202176-150x150.jpg\" class=\"attachment-thumbnail size-thumbnail\" alt=\"Spektakl w Bibliotece\" srcset=\"https:\/\/biblioteka.kolobrzeg.pl\/wp-content\/uploads\/2017\/02\/spektakl2202176-150x150.jpg 150w, https:\/\/biblioteka.kolobrzeg.pl\/wp-content\/uploads\/2017\/02\/spektakl2202176-144x144.jpg 144w\" sizes=\"auto, (max-width: 150px) 100vw, 150px\" \/><\/a>\n\t\t\t<\/dt><\/dl><dl class='gallery-item'>\n\t\t\t<dt class='gallery-icon landscape'>\n\t\t\t\t<a href='https:\/\/biblioteka.kolobrzeg.pl\/wp-content\/uploads\/2017\/02\/spektakl2202177.jpg' title=\"\" data-rl_title=\"\" class=\"rl-gallery-link\" data-rl_caption=\"\" data-rel=\"lightbox-gallery-1\"><img loading=\"lazy\" decoding=\"async\" width=\"150\" height=\"150\" src=\"https:\/\/biblioteka.kolobrzeg.pl\/wp-content\/uploads\/2017\/02\/spektakl2202177-150x150.jpg\" class=\"attachment-thumbnail size-thumbnail\" alt=\"Spektakl w Bibliotece\" srcset=\"https:\/\/biblioteka.kolobrzeg.pl\/wp-content\/uploads\/2017\/02\/spektakl2202177-150x150.jpg 150w, https:\/\/biblioteka.kolobrzeg.pl\/wp-content\/uploads\/2017\/02\/spektakl2202177-144x144.jpg 144w\" sizes=\"auto, (max-width: 150px) 100vw, 150px\" \/><\/a>\n\t\t\t<\/dt><\/dl>\n\t\t\t<br style='clear: both' \/>\n\t\t<\/div>\n\n","protected":false},"excerpt":{"rendered":"<p>Przygody Alladyna &#8211; interaktywna bajka o przyja\u017ani i w\u0119dr\u00f3wce\u00a0 w wykonaniu Teatru Fantazja, okaza\u0142a si\u0119 dobrym pomys\u0142em na feryjne zaj\u0119cia, zorganizowane 22.02 w ramach programu Biblioteka bezpieczna i przyjazna dziecku 2017.<\/p><p><a class=\"more-link block-button\" href=\"https:\/\/biblioteka.kolobrzeg.pl\/index.php\/2017\/02\/23\/teatralna-przygoda-w-bibliotece\/\">Kontynuuj czytanie &raquo;<\/a><\/p>\n","protected":false},"author":1,"featured_media":1804,"comment_status":"closed","ping_status":"closed","sticky":false,"template":"","format":"standard","meta":{"jetpack_post_was_ever_published":false,"_jetpack_newsletter_access":"","_jetpack_dont_email_post_to_subs":true,"_jetpack_newsletter_tier_id":0,"_jetpack_memberships_contains_paywalled_content":false,"_jetpack_memberships_contains_paid_content":false,"footnotes":"","jetpack_publicize_message":"","jetpack_publicize_feature_enabled":true,"jetpack_social_post_already_shared":true,"jetpack_social_options":{"image_generator_settings":{"template":"highway","default_image_id":0,"font":"","enabled":false},"version":2}},"categories":[1],"tags":[91,33,45,99,77],"class_list":["post-1790","post","type-post","status-publish","format-standard","has-post-thumbnail","hentry","category-aktualnosci","tag-91","tag-biblioteka","tag-dzieci","tag-ferie","tag-spektakl"],"jetpack_publicize_connections":[],"jetpack_featured_media_url":"https:\/\/biblioteka.kolobrzeg.pl\/wp-content\/uploads\/2017\/02\/spektakl2202174.jpg","jetpack_likes_enabled":true,"jetpack_sharing_enabled":true,"_links":{"self":[{"href":"https:\/\/biblioteka.kolobrzeg.pl\/index.php\/wp-json\/wp\/v2\/posts\/1790","targetHints":{"allow":["GET"]}}],"collection":[{"href":"https:\/\/biblioteka.kolobrzeg.pl\/index.php\/wp-json\/wp\/v2\/posts"}],"about":[{"href":"https:\/\/biblioteka.kolobrzeg.pl\/index.php\/wp-json\/wp\/v2\/types\/post"}],"author":[{"embeddable":true,"href":"https:\/\/biblioteka.kolobrzeg.pl\/index.php\/wp-json\/wp\/v2\/users\/1"}],"replies":[{"embeddable":true,"href":"https:\/\/biblioteka.kolobrzeg.pl\/index.php\/wp-json\/wp\/v2\/comments?post=1790"}],"version-history":[{"count":0,"href":"https:\/\/biblioteka.kolobrzeg.pl\/index.php\/wp-json\/wp\/v2\/posts\/1790\/revisions"}],"wp:featuredmedia":[{"embeddable":true,"href":"https:\/\/biblioteka.kolobrzeg.pl\/index.php\/wp-json\/wp\/v2\/media\/1804"}],"wp:attachment":[{"href":"https:\/\/biblioteka.kolobrzeg.pl\/index.php\/wp-json\/wp\/v2\/media?parent=1790"}],"wp:term":[{"taxonomy":"category","embeddable":true,"href":"https:\/\/biblioteka.kolobrzeg.pl\/index.php\/wp-json\/wp\/v2\/categories?post=1790"},{"taxonomy":"post_tag","embeddable":true,"href":"https:\/\/biblioteka.kolobrzeg.pl\/index.php\/wp-json\/wp\/v2\/tags?post=1790"}],"curies":[{"name":"wp","href":"https:\/\/api.w.org\/{rel}","templated":true}]}}