{"id":2348,"date":"2017-05-04T19:11:41","date_gmt":"2017-05-04T17:11:41","guid":{"rendered":"https:\/\/biblioteka.kolobrzeg.pl\/?p=2348"},"modified":"2017-05-04T19:12:38","modified_gmt":"2017-05-04T17:12:38","slug":"ksiazka-miesiaca-ibuk-libra-6","status":"publish","type":"post","link":"https:\/\/biblioteka.kolobrzeg.pl\/index.php\/2017\/05\/04\/ksiazka-miesiaca-ibuk-libra-6\/","title":{"rendered":"Ksi\u0105\u017cka miesi\u0105ca IBUK Libra"},"content":{"rendered":"<p style=\"text-align: left;\"><a href=\"https:\/\/biblioteka.kolobrzeg.pl\/wp-content\/uploads\/2017\/05\/ibuk052017.jpg\" data-rel=\"lightbox-image-0\" data-rl_title=\"\" data-rl_caption=\"\" title=\"\"><img loading=\"lazy\" decoding=\"async\" class=\"alignleft wp-image-2349 \" src=\"https:\/\/biblioteka.kolobrzeg.pl\/wp-content\/uploads\/2017\/05\/ibuk052017.jpg\" alt=\"Ksi\u0105\u017cka miesi\u0105ca IBUK Libra\" width=\"107\" height=\"152\" srcset=\"https:\/\/biblioteka.kolobrzeg.pl\/wp-content\/uploads\/2017\/05\/ibuk052017.jpg 250w, https:\/\/biblioteka.kolobrzeg.pl\/wp-content\/uploads\/2017\/05\/ibuk052017-212x300.jpg 212w\" sizes=\"auto, (max-width: 107px) 100vw, 107px\" \/><\/a>W ramach akcji \u201ePrezent od IBUK Libra\u201d, proponujemy ksi\u0105\u017ck\u0119 Marty Grzywacz \u2013 <strong>Obro\u0144ca skarb\u00f3w. Karol Estreicher \u2013 w poszukiwaniu zagrabionych dzie\u0142 sztuki.<\/strong><!--more--><\/p>\n<p>Dlaczego Hitler kaza\u0142 okrada\u0107 okupowane kraje z cennych dzie\u0142 sztuki?<br \/>\nJak muzealnicy stali si\u0119 tajnymi agentami?<br \/>\nKto wpad\u0142 na \u015blad o\u0142tarza Wita Stwosza?<br \/>\nJak Dama z gronostajem powr\u00f3ci\u0142a do Polski?<\/p>\n<p>Niezwyk\u0142a historia Karola Estreichera, b\u0142yskotliwego historyka sztuki, kt\u00f3ry wraz z grup\u0105 naukowc\u00f3w pom\u00f3g\u0142 wywie\u017a\u0107 i ukry\u0107 bezcenny o\u0142tarz Wita Stwosza. Jednak p\u00f3\u017aniejsze wyrzuty sumienia spowodowa\u0142y, \u017ce jego celem \u017cyciowym sta\u0142o si\u0119 sprowadzenie zabytk\u00f3w ponownie do Polski. Przez co przyczyni\u0142 si\u0119 tak\u017ce do powstania elitarnej mi\u0119dzynarodowej grupy obro\u0144c\u00f3w skarb\u00f3w \u2013 Monuments Men. Po wojnie, po 6 latach poszukiwa\u0144, razem z o\u0142tarzem Wita Stwosza, obrazami Canaletta, mieczem koronacyjnym kr\u00f3l\u00f3w polskich, Bibli\u0105 Gutenberga i setkami innych zabytk\u00f3w, Estreicher przywiezie do Krakowa tak\u017ce Dam\u0119 z gronostajem. Rodzina Czartoryskich nie b\u0119dzie mu za to wdzi\u0119czna, a londy\u0144ska emigracja uzna go za zdrajc\u0119.<\/p>\n<p>Zach\u0119camy do lektury!<br \/>\n<a href=\"http:\/\/libra.ibuk.pl\/\">http:\/\/libra.ibuk.pl\/<\/a><\/p>\n<p>&nbsp;<\/p>\n<p>Przypominamy, aby otrzyma\u0107 kod PIN umo\u017cliwiaj\u0105cy dost\u0119p do ksi\u0105\u017cek elektronicznych w domu (lub bibliotece) nale\u017cy:<\/p>\n<ol>\n<li>napisa\u0107 e-maila na adres (ibukkg@biblioteka.kolobrzeg.pl) podaj\u0105c swoje imi\u0119, nazwisko oraz numer karty bibliotecznej.<\/li>\n<li>lub odebra\u0107 go osobi\u015bcie w Czytelni, ul. J. Frankowskiego 3 (I pi\u0119tro) w godzinach pracy Biblioteki.<\/li>\n<\/ol>\n","protected":false},"excerpt":{"rendered":"<p>W ramach akcji \u201ePrezent od IBUK Libra\u201d, proponujemy ksi\u0105\u017ck\u0119 Marty Grzywacz \u2013 Obro\u0144ca skarb\u00f3w. Karol Estreicher \u2013 w poszukiwaniu zagrabionych dzie\u0142 sztuki.<\/p><p><a class=\"more-link block-button\" href=\"https:\/\/biblioteka.kolobrzeg.pl\/index.php\/2017\/05\/04\/ksiazka-miesiaca-ibuk-libra-6\/\">Kontynuuj czytanie &raquo;<\/a><\/p>\n","protected":false},"author":1,"featured_media":2349,"comment_status":"closed","ping_status":"closed","sticky":false,"template":"","format":"standard","meta":{"jetpack_post_was_ever_published":false,"_jetpack_newsletter_access":"","_jetpack_dont_email_post_to_subs":false,"_jetpack_newsletter_tier_id":0,"_jetpack_memberships_contains_paywalled_content":false,"_jetpack_memberships_contains_paid_content":false,"footnotes":"","jetpack_publicize_message":"","jetpack_publicize_feature_enabled":true,"jetpack_social_post_already_shared":true,"jetpack_social_options":{"image_generator_settings":{"template":"highway","default_image_id":0,"font":"","enabled":false},"version":2}},"categories":[1],"tags":[67,69,68,70],"class_list":["post-2348","post","type-post","status-publish","format-standard","has-post-thumbnail","hentry","category-aktualnosci","tag-ibuk","tag-ksiazka","tag-libra","tag-miesiaca"],"jetpack_publicize_connections":[],"jetpack_featured_media_url":"https:\/\/biblioteka.kolobrzeg.pl\/wp-content\/uploads\/2017\/05\/ibuk052017.jpg","jetpack_likes_enabled":true,"jetpack_sharing_enabled":true,"_links":{"self":[{"href":"https:\/\/biblioteka.kolobrzeg.pl\/index.php\/wp-json\/wp\/v2\/posts\/2348","targetHints":{"allow":["GET"]}}],"collection":[{"href":"https:\/\/biblioteka.kolobrzeg.pl\/index.php\/wp-json\/wp\/v2\/posts"}],"about":[{"href":"https:\/\/biblioteka.kolobrzeg.pl\/index.php\/wp-json\/wp\/v2\/types\/post"}],"author":[{"embeddable":true,"href":"https:\/\/biblioteka.kolobrzeg.pl\/index.php\/wp-json\/wp\/v2\/users\/1"}],"replies":[{"embeddable":true,"href":"https:\/\/biblioteka.kolobrzeg.pl\/index.php\/wp-json\/wp\/v2\/comments?post=2348"}],"version-history":[{"count":0,"href":"https:\/\/biblioteka.kolobrzeg.pl\/index.php\/wp-json\/wp\/v2\/posts\/2348\/revisions"}],"wp:featuredmedia":[{"embeddable":true,"href":"https:\/\/biblioteka.kolobrzeg.pl\/index.php\/wp-json\/wp\/v2\/media\/2349"}],"wp:attachment":[{"href":"https:\/\/biblioteka.kolobrzeg.pl\/index.php\/wp-json\/wp\/v2\/media?parent=2348"}],"wp:term":[{"taxonomy":"category","embeddable":true,"href":"https:\/\/biblioteka.kolobrzeg.pl\/index.php\/wp-json\/wp\/v2\/categories?post=2348"},{"taxonomy":"post_tag","embeddable":true,"href":"https:\/\/biblioteka.kolobrzeg.pl\/index.php\/wp-json\/wp\/v2\/tags?post=2348"}],"curies":[{"name":"wp","href":"https:\/\/api.w.org\/{rel}","templated":true}]}}