{"id":23688,"date":"2021-11-23T14:37:00","date_gmt":"2021-11-23T13:37:00","guid":{"rendered":"https:\/\/biblioteka.kolobrzeg.pl\/?p=23688"},"modified":"2022-04-26T13:31:55","modified_gmt":"2022-04-26T11:31:55","slug":"spotkanie-autorskie-z-joanna-bator","status":"publish","type":"post","link":"https:\/\/biblioteka.kolobrzeg.pl\/index.php\/2021\/11\/23\/spotkanie-autorskie-z-joanna-bator\/","title":{"rendered":"Spotkanie autorskie z Joann\u0105 Bator"},"content":{"rendered":"<p><a href=\"https:\/\/biblioteka.kolobrzeg.pl\/wp-content\/uploads\/2021\/11\/spotkbator2311214.jpg\" data-rel=\"lightbox-image-0\" data-rl_title=\"\" data-rl_caption=\"\" title=\"\"><img loading=\"lazy\" decoding=\"async\" class=\"alignleft wp-image-23787 size-thumbnail\" src=\"https:\/\/biblioteka.kolobrzeg.pl\/wp-content\/uploads\/2021\/11\/spotkbator2311214-150x150.jpg\" alt=\"Spotkanie z Joann\u0105 Bator\" width=\"150\" height=\"150\" srcset=\"https:\/\/biblioteka.kolobrzeg.pl\/wp-content\/uploads\/2021\/11\/spotkbator2311214-150x150.jpg 150w, https:\/\/biblioteka.kolobrzeg.pl\/wp-content\/uploads\/2021\/11\/spotkbator2311214-144x144.jpg 144w\" sizes=\"auto, (max-width: 150px) 100vw, 150px\" \/><\/a><\/p>\n<div class=\"v1kvgmc6g5 v1cxmmr5t8 v1oygrvhab v1hcukyx3x v1c1et5uql v1ii04i59q\">\n<div dir=\"auto\">W listopadowe popo\u0142udnie, Nasi Czytelnicy, na spotkaniu autorskim, mieli okazj\u0119 bli\u017cej pozna\u0107 Pani\u0105 <span class=\"v1nc684nl6\">Joanna Bator<\/span> &#8211; polsk\u0105 pisark\u0119, publicystk\u0119, podr\u00f3\u017cniczk\u0119, antropolo\u017ck\u0119 kultury, autork\u0119 bestsellerowych powie\u015bci, t\u0142umaczonych na wiele j\u0119zyk\u00f3w.<\/div>\n<\/div>\n<div class=\"v1o9v6fnle v1cxmmr5t8 v1oygrvhab v1hcukyx3x v1c1et5uql v1ii04i59q\">\n<div dir=\"auto\"><\/div>\n<div dir=\"auto\">Pani Joanna podzieli\u0142a si\u0119 z Nami swoimi spostrze\u017ceniami i refleksjami na temat swojego pisarstwa, tego, jak wygl\u0105da jej miejsce pracy, gdzie szuka inspiracji oraz jak wielk\u0105 rol\u0119 odgrywa w Jej \u017cyciu Wa\u0142brzych, kt\u00f3ry obecny jest chocia\u017cby w powie\u015bciach \u201ePiaskowa G\u00f3ra\u201d, czy \u201eCiemno prawie noc\u201d.<\/div>\n<\/div>\n<div class=\"v1o9v6fnle v1cxmmr5t8 v1oygrvhab v1hcukyx3x v1c1et5uql v1ii04i59q\">\n<p><!--more--><\/p>\n<div dir=\"auto\">Nie zabrak\u0142o r\u00f3wnie\u017c pyta\u0144 od czytelnik\u00f3w oraz rozm\u00f3w przy podpisywaniu ksi\u0105\u017cek.<\/div>\n<\/div>\n<div class=\"v1o9v6fnle v1cxmmr5t8 v1oygrvhab v1hcukyx3x v1c1et5uql v1ii04i59q\">\n<div dir=\"auto\"><\/div>\n<div dir=\"auto\">Autorka otrzyma\u0142a wiele nagr\u00f3d literackich: za powie\u015b\u0107 \u201eCiemno, prawie noc\u201d w 2013 r. przyznano jej Nagrod\u0119 Literack\u0105 \u201eNike\u201d, z kolei \u201ePiaskowa g\u00f3ra\u201d znalaz\u0142a si\u0119 w finale Mi\u0119dzynarodowej Niemieckiej Nagrody Literackiej, a \u201eChmurdalia\u201d nagrodzona zosta\u0142a szwajcarsk\u0105 Spycher Prize.<\/div>\n<\/div>\n<p>Program dofinansowany zosta\u0142 przez Gmin\u0119 Miasto Ko\u0142obrzeg w ramach \u015brodk\u00f3w MPPiRPA.<\/p>\n\n\t\t<style type=\"text\/css\">\n\t\t\t#gallery-1 {\n\t\t\t\tmargin: auto;\n\t\t\t}\n\t\t\t#gallery-1 .gallery-item {\n\t\t\t\tfloat: left;\n\t\t\t\tmargin-top: 10px;\n\t\t\t\ttext-align: center;\n\t\t\t\twidth: 20%;\n\t\t\t}\n\t\t\t#gallery-1 img {\n\t\t\t\tborder: 2px solid #cfcfcf;\n\t\t\t}\n\t\t\t#gallery-1 .gallery-caption {\n\t\t\t\tmargin-left: 0;\n\t\t\t}\n\t\t\t\/* see gallery_shortcode() in wp-includes\/media.php *\/\n\t\t<\/style>\n\t\t<div id='gallery-1' class='gallery galleryid-23688 gallery-columns-5 gallery-size-thumbnail'><dl class='gallery-item'>\n\t\t\t<dt class='gallery-icon landscape'>\n\t\t\t\t<a href='https:\/\/biblioteka.kolobrzeg.pl\/wp-content\/uploads\/2021\/11\/spotkbator2311213.jpg' title=\"\" data-rl_title=\"\" class=\"rl-gallery-link\" data-rl_caption=\"\" data-rel=\"lightbox-gallery-1\"><img loading=\"lazy\" decoding=\"async\" width=\"150\" height=\"150\" src=\"https:\/\/biblioteka.kolobrzeg.pl\/wp-content\/uploads\/2021\/11\/spotkbator2311213-150x150.jpg\" class=\"attachment-thumbnail size-thumbnail\" alt=\"Spotkanie z Joann\u0105 Bator\" srcset=\"https:\/\/biblioteka.kolobrzeg.pl\/wp-content\/uploads\/2021\/11\/spotkbator2311213-150x150.jpg 150w, https:\/\/biblioteka.kolobrzeg.pl\/wp-content\/uploads\/2021\/11\/spotkbator2311213-144x144.jpg 144w\" sizes=\"auto, (max-width: 150px) 100vw, 150px\" \/><\/a>\n\t\t\t<\/dt><\/dl><dl class='gallery-item'>\n\t\t\t<dt class='gallery-icon landscape'>\n\t\t\t\t<a href='https:\/\/biblioteka.kolobrzeg.pl\/wp-content\/uploads\/2021\/11\/spotkbator2311212.jpg' title=\"\" data-rl_title=\"\" class=\"rl-gallery-link\" data-rl_caption=\"\" data-rel=\"lightbox-gallery-1\"><img loading=\"lazy\" decoding=\"async\" width=\"150\" height=\"150\" src=\"https:\/\/biblioteka.kolobrzeg.pl\/wp-content\/uploads\/2021\/11\/spotkbator2311212-150x150.jpg\" class=\"attachment-thumbnail size-thumbnail\" alt=\"Spotkanie z Joann\u0105 Bator\" srcset=\"https:\/\/biblioteka.kolobrzeg.pl\/wp-content\/uploads\/2021\/11\/spotkbator2311212-150x150.jpg 150w, https:\/\/biblioteka.kolobrzeg.pl\/wp-content\/uploads\/2021\/11\/spotkbator2311212-144x144.jpg 144w\" sizes=\"auto, (max-width: 150px) 100vw, 150px\" \/><\/a>\n\t\t\t<\/dt><\/dl><dl class='gallery-item'>\n\t\t\t<dt class='gallery-icon landscape'>\n\t\t\t\t<a href='https:\/\/biblioteka.kolobrzeg.pl\/wp-content\/uploads\/2021\/11\/spotkbator2311211.jpg' title=\"\" data-rl_title=\"\" class=\"rl-gallery-link\" data-rl_caption=\"\" data-rel=\"lightbox-gallery-1\"><img loading=\"lazy\" decoding=\"async\" width=\"150\" height=\"150\" src=\"https:\/\/biblioteka.kolobrzeg.pl\/wp-content\/uploads\/2021\/11\/spotkbator2311211-150x150.jpg\" class=\"attachment-thumbnail size-thumbnail\" alt=\"Spotkanie z Joann\u0105 Bator\" srcset=\"https:\/\/biblioteka.kolobrzeg.pl\/wp-content\/uploads\/2021\/11\/spotkbator2311211-150x150.jpg 150w, https:\/\/biblioteka.kolobrzeg.pl\/wp-content\/uploads\/2021\/11\/spotkbator2311211-144x144.jpg 144w\" sizes=\"auto, (max-width: 150px) 100vw, 150px\" \/><\/a>\n\t\t\t<\/dt><\/dl><dl class='gallery-item'>\n\t\t\t<dt class='gallery-icon landscape'>\n\t\t\t\t<a href='https:\/\/biblioteka.kolobrzeg.pl\/wp-content\/uploads\/2021\/11\/spotkbator2311214.jpg' title=\"\" data-rl_title=\"\" class=\"rl-gallery-link\" data-rl_caption=\"\" data-rel=\"lightbox-gallery-1\"><img loading=\"lazy\" decoding=\"async\" width=\"150\" height=\"150\" src=\"https:\/\/biblioteka.kolobrzeg.pl\/wp-content\/uploads\/2021\/11\/spotkbator2311214-150x150.jpg\" class=\"attachment-thumbnail size-thumbnail\" alt=\"Spotkanie z Joann\u0105 Bator\" srcset=\"https:\/\/biblioteka.kolobrzeg.pl\/wp-content\/uploads\/2021\/11\/spotkbator2311214-150x150.jpg 150w, https:\/\/biblioteka.kolobrzeg.pl\/wp-content\/uploads\/2021\/11\/spotkbator2311214-144x144.jpg 144w\" sizes=\"auto, (max-width: 150px) 100vw, 150px\" \/><\/a>\n\t\t\t<\/dt><\/dl><dl class='gallery-item'>\n\t\t\t<dt class='gallery-icon portrait'>\n\t\t\t\t<a href='https:\/\/biblioteka.kolobrzeg.pl\/wp-content\/uploads\/2021\/10\/spotkbator231121.jpg' title=\"\" data-rl_title=\"\" class=\"rl-gallery-link\" data-rl_caption=\"\" data-rel=\"lightbox-gallery-1\"><img loading=\"lazy\" decoding=\"async\" width=\"150\" height=\"150\" src=\"https:\/\/biblioteka.kolobrzeg.pl\/wp-content\/uploads\/2021\/10\/spotkbator231121-150x150.jpg\" class=\"attachment-thumbnail size-thumbnail\" alt=\"Spotkanie Joanna Bator plakat\" srcset=\"https:\/\/biblioteka.kolobrzeg.pl\/wp-content\/uploads\/2021\/10\/spotkbator231121-150x150.jpg 150w, https:\/\/biblioteka.kolobrzeg.pl\/wp-content\/uploads\/2021\/10\/spotkbator231121-144x144.jpg 144w\" sizes=\"auto, (max-width: 150px) 100vw, 150px\" \/><\/a>\n\t\t\t<\/dt><\/dl><br style=\"clear: both\" \/>\n\t\t<\/div>\n\n","protected":false},"excerpt":{"rendered":"<p>W listopadowe popo\u0142udnie, Nasi Czytelnicy, na spotkaniu autorskim, mieli okazj\u0119 bli\u017cej pozna\u0107 Pani\u0105 Joanna Bator &#8211; polsk\u0105 pisark\u0119, publicystk\u0119, podr\u00f3\u017cniczk\u0119, antropolo\u017ck\u0119 kultury, autork\u0119 bestsellerowych powie\u015bci, t\u0142umaczonych na wiele j\u0119zyk\u00f3w. Pani Joanna podzieli\u0142a si\u0119 z Nami swoimi spostrze\u017ceniami i refleksjami na temat swojego pisarstwa, tego, jak wygl\u0105da jej miejsce pracy, gdzie szuka inspiracji oraz jak wielk\u0105 &hellip; <\/p>\n<p><a class=\"more-link block-button\" href=\"https:\/\/biblioteka.kolobrzeg.pl\/index.php\/2021\/11\/23\/spotkanie-autorskie-z-joanna-bator\/\">Kontynuuj czytanie &raquo;<\/a><\/p>\n","protected":false},"author":1,"featured_media":23787,"comment_status":"closed","ping_status":"closed","sticky":false,"template":"","format":"standard","meta":{"jetpack_post_was_ever_published":false,"_jetpack_newsletter_access":"","_jetpack_dont_email_post_to_subs":false,"_jetpack_newsletter_tier_id":0,"_jetpack_memberships_contains_paywalled_content":false,"_jetpack_memberships_contains_paid_content":false,"footnotes":"","jetpack_publicize_message":"","jetpack_publicize_feature_enabled":true,"jetpack_social_post_already_shared":true,"jetpack_social_options":{"image_generator_settings":{"template":"highway","default_image_id":0,"font":"","enabled":false},"version":2}},"categories":[1,21],"tags":[37,487,151,30],"class_list":["post-23688","post","type-post","status-publish","format-standard","has-post-thumbnail","hentry","category-aktualnosci","category-spotkania","tag-autorskie","tag-bator","tag-joanna","tag-spotkanie"],"jetpack_publicize_connections":[],"jetpack_featured_media_url":"https:\/\/biblioteka.kolobrzeg.pl\/wp-content\/uploads\/2021\/11\/spotkbator2311214.jpg","jetpack_likes_enabled":true,"jetpack_sharing_enabled":true,"_links":{"self":[{"href":"https:\/\/biblioteka.kolobrzeg.pl\/index.php\/wp-json\/wp\/v2\/posts\/23688","targetHints":{"allow":["GET"]}}],"collection":[{"href":"https:\/\/biblioteka.kolobrzeg.pl\/index.php\/wp-json\/wp\/v2\/posts"}],"about":[{"href":"https:\/\/biblioteka.kolobrzeg.pl\/index.php\/wp-json\/wp\/v2\/types\/post"}],"author":[{"embeddable":true,"href":"https:\/\/biblioteka.kolobrzeg.pl\/index.php\/wp-json\/wp\/v2\/users\/1"}],"replies":[{"embeddable":true,"href":"https:\/\/biblioteka.kolobrzeg.pl\/index.php\/wp-json\/wp\/v2\/comments?post=23688"}],"version-history":[{"count":0,"href":"https:\/\/biblioteka.kolobrzeg.pl\/index.php\/wp-json\/wp\/v2\/posts\/23688\/revisions"}],"wp:featuredmedia":[{"embeddable":true,"href":"https:\/\/biblioteka.kolobrzeg.pl\/index.php\/wp-json\/wp\/v2\/media\/23787"}],"wp:attachment":[{"href":"https:\/\/biblioteka.kolobrzeg.pl\/index.php\/wp-json\/wp\/v2\/media?parent=23688"}],"wp:term":[{"taxonomy":"category","embeddable":true,"href":"https:\/\/biblioteka.kolobrzeg.pl\/index.php\/wp-json\/wp\/v2\/categories?post=23688"},{"taxonomy":"post_tag","embeddable":true,"href":"https:\/\/biblioteka.kolobrzeg.pl\/index.php\/wp-json\/wp\/v2\/tags?post=23688"}],"curies":[{"name":"wp","href":"https:\/\/api.w.org\/{rel}","templated":true}]}}