{"id":23692,"date":"2021-10-25T14:39:00","date_gmt":"2021-10-25T12:39:00","guid":{"rendered":"https:\/\/biblioteka.kolobrzeg.pl\/?p=23692"},"modified":"2022-04-26T13:31:23","modified_gmt":"2022-04-26T11:31:23","slug":"spotkanie-autorskie-z-dorota-kotas","status":"publish","type":"post","link":"https:\/\/biblioteka.kolobrzeg.pl\/index.php\/2021\/10\/25\/spotkanie-autorskie-z-dorota-kotas\/","title":{"rendered":"Spotkanie autorskie z Dorot\u0105 Kotas"},"content":{"rendered":"<p><a href=\"https:\/\/biblioteka.kolobrzeg.pl\/wp-content\/uploads\/2021\/12\/spotkotas1811211.jpg\" data-rel=\"lightbox-image-0\" data-rl_title=\"\" data-rl_caption=\"\" title=\"\"><img loading=\"lazy\" decoding=\"async\" class=\"alignleft wp-image-23805 size-thumbnail\" src=\"https:\/\/biblioteka.kolobrzeg.pl\/wp-content\/uploads\/2021\/12\/spotkotas1811211-150x150.jpg\" alt=\"Spotkanie z Dorot\u0105 Kotas\" width=\"150\" height=\"150\" srcset=\"https:\/\/biblioteka.kolobrzeg.pl\/wp-content\/uploads\/2021\/12\/spotkotas1811211-150x150.jpg 150w, https:\/\/biblioteka.kolobrzeg.pl\/wp-content\/uploads\/2021\/12\/spotkotas1811211-144x144.jpg 144w\" sizes=\"auto, (max-width: 150px) 100vw, 150px\" \/><\/a>Dorota Kotas, kobieta, kt\u00f3ra emanuje ciep\u0142em i prawd\u0105 by\u0142a Go\u015bciem Biblioteki 18 listopada 2021.<\/p>\n<p>Autorka urodzi\u0142a si\u0119 w Garwolinie w roku 1994. Za swoj\u0105 pierwsz\u0105 ksi\u0105\u017ck\u0119 pt. &#8222;Pustostany&#8221; (2019), otrzyma\u0142a Nagrod\u0119 Literack\u0105 Gdynia w kategorii proza, Nagrod\u0119 Conrada i nominacj\u0119 do Nagrody im. W. Gombrowicza za najlepszy debiut. Mieszka w Warszawie ze swoj\u0105 partnerk\u0105 i zwierz\u0119tami. Od zawsze czu\u0142a si\u0119 dziwaczk\u0105 i s\u0105dzi\u0142a, \u017ce jest skazana na pora\u017ck\u0119. <!--more-->Pisanie by\u0142o w jej \u017cyciu od male\u0144ko\u015bci, niestety zapiski z tego okresu si\u0119 nie zachowa\u0142y. Jest to jej spos\u00f3b na \u017cycie, bezpieczny azyl, kt\u00f3ry sama kreuje. \u0141atwiej jest jej pisa\u0107, ni\u017c m\u00f3wi\u0107. Pracowa\u0142a w ponad 40 miejscach. Uwielbia r\u00f3\u017c, brokat i cekiny.<\/p>\n\n\t\t<style type=\"text\/css\">\n\t\t\t#gallery-1 {\n\t\t\t\tmargin: auto;\n\t\t\t}\n\t\t\t#gallery-1 .gallery-item {\n\t\t\t\tfloat: left;\n\t\t\t\tmargin-top: 10px;\n\t\t\t\ttext-align: center;\n\t\t\t\twidth: 33%;\n\t\t\t}\n\t\t\t#gallery-1 img {\n\t\t\t\tborder: 2px solid #cfcfcf;\n\t\t\t}\n\t\t\t#gallery-1 .gallery-caption {\n\t\t\t\tmargin-left: 0;\n\t\t\t}\n\t\t\t\/* see gallery_shortcode() in wp-includes\/media.php *\/\n\t\t<\/style>\n\t\t<div id='gallery-1' class='gallery galleryid-23692 gallery-columns-3 gallery-size-thumbnail'><dl class='gallery-item'>\n\t\t\t<dt class='gallery-icon landscape'>\n\t\t\t\t<a href='https:\/\/biblioteka.kolobrzeg.pl\/wp-content\/uploads\/2021\/12\/spotkotas1811211.jpg' title=\"\" data-rl_title=\"\" class=\"rl-gallery-link\" data-rl_caption=\"\" data-rel=\"lightbox-gallery-1\"><img loading=\"lazy\" decoding=\"async\" width=\"150\" height=\"150\" src=\"https:\/\/biblioteka.kolobrzeg.pl\/wp-content\/uploads\/2021\/12\/spotkotas1811211-150x150.jpg\" class=\"attachment-thumbnail size-thumbnail\" alt=\"Spotkanie z Dorot\u0105 Kotas\" srcset=\"https:\/\/biblioteka.kolobrzeg.pl\/wp-content\/uploads\/2021\/12\/spotkotas1811211-150x150.jpg 150w, https:\/\/biblioteka.kolobrzeg.pl\/wp-content\/uploads\/2021\/12\/spotkotas1811211-144x144.jpg 144w\" sizes=\"auto, (max-width: 150px) 100vw, 150px\" \/><\/a>\n\t\t\t<\/dt><\/dl><dl class='gallery-item'>\n\t\t\t<dt class='gallery-icon landscape'>\n\t\t\t\t<a href='https:\/\/biblioteka.kolobrzeg.pl\/wp-content\/uploads\/2021\/12\/spotkotas1811213.jpg' title=\"\" data-rl_title=\"\" class=\"rl-gallery-link\" data-rl_caption=\"\" data-rel=\"lightbox-gallery-1\"><img loading=\"lazy\" decoding=\"async\" width=\"150\" height=\"150\" src=\"https:\/\/biblioteka.kolobrzeg.pl\/wp-content\/uploads\/2021\/12\/spotkotas1811213-150x150.jpg\" class=\"attachment-thumbnail size-thumbnail\" alt=\"Spotkanie z Dorot\u0105 Kotas\" srcset=\"https:\/\/biblioteka.kolobrzeg.pl\/wp-content\/uploads\/2021\/12\/spotkotas1811213-150x150.jpg 150w, https:\/\/biblioteka.kolobrzeg.pl\/wp-content\/uploads\/2021\/12\/spotkotas1811213-144x144.jpg 144w\" sizes=\"auto, (max-width: 150px) 100vw, 150px\" \/><\/a>\n\t\t\t<\/dt><\/dl><dl class='gallery-item'>\n\t\t\t<dt class='gallery-icon landscape'>\n\t\t\t\t<a href='https:\/\/biblioteka.kolobrzeg.pl\/wp-content\/uploads\/2021\/12\/spotkotas1811212.jpg' title=\"\" data-rl_title=\"\" class=\"rl-gallery-link\" data-rl_caption=\"\" data-rel=\"lightbox-gallery-1\"><img loading=\"lazy\" decoding=\"async\" width=\"150\" height=\"150\" src=\"https:\/\/biblioteka.kolobrzeg.pl\/wp-content\/uploads\/2021\/12\/spotkotas1811212-150x150.jpg\" class=\"attachment-thumbnail size-thumbnail\" alt=\"Spotkanie z Dorot\u0105 Kotas\" srcset=\"https:\/\/biblioteka.kolobrzeg.pl\/wp-content\/uploads\/2021\/12\/spotkotas1811212-150x150.jpg 150w, https:\/\/biblioteka.kolobrzeg.pl\/wp-content\/uploads\/2021\/12\/spotkotas1811212-144x144.jpg 144w\" sizes=\"auto, (max-width: 150px) 100vw, 150px\" \/><\/a>\n\t\t\t<\/dt><\/dl><br style=\"clear: both\" \/>\n\t\t<\/div>\n\n","protected":false},"excerpt":{"rendered":"<p>Dorota Kotas, kobieta, kt\u00f3ra emanuje ciep\u0142em i prawd\u0105 by\u0142a Go\u015bciem Biblioteki 18 listopada 2021. Autorka urodzi\u0142a si\u0119 w Garwolinie w roku 1994. Za swoj\u0105 pierwsz\u0105 ksi\u0105\u017ck\u0119 pt. &#8222;Pustostany&#8221; (2019), otrzyma\u0142a Nagrod\u0119 Literack\u0105 Gdynia w kategorii proza, Nagrod\u0119 Conrada i nominacj\u0119 do Nagrody im. W. Gombrowicza za najlepszy debiut. Mieszka w Warszawie ze swoj\u0105 partnerk\u0105 i &hellip; <\/p>\n<p><a class=\"more-link block-button\" href=\"https:\/\/biblioteka.kolobrzeg.pl\/index.php\/2021\/10\/25\/spotkanie-autorskie-z-dorota-kotas\/\">Kontynuuj czytanie &raquo;<\/a><\/p>\n","protected":false},"author":1,"featured_media":23694,"comment_status":"closed","ping_status":"closed","sticky":false,"template":"","format":"standard","meta":{"jetpack_post_was_ever_published":false,"_jetpack_newsletter_access":"","_jetpack_dont_email_post_to_subs":false,"_jetpack_newsletter_tier_id":0,"_jetpack_memberships_contains_paywalled_content":false,"_jetpack_memberships_contains_paid_content":false,"footnotes":"","jetpack_publicize_message":"","jetpack_publicize_feature_enabled":true,"jetpack_social_post_already_shared":true,"jetpack_social_options":{"image_generator_settings":{"template":"highway","default_image_id":0,"font":"","enabled":false},"version":2}},"categories":[1,21],"tags":[37,471,488,30],"class_list":["post-23692","post","type-post","status-publish","format-standard","has-post-thumbnail","hentry","category-aktualnosci","category-spotkania","tag-autorskie","tag-dorota","tag-kotas","tag-spotkanie"],"jetpack_publicize_connections":[],"jetpack_featured_media_url":"https:\/\/biblioteka.kolobrzeg.pl\/wp-content\/uploads\/2021\/10\/spotkotas181121.jpg","jetpack_likes_enabled":true,"jetpack_sharing_enabled":true,"_links":{"self":[{"href":"https:\/\/biblioteka.kolobrzeg.pl\/index.php\/wp-json\/wp\/v2\/posts\/23692","targetHints":{"allow":["GET"]}}],"collection":[{"href":"https:\/\/biblioteka.kolobrzeg.pl\/index.php\/wp-json\/wp\/v2\/posts"}],"about":[{"href":"https:\/\/biblioteka.kolobrzeg.pl\/index.php\/wp-json\/wp\/v2\/types\/post"}],"author":[{"embeddable":true,"href":"https:\/\/biblioteka.kolobrzeg.pl\/index.php\/wp-json\/wp\/v2\/users\/1"}],"replies":[{"embeddable":true,"href":"https:\/\/biblioteka.kolobrzeg.pl\/index.php\/wp-json\/wp\/v2\/comments?post=23692"}],"version-history":[{"count":0,"href":"https:\/\/biblioteka.kolobrzeg.pl\/index.php\/wp-json\/wp\/v2\/posts\/23692\/revisions"}],"wp:featuredmedia":[{"embeddable":true,"href":"https:\/\/biblioteka.kolobrzeg.pl\/index.php\/wp-json\/wp\/v2\/media\/23694"}],"wp:attachment":[{"href":"https:\/\/biblioteka.kolobrzeg.pl\/index.php\/wp-json\/wp\/v2\/media?parent=23692"}],"wp:term":[{"taxonomy":"category","embeddable":true,"href":"https:\/\/biblioteka.kolobrzeg.pl\/index.php\/wp-json\/wp\/v2\/categories?post=23692"},{"taxonomy":"post_tag","embeddable":true,"href":"https:\/\/biblioteka.kolobrzeg.pl\/index.php\/wp-json\/wp\/v2\/tags?post=23692"}],"curies":[{"name":"wp","href":"https:\/\/api.w.org\/{rel}","templated":true}]}}