{"id":23775,"date":"2021-11-17T12:18:00","date_gmt":"2021-11-17T11:18:00","guid":{"rendered":"https:\/\/biblioteka.kolobrzeg.pl\/?p=23775"},"modified":"2022-04-26T13:32:17","modified_gmt":"2022-04-26T11:32:17","slug":"spotkanie-autorskie-z-michalem-mytnikiem","status":"publish","type":"post","link":"https:\/\/biblioteka.kolobrzeg.pl\/index.php\/2021\/11\/17\/spotkanie-autorskie-z-michalem-mytnikiem\/","title":{"rendered":"Spotkanie autorskie z Micha\u0142em Mytnikiem"},"content":{"rendered":"<p><a href=\"https:\/\/biblioteka.kolobrzeg.pl\/wp-content\/uploads\/2021\/11\/spotkmmytnik.jpg\" data-rel=\"lightbox-image-0\" data-rl_title=\"\" data-rl_caption=\"\" title=\"\"><img loading=\"lazy\" decoding=\"async\" class=\"alignleft wp-image-23776 size-thumbnail\" src=\"https:\/\/biblioteka.kolobrzeg.pl\/wp-content\/uploads\/2021\/11\/spotkmmytnik-150x150.jpg\" alt=\"Spotkanie z Micha\u0142em Mytnikiem\" width=\"150\" height=\"150\" srcset=\"https:\/\/biblioteka.kolobrzeg.pl\/wp-content\/uploads\/2021\/11\/spotkmmytnik-150x150.jpg 150w, https:\/\/biblioteka.kolobrzeg.pl\/wp-content\/uploads\/2021\/11\/spotkmmytnik-144x144.jpg 144w\" sizes=\"auto, (max-width: 150px) 100vw, 150px\" \/><\/a>Biuro Literackie uruchamia nowy cykl: \u201eLekcje j\u0119zyka poetyckiego\u201d, w ramach kt\u00f3rego autorzy zwi\u0105zani z wydawnictwem odwiedza\u0107 b\u0119d\u0105 ko\u0142obrzeskie licea i wezm\u0105 udzia\u0142 w otwartych spotkaniach w Miejskiej Bibliotece Publicznej.<\/p>\n<p>Zapraszamy serdecznie na spotkanie autorskie z Micha\u0142em Mytnikiem, kt\u00f3re odb\u0119dzie si\u0119 <strong>17 listopada<\/strong> o godzinie <strong>17:00<\/strong> w Bibliotece przy ul. Frankowskiego 3. Wst\u0119p na wydarzenie wolny, ilo\u015b\u0107 miejsc ograniczona.<br \/>\nAutor debiutowa\u0142 w 2021 roku tomem \u201eHoodshit (griptape)\u201d jako laureat projektu \u201ePierwsza ksi\u0105\u017cka wierszem\u201d realizowanego przez Biuro Literackie.<!--more--><\/p>\n<p>Jak sam m\u00f3wi: \u201episze wiersze, je\u017adzi na desce i robi muzyk\u0119\u201d.<br \/>\n\u201eHoodshit (griptape)\u201d to przemierzanie miasta z jedn\u0105 s\u0142uchawk\u0105 w uchu, grind po zardzewia\u0142ym osiedlu, szukanie sygna\u0142u, by wys\u0142a\u0107 wiadomo\u015b\u0107. W swoim debiucie autor nie tyle czerpie z j\u0119zyka blok\u00f3w, ile po prostu nim m\u00f3wi, wydobywaj\u0105c z niego ca\u0142y poetycki potencja\u0142.<\/p>\n","protected":false},"excerpt":{"rendered":"<p>Biuro Literackie uruchamia nowy cykl: \u201eLekcje j\u0119zyka poetyckiego\u201d, w ramach kt\u00f3rego autorzy zwi\u0105zani z wydawnictwem odwiedza\u0107 b\u0119d\u0105 ko\u0142obrzeskie licea i wezm\u0105 udzia\u0142 w otwartych spotkaniach w Miejskiej Bibliotece Publicznej. Zapraszamy serdecznie na spotkanie autorskie z Micha\u0142em Mytnikiem, kt\u00f3re odb\u0119dzie si\u0119 17 listopada o godzinie 17:00 w Bibliotece przy ul. Frankowskiego 3. Wst\u0119p na wydarzenie wolny, &hellip; <\/p>\n<p><a class=\"more-link block-button\" href=\"https:\/\/biblioteka.kolobrzeg.pl\/index.php\/2021\/11\/17\/spotkanie-autorskie-z-michalem-mytnikiem\/\">Kontynuuj czytanie &raquo;<\/a><\/p>\n","protected":false},"author":1,"featured_media":23776,"comment_status":"closed","ping_status":"closed","sticky":false,"template":"","format":"standard","meta":{"jetpack_post_was_ever_published":false,"_jetpack_newsletter_access":"","_jetpack_dont_email_post_to_subs":false,"_jetpack_newsletter_tier_id":0,"_jetpack_memberships_contains_paywalled_content":false,"_jetpack_memberships_contains_paid_content":false,"footnotes":"","jetpack_publicize_message":"","jetpack_publicize_feature_enabled":true,"jetpack_social_post_already_shared":true,"jetpack_social_options":{"image_generator_settings":{"template":"highway","default_image_id":0,"font":"","enabled":false},"version":2}},"categories":[1,21],"tags":[37,482,493,30],"class_list":["post-23775","post","type-post","status-publish","format-standard","has-post-thumbnail","hentry","category-aktualnosci","category-spotkania","tag-autorskie","tag-michal","tag-mytnik","tag-spotkanie"],"jetpack_publicize_connections":[],"jetpack_featured_media_url":"https:\/\/biblioteka.kolobrzeg.pl\/wp-content\/uploads\/2021\/11\/spotkmmytnik.jpg","jetpack_likes_enabled":true,"jetpack_sharing_enabled":true,"_links":{"self":[{"href":"https:\/\/biblioteka.kolobrzeg.pl\/index.php\/wp-json\/wp\/v2\/posts\/23775","targetHints":{"allow":["GET"]}}],"collection":[{"href":"https:\/\/biblioteka.kolobrzeg.pl\/index.php\/wp-json\/wp\/v2\/posts"}],"about":[{"href":"https:\/\/biblioteka.kolobrzeg.pl\/index.php\/wp-json\/wp\/v2\/types\/post"}],"author":[{"embeddable":true,"href":"https:\/\/biblioteka.kolobrzeg.pl\/index.php\/wp-json\/wp\/v2\/users\/1"}],"replies":[{"embeddable":true,"href":"https:\/\/biblioteka.kolobrzeg.pl\/index.php\/wp-json\/wp\/v2\/comments?post=23775"}],"version-history":[{"count":0,"href":"https:\/\/biblioteka.kolobrzeg.pl\/index.php\/wp-json\/wp\/v2\/posts\/23775\/revisions"}],"wp:featuredmedia":[{"embeddable":true,"href":"https:\/\/biblioteka.kolobrzeg.pl\/index.php\/wp-json\/wp\/v2\/media\/23776"}],"wp:attachment":[{"href":"https:\/\/biblioteka.kolobrzeg.pl\/index.php\/wp-json\/wp\/v2\/media?parent=23775"}],"wp:term":[{"taxonomy":"category","embeddable":true,"href":"https:\/\/biblioteka.kolobrzeg.pl\/index.php\/wp-json\/wp\/v2\/categories?post=23775"},{"taxonomy":"post_tag","embeddable":true,"href":"https:\/\/biblioteka.kolobrzeg.pl\/index.php\/wp-json\/wp\/v2\/tags?post=23775"}],"curies":[{"name":"wp","href":"https:\/\/api.w.org\/{rel}","templated":true}]}}