{"id":23808,"date":"2021-12-07T08:48:00","date_gmt":"2021-12-07T07:48:00","guid":{"rendered":"https:\/\/biblioteka.kolobrzeg.pl\/?p=23808"},"modified":"2022-04-26T13:34:07","modified_gmt":"2022-04-26T11:34:07","slug":"spotkanie-z-dr-jackiem-jekielem","status":"publish","type":"post","link":"https:\/\/biblioteka.kolobrzeg.pl\/index.php\/2021\/12\/07\/spotkanie-z-dr-jackiem-jekielem\/","title":{"rendered":"Spotkanie z dr. Jackiem Jekielem"},"content":{"rendered":"<p><a href=\"https:\/\/biblioteka.kolobrzeg.pl\/wp-content\/uploads\/2021\/12\/spotkjekiel0712214.jpg\" data-rel=\"lightbox-image-0\" data-rl_title=\"\" data-rl_caption=\"\" title=\"\"><img loading=\"lazy\" decoding=\"async\" class=\"alignleft wp-image-23827 size-thumbnail\" src=\"https:\/\/biblioteka.kolobrzeg.pl\/wp-content\/uploads\/2021\/12\/spotkjekiel0712214-150x150.jpg\" alt=\"Spotkanie z dr. Jackiem Jekielem\" width=\"150\" height=\"150\" srcset=\"https:\/\/biblioteka.kolobrzeg.pl\/wp-content\/uploads\/2021\/12\/spotkjekiel0712214-150x150.jpg 150w, https:\/\/biblioteka.kolobrzeg.pl\/wp-content\/uploads\/2021\/12\/spotkjekiel0712214-144x144.jpg 144w\" sizes=\"auto, (max-width: 150px) 100vw, 150px\" \/><\/a>Uczniowie z Zesp\u00f3\u0142 Szk\u00f3\u0142 Nr 1 im. Henryka Sienkiewicza mieli przyjemno\u015b\u0107 uczestniczy\u0107 w spotkaniu autorskim z Jackiem Jekielem &#8211; historykiem i publicyst\u0105, dyrektorem szczeci\u0144skiej Opery na Zamku. To by\u0142a intryguj\u0105ca, historyczna opowie\u015b\u0107 o najbardziej zapomnianym bohaterze walk o niepodleg\u0142o\u015b\u0107 Polski w listopadzie 1918 roku \u2013 J\u00f3zefie Gabrielu J\u0119czkowiaku.<!--more--><\/p>\n<p><\/p>\n\n\t\t<style type=\"text\/css\">\n\t\t\t#gallery-1 {\n\t\t\t\tmargin: auto;\n\t\t\t}\n\t\t\t#gallery-1 .gallery-item {\n\t\t\t\tfloat: left;\n\t\t\t\tmargin-top: 10px;\n\t\t\t\ttext-align: center;\n\t\t\t\twidth: 25%;\n\t\t\t}\n\t\t\t#gallery-1 img {\n\t\t\t\tborder: 2px solid #cfcfcf;\n\t\t\t}\n\t\t\t#gallery-1 .gallery-caption {\n\t\t\t\tmargin-left: 0;\n\t\t\t}\n\t\t\t\/* see gallery_shortcode() in wp-includes\/media.php *\/\n\t\t<\/style>\n\t\t<div id='gallery-1' class='gallery galleryid-23808 gallery-columns-4 gallery-size-thumbnail'><dl class='gallery-item'>\n\t\t\t<dt class='gallery-icon landscape'>\n\t\t\t\t<a href='https:\/\/biblioteka.kolobrzeg.pl\/wp-content\/uploads\/2021\/12\/spotkjekiel0712215.jpg' title=\"\" data-rl_title=\"\" class=\"rl-gallery-link\" data-rl_caption=\"\" data-rel=\"lightbox-gallery-1\"><img loading=\"lazy\" decoding=\"async\" width=\"150\" height=\"150\" src=\"https:\/\/biblioteka.kolobrzeg.pl\/wp-content\/uploads\/2021\/12\/spotkjekiel0712215-150x150.jpg\" class=\"attachment-thumbnail size-thumbnail\" alt=\"Spotkanie z dr. Jackiem Jekielem\" srcset=\"https:\/\/biblioteka.kolobrzeg.pl\/wp-content\/uploads\/2021\/12\/spotkjekiel0712215-150x150.jpg 150w, https:\/\/biblioteka.kolobrzeg.pl\/wp-content\/uploads\/2021\/12\/spotkjekiel0712215-144x144.jpg 144w\" sizes=\"auto, (max-width: 150px) 100vw, 150px\" \/><\/a>\n\t\t\t<\/dt><\/dl><dl class='gallery-item'>\n\t\t\t<dt class='gallery-icon landscape'>\n\t\t\t\t<a href='https:\/\/biblioteka.kolobrzeg.pl\/wp-content\/uploads\/2021\/12\/spotkjekiel0712216.jpg' title=\"\" data-rl_title=\"\" class=\"rl-gallery-link\" data-rl_caption=\"\" data-rel=\"lightbox-gallery-1\"><img loading=\"lazy\" decoding=\"async\" width=\"150\" height=\"150\" src=\"https:\/\/biblioteka.kolobrzeg.pl\/wp-content\/uploads\/2021\/12\/spotkjekiel0712216-150x150.jpg\" class=\"attachment-thumbnail size-thumbnail\" alt=\"Spotkanie z dr. Jackiem Jekielem\" srcset=\"https:\/\/biblioteka.kolobrzeg.pl\/wp-content\/uploads\/2021\/12\/spotkjekiel0712216-150x150.jpg 150w, https:\/\/biblioteka.kolobrzeg.pl\/wp-content\/uploads\/2021\/12\/spotkjekiel0712216-144x144.jpg 144w\" sizes=\"auto, (max-width: 150px) 100vw, 150px\" \/><\/a>\n\t\t\t<\/dt><\/dl><dl class='gallery-item'>\n\t\t\t<dt class='gallery-icon landscape'>\n\t\t\t\t<a href='https:\/\/biblioteka.kolobrzeg.pl\/wp-content\/uploads\/2021\/12\/spotkjekiel0712213.jpg' title=\"\" data-rl_title=\"\" class=\"rl-gallery-link\" data-rl_caption=\"\" data-rel=\"lightbox-gallery-1\"><img loading=\"lazy\" decoding=\"async\" width=\"150\" height=\"150\" src=\"https:\/\/biblioteka.kolobrzeg.pl\/wp-content\/uploads\/2021\/12\/spotkjekiel0712213-150x150.jpg\" class=\"attachment-thumbnail size-thumbnail\" alt=\"Spotkanie z dr. Jackiem Jekielem\" srcset=\"https:\/\/biblioteka.kolobrzeg.pl\/wp-content\/uploads\/2021\/12\/spotkjekiel0712213-150x150.jpg 150w, https:\/\/biblioteka.kolobrzeg.pl\/wp-content\/uploads\/2021\/12\/spotkjekiel0712213-144x144.jpg 144w\" sizes=\"auto, (max-width: 150px) 100vw, 150px\" \/><\/a>\n\t\t\t<\/dt><\/dl><dl class='gallery-item'>\n\t\t\t<dt class='gallery-icon landscape'>\n\t\t\t\t<a href='https:\/\/biblioteka.kolobrzeg.pl\/wp-content\/uploads\/2021\/12\/spotkjekiel0712214.jpg' title=\"\" data-rl_title=\"\" class=\"rl-gallery-link\" data-rl_caption=\"\" data-rel=\"lightbox-gallery-1\"><img loading=\"lazy\" decoding=\"async\" width=\"150\" height=\"150\" src=\"https:\/\/biblioteka.kolobrzeg.pl\/wp-content\/uploads\/2021\/12\/spotkjekiel0712214-150x150.jpg\" class=\"attachment-thumbnail size-thumbnail\" alt=\"Spotkanie z dr. Jackiem Jekielem\" srcset=\"https:\/\/biblioteka.kolobrzeg.pl\/wp-content\/uploads\/2021\/12\/spotkjekiel0712214-150x150.jpg 150w, https:\/\/biblioteka.kolobrzeg.pl\/wp-content\/uploads\/2021\/12\/spotkjekiel0712214-144x144.jpg 144w\" sizes=\"auto, (max-width: 150px) 100vw, 150px\" \/><\/a>\n\t\t\t<\/dt><\/dl><br style=\"clear: both\" \/><dl class='gallery-item'>\n\t\t\t<dt class='gallery-icon landscape'>\n\t\t\t\t<a href='https:\/\/biblioteka.kolobrzeg.pl\/wp-content\/uploads\/2021\/12\/spotkjekiel0712211.jpg' title=\"\" data-rl_title=\"\" class=\"rl-gallery-link\" data-rl_caption=\"\" data-rel=\"lightbox-gallery-1\"><img loading=\"lazy\" decoding=\"async\" width=\"150\" height=\"150\" src=\"https:\/\/biblioteka.kolobrzeg.pl\/wp-content\/uploads\/2021\/12\/spotkjekiel0712211-150x150.jpg\" class=\"attachment-thumbnail size-thumbnail\" alt=\"Spotkanie z dr. Jackiem Jekielem\" srcset=\"https:\/\/biblioteka.kolobrzeg.pl\/wp-content\/uploads\/2021\/12\/spotkjekiel0712211-150x150.jpg 150w, https:\/\/biblioteka.kolobrzeg.pl\/wp-content\/uploads\/2021\/12\/spotkjekiel0712211-144x144.jpg 144w\" sizes=\"auto, (max-width: 150px) 100vw, 150px\" \/><\/a>\n\t\t\t<\/dt><\/dl><dl class='gallery-item'>\n\t\t\t<dt class='gallery-icon landscape'>\n\t\t\t\t<a href='https:\/\/biblioteka.kolobrzeg.pl\/wp-content\/uploads\/2021\/12\/spotkjekiel0712212.jpg' title=\"\" data-rl_title=\"\" class=\"rl-gallery-link\" data-rl_caption=\"\" data-rel=\"lightbox-gallery-1\"><img loading=\"lazy\" decoding=\"async\" width=\"150\" height=\"150\" src=\"https:\/\/biblioteka.kolobrzeg.pl\/wp-content\/uploads\/2021\/12\/spotkjekiel0712212-150x150.jpg\" class=\"attachment-thumbnail size-thumbnail\" alt=\"Spotkanie z dr. Jackiem Jekielem\" srcset=\"https:\/\/biblioteka.kolobrzeg.pl\/wp-content\/uploads\/2021\/12\/spotkjekiel0712212-150x150.jpg 150w, https:\/\/biblioteka.kolobrzeg.pl\/wp-content\/uploads\/2021\/12\/spotkjekiel0712212-144x144.jpg 144w\" sizes=\"auto, (max-width: 150px) 100vw, 150px\" \/><\/a>\n\t\t\t<\/dt><\/dl><dl class='gallery-item'>\n\t\t\t<dt class='gallery-icon landscape'>\n\t\t\t\t<a href='https:\/\/biblioteka.kolobrzeg.pl\/wp-content\/uploads\/2021\/12\/spotkjekiel0712217.jpg' title=\"\" data-rl_title=\"\" class=\"rl-gallery-link\" data-rl_caption=\"\" data-rel=\"lightbox-gallery-1\"><img loading=\"lazy\" decoding=\"async\" width=\"150\" height=\"150\" src=\"https:\/\/biblioteka.kolobrzeg.pl\/wp-content\/uploads\/2021\/12\/spotkjekiel0712217-150x150.jpg\" class=\"attachment-thumbnail size-thumbnail\" alt=\"Spotkanie z dr. Jackiem Jekielem\" srcset=\"https:\/\/biblioteka.kolobrzeg.pl\/wp-content\/uploads\/2021\/12\/spotkjekiel0712217-150x150.jpg 150w, https:\/\/biblioteka.kolobrzeg.pl\/wp-content\/uploads\/2021\/12\/spotkjekiel0712217-144x144.jpg 144w\" sizes=\"auto, (max-width: 150px) 100vw, 150px\" \/><\/a>\n\t\t\t<\/dt><\/dl><dl class='gallery-item'>\n\t\t\t<dt class='gallery-icon landscape'>\n\t\t\t\t<a href='https:\/\/biblioteka.kolobrzeg.pl\/wp-content\/uploads\/2021\/12\/spotkjekiel0712218.jpg' title=\"\" data-rl_title=\"\" class=\"rl-gallery-link\" data-rl_caption=\"\" data-rel=\"lightbox-gallery-1\"><img loading=\"lazy\" decoding=\"async\" width=\"150\" height=\"150\" src=\"https:\/\/biblioteka.kolobrzeg.pl\/wp-content\/uploads\/2021\/12\/spotkjekiel0712218-150x150.jpg\" class=\"attachment-thumbnail size-thumbnail\" alt=\"Spotkanie z dr. Jackiem Jekielem\" srcset=\"https:\/\/biblioteka.kolobrzeg.pl\/wp-content\/uploads\/2021\/12\/spotkjekiel0712218-150x150.jpg 150w, https:\/\/biblioteka.kolobrzeg.pl\/wp-content\/uploads\/2021\/12\/spotkjekiel0712218-144x144.jpg 144w\" sizes=\"auto, (max-width: 150px) 100vw, 150px\" \/><\/a>\n\t\t\t<\/dt><\/dl><br style=\"clear: both\" \/>\n\t\t<\/div>\n\n<p><\/p>\n\n\n<p><\/p>\n","protected":false},"excerpt":{"rendered":"<p>Uczniowie z Zesp\u00f3\u0142 Szk\u00f3\u0142 Nr 1 im. Henryka Sienkiewicza mieli przyjemno\u015b\u0107 uczestniczy\u0107 w spotkaniu autorskim z Jackiem Jekielem &#8211; historykiem i publicyst\u0105, dyrektorem szczeci\u0144skiej Opery na Zamku. To by\u0142a intryguj\u0105ca, historyczna opowie\u015b\u0107 o najbardziej zapomnianym bohaterze walk o niepodleg\u0142o\u015b\u0107 Polski w listopadzie 1918 roku \u2013 J\u00f3zefie Gabrielu J\u0119czkowiaku.<\/p><p><a class=\"more-link block-button\" href=\"https:\/\/biblioteka.kolobrzeg.pl\/index.php\/2021\/12\/07\/spotkanie-z-dr-jackiem-jekielem\/\">Kontynuuj czytanie &raquo;<\/a><\/p>\n","protected":false},"author":1,"featured_media":23809,"comment_status":"closed","ping_status":"closed","sticky":false,"template":"","format":"standard","meta":{"jetpack_post_was_ever_published":false,"_jetpack_newsletter_access":"","_jetpack_dont_email_post_to_subs":false,"_jetpack_newsletter_tier_id":0,"_jetpack_memberships_contains_paywalled_content":false,"_jetpack_memberships_contains_paid_content":false,"footnotes":"","jetpack_publicize_message":"","jetpack_publicize_feature_enabled":true,"jetpack_social_post_already_shared":true,"jetpack_social_options":{"image_generator_settings":{"template":"highway","default_image_id":0,"font":"","enabled":false},"version":2}},"categories":[1,21],"tags":[],"class_list":["post-23808","post","type-post","status-publish","format-standard","has-post-thumbnail","hentry","category-aktualnosci","category-spotkania"],"jetpack_publicize_connections":[],"jetpack_featured_media_url":"https:\/\/biblioteka.kolobrzeg.pl\/wp-content\/uploads\/2021\/12\/spotkjekiel071221.jpg","jetpack_likes_enabled":true,"jetpack_sharing_enabled":true,"_links":{"self":[{"href":"https:\/\/biblioteka.kolobrzeg.pl\/index.php\/wp-json\/wp\/v2\/posts\/23808","targetHints":{"allow":["GET"]}}],"collection":[{"href":"https:\/\/biblioteka.kolobrzeg.pl\/index.php\/wp-json\/wp\/v2\/posts"}],"about":[{"href":"https:\/\/biblioteka.kolobrzeg.pl\/index.php\/wp-json\/wp\/v2\/types\/post"}],"author":[{"embeddable":true,"href":"https:\/\/biblioteka.kolobrzeg.pl\/index.php\/wp-json\/wp\/v2\/users\/1"}],"replies":[{"embeddable":true,"href":"https:\/\/biblioteka.kolobrzeg.pl\/index.php\/wp-json\/wp\/v2\/comments?post=23808"}],"version-history":[{"count":0,"href":"https:\/\/biblioteka.kolobrzeg.pl\/index.php\/wp-json\/wp\/v2\/posts\/23808\/revisions"}],"wp:featuredmedia":[{"embeddable":true,"href":"https:\/\/biblioteka.kolobrzeg.pl\/index.php\/wp-json\/wp\/v2\/media\/23809"}],"wp:attachment":[{"href":"https:\/\/biblioteka.kolobrzeg.pl\/index.php\/wp-json\/wp\/v2\/media?parent=23808"}],"wp:term":[{"taxonomy":"category","embeddable":true,"href":"https:\/\/biblioteka.kolobrzeg.pl\/index.php\/wp-json\/wp\/v2\/categories?post=23808"},{"taxonomy":"post_tag","embeddable":true,"href":"https:\/\/biblioteka.kolobrzeg.pl\/index.php\/wp-json\/wp\/v2\/tags?post=23808"}],"curies":[{"name":"wp","href":"https:\/\/api.w.org\/{rel}","templated":true}]}}