{"id":23812,"date":"2021-12-15T10:10:00","date_gmt":"2021-12-15T09:10:00","guid":{"rendered":"https:\/\/biblioteka.kolobrzeg.pl\/?p=23812"},"modified":"2022-05-05T15:33:03","modified_gmt":"2022-05-05T13:33:03","slug":"spotkanie-dkk-dla-doroslych-20","status":"publish","type":"post","link":"https:\/\/biblioteka.kolobrzeg.pl\/index.php\/2021\/12\/15\/spotkanie-dkk-dla-doroslych-20\/","title":{"rendered":"Spotkanie DKK dla doros\u0142ych"},"content":{"rendered":"<p><a href=\"https:\/\/biblioteka.kolobrzeg.pl\/wp-content\/uploads\/2017\/02\/DKK_logotyp.jpeg\" data-rel=\"lightbox-image-0\" data-rl_title=\"\" data-rl_caption=\"\" title=\"\"><img loading=\"lazy\" decoding=\"async\" class=\"alignleft wp-image-1725 size-thumbnail\" src=\"https:\/\/biblioteka.kolobrzeg.pl\/wp-content\/uploads\/2017\/02\/DKK_logotyp-150x150.jpeg\" alt=\"DKK logo\" width=\"150\" height=\"150\" srcset=\"https:\/\/biblioteka.kolobrzeg.pl\/wp-content\/uploads\/2017\/02\/DKK_logotyp-150x150.jpeg 150w, https:\/\/biblioteka.kolobrzeg.pl\/wp-content\/uploads\/2017\/02\/DKK_logotyp-144x144.jpeg 144w\" sizes=\"auto, (max-width: 150px) 100vw, 150px\" \/><\/a>Ostatnie, tegoroczne spotkanie Dyskusyjnego Klubu Ksi\u0105\u017cki, dotyczy\u0142o wra\u017ce\u0144 po przeczytaniu ksi\u0105\u017cki Sue Black \u201eCo m\u00f3wi\u0105 ko\u015bci\u201d.<\/p>\n<p>Tre\u015b\u0107 przepe\u0142nia zar\u00f3wno wiedza medyczna, jak i wiele opartych na faktach historii zbrodni, o kt\u00f3rych rozwik\u0142anie zosta\u0142a poproszona autorka. Ksi\u0105\u017cka idealna b\u0119dzie dla mi\u0142o\u015bnik\u00f3w gatunku True Crime, krymina\u0142\u00f3w.<\/p>\n<p>W nowym roku zapraszamy na spotkanie 19 stycznia godz. 17.00 do Biblioteki ul. J. Frankowskiego 3<\/p>\n<p>Rozmawia\u0107 b\u0119dziemy o ksi\u0105\u017cce Joanny Lampki \u201eSzwajcaria, czyli jak prze\u017cy\u0107 mi\u0119dzy krowami a bankami. Bilet w jedna stron\u0119\u201d.<\/p>\n","protected":false},"excerpt":{"rendered":"<p>Ostatnie, tegoroczne spotkanie Dyskusyjnego Klubu Ksi\u0105\u017cki, dotyczy\u0142o wra\u017ce\u0144 po przeczytaniu ksi\u0105\u017cki Sue Black \u201eCo m\u00f3wi\u0105 ko\u015bci\u201d. Tre\u015b\u0107 przepe\u0142nia zar\u00f3wno wiedza medyczna, jak i wiele opartych na faktach historii zbrodni, o kt\u00f3rych rozwik\u0142anie zosta\u0142a poproszona autorka. Ksi\u0105\u017cka idealna b\u0119dzie dla mi\u0142o\u015bnik\u00f3w gatunku True Crime, krymina\u0142\u00f3w. W nowym roku zapraszamy na spotkanie 19 stycznia godz. 17.00 do &hellip; <\/p>\n<p><a class=\"more-link block-button\" href=\"https:\/\/biblioteka.kolobrzeg.pl\/index.php\/2021\/12\/15\/spotkanie-dkk-dla-doroslych-20\/\">Kontynuuj czytanie &raquo;<\/a><\/p>\n","protected":false},"author":1,"featured_media":1725,"comment_status":"closed","ping_status":"closed","sticky":false,"template":"","format":"standard","meta":{"jetpack_post_was_ever_published":false,"_jetpack_newsletter_access":"","_jetpack_dont_email_post_to_subs":false,"_jetpack_newsletter_tier_id":0,"_jetpack_memberships_contains_paywalled_content":false,"_jetpack_memberships_contains_paid_content":false,"footnotes":"","jetpack_publicize_message":"","jetpack_publicize_feature_enabled":true,"jetpack_social_post_already_shared":true,"jetpack_social_options":{"image_generator_settings":{"template":"highway","default_image_id":0,"font":"","enabled":false},"version":2}},"categories":[1,18],"tags":[29,30],"class_list":["post-23812","post","type-post","status-publish","format-standard","has-post-thumbnail","hentry","category-aktualnosci","category-dkk","tag-dkk","tag-spotkanie"],"jetpack_publicize_connections":[],"jetpack_featured_media_url":"https:\/\/biblioteka.kolobrzeg.pl\/wp-content\/uploads\/2017\/02\/DKK_logotyp.jpeg","jetpack_likes_enabled":true,"jetpack_sharing_enabled":true,"_links":{"self":[{"href":"https:\/\/biblioteka.kolobrzeg.pl\/index.php\/wp-json\/wp\/v2\/posts\/23812","targetHints":{"allow":["GET"]}}],"collection":[{"href":"https:\/\/biblioteka.kolobrzeg.pl\/index.php\/wp-json\/wp\/v2\/posts"}],"about":[{"href":"https:\/\/biblioteka.kolobrzeg.pl\/index.php\/wp-json\/wp\/v2\/types\/post"}],"author":[{"embeddable":true,"href":"https:\/\/biblioteka.kolobrzeg.pl\/index.php\/wp-json\/wp\/v2\/users\/1"}],"replies":[{"embeddable":true,"href":"https:\/\/biblioteka.kolobrzeg.pl\/index.php\/wp-json\/wp\/v2\/comments?post=23812"}],"version-history":[{"count":0,"href":"https:\/\/biblioteka.kolobrzeg.pl\/index.php\/wp-json\/wp\/v2\/posts\/23812\/revisions"}],"wp:featuredmedia":[{"embeddable":true,"href":"https:\/\/biblioteka.kolobrzeg.pl\/index.php\/wp-json\/wp\/v2\/media\/1725"}],"wp:attachment":[{"href":"https:\/\/biblioteka.kolobrzeg.pl\/index.php\/wp-json\/wp\/v2\/media?parent=23812"}],"wp:term":[{"taxonomy":"category","embeddable":true,"href":"https:\/\/biblioteka.kolobrzeg.pl\/index.php\/wp-json\/wp\/v2\/categories?post=23812"},{"taxonomy":"post_tag","embeddable":true,"href":"https:\/\/biblioteka.kolobrzeg.pl\/index.php\/wp-json\/wp\/v2\/tags?post=23812"}],"curies":[{"name":"wp","href":"https:\/\/api.w.org\/{rel}","templated":true}]}}