{"id":23960,"date":"2022-02-16T12:07:00","date_gmt":"2022-02-16T11:07:00","guid":{"rendered":"https:\/\/biblioteka.kolobrzeg.pl\/?p=23960"},"modified":"2022-05-05T15:31:47","modified_gmt":"2022-05-05T13:31:47","slug":"spotkanie-dkk-dla-doroslych-22","status":"publish","type":"post","link":"https:\/\/biblioteka.kolobrzeg.pl\/index.php\/2022\/02\/16\/spotkanie-dkk-dla-doroslych-22\/","title":{"rendered":"Spotkanie DKK dla doros\u0142ych"},"content":{"rendered":"<p><a href=\"https:\/\/biblioteka.kolobrzeg.pl\/wp-content\/uploads\/2022\/03\/dkk1602221.jpg\" data-rel=\"lightbox-image-0\" data-rl_title=\"\" data-rl_caption=\"\" title=\"\"><img loading=\"lazy\" decoding=\"async\" class=\"alignleft wp-image-24070 size-thumbnail\" src=\"https:\/\/biblioteka.kolobrzeg.pl\/wp-content\/uploads\/2022\/03\/dkk1602221-150x150.jpg\" alt=\"Spotkanie DKK\" width=\"150\" height=\"150\" srcset=\"https:\/\/biblioteka.kolobrzeg.pl\/wp-content\/uploads\/2022\/03\/dkk1602221-150x150.jpg 150w, https:\/\/biblioteka.kolobrzeg.pl\/wp-content\/uploads\/2022\/03\/dkk1602221-144x144.jpg 144w\" sizes=\"auto, (max-width: 150px) 100vw, 150px\" \/><\/a>Tym razem \u201ena tapet\u0119\u201d wzi\u0119li\u015bmy ksi\u0105\u017ck\u0119 Stanis\u0142awa \u0141ubie\u0144skiego \u201eDwana\u015bcie srok za ogon\u201d. Przyst\u0119pna forma ksi\u0105\u017cki pozwala zapozna\u0107 si\u0119 z podstawowymi zagadnieniami z zakresu ornitologii i sk\u0142ania do refleksji o ptakach, kt\u00f3re spotykamy w \u015brodowisku miejskim na co dzie\u0144. Podczas spotkania odby\u0142a si\u0119 \u017cywio\u0142owa dyskusja na tematy poruszane przez autora. Nie zabrak\u0142o tak\u017ce odniesie\u0144 do przywo\u0142ywanych przez \u0141ubie\u0144skiego obraz\u00f3w czy utwor\u00f3w muzycznych, nawi\u0105zuj\u0105cych do tematu \u017cycia dzikich ptak\u00f3w. Podczas dyskusji nie mogli\u015bmy nie odnie\u015b\u0107 tak\u017ce do spotkania z fantastycznym m\u0142odym cz\u0142owiekiem &#8211; pasjonatem fotografowania ptak\u00f3w &#8211; Milanem Maziarzem, kt\u00f3re odby\u0142o si\u0119 15 stycznia w ramach cyklu \u201eZ Wand\u0105 nie tylko w\u015br\u00f3d zwierz\u0105t\u201d, do uczestnictwa w kt\u00f3rym tak\u017ce serdecznie zapraszamy.<!--more--><\/p>\n<p>Spotkanie odby\u0142o si\u0119 z otoczeniu pi\u0119knych fotografii Mi\u0142osza Kowalewskiego \u201eKadry Kre\u015blone Pi\u00f3rem\u201d, kt\u00f3re mo\u017cna podziwia\u0107 w Bibliotece przy ulicy Frankowskiego 3.<\/p>\n\n\t\t<style type=\"text\/css\">\n\t\t\t#gallery-1 {\n\t\t\t\tmargin: auto;\n\t\t\t}\n\t\t\t#gallery-1 .gallery-item {\n\t\t\t\tfloat: left;\n\t\t\t\tmargin-top: 10px;\n\t\t\t\ttext-align: center;\n\t\t\t\twidth: 33%;\n\t\t\t}\n\t\t\t#gallery-1 img {\n\t\t\t\tborder: 2px solid #cfcfcf;\n\t\t\t}\n\t\t\t#gallery-1 .gallery-caption {\n\t\t\t\tmargin-left: 0;\n\t\t\t}\n\t\t\t\/* see gallery_shortcode() in wp-includes\/media.php *\/\n\t\t<\/style>\n\t\t<div id='gallery-1' class='gallery galleryid-23960 gallery-columns-3 gallery-size-thumbnail'><dl class='gallery-item'>\n\t\t\t<dt class='gallery-icon landscape'>\n\t\t\t\t<a href='https:\/\/biblioteka.kolobrzeg.pl\/wp-content\/uploads\/2022\/03\/dkk1602221.jpg' title=\"\" data-rl_title=\"\" class=\"rl-gallery-link\" data-rl_caption=\"\" data-rel=\"lightbox-gallery-1\"><img loading=\"lazy\" decoding=\"async\" width=\"150\" height=\"150\" src=\"https:\/\/biblioteka.kolobrzeg.pl\/wp-content\/uploads\/2022\/03\/dkk1602221-150x150.jpg\" class=\"attachment-thumbnail size-thumbnail\" alt=\"Spotkanie DKK\" srcset=\"https:\/\/biblioteka.kolobrzeg.pl\/wp-content\/uploads\/2022\/03\/dkk1602221-150x150.jpg 150w, https:\/\/biblioteka.kolobrzeg.pl\/wp-content\/uploads\/2022\/03\/dkk1602221-144x144.jpg 144w\" sizes=\"auto, (max-width: 150px) 100vw, 150px\" \/><\/a>\n\t\t\t<\/dt><\/dl><dl class='gallery-item'>\n\t\t\t<dt class='gallery-icon landscape'>\n\t\t\t\t<a href='https:\/\/biblioteka.kolobrzeg.pl\/wp-content\/uploads\/2022\/03\/dkk1602223.jpg' title=\"\" data-rl_title=\"\" class=\"rl-gallery-link\" data-rl_caption=\"\" data-rel=\"lightbox-gallery-1\"><img loading=\"lazy\" decoding=\"async\" width=\"150\" height=\"150\" src=\"https:\/\/biblioteka.kolobrzeg.pl\/wp-content\/uploads\/2022\/03\/dkk1602223-150x150.jpg\" class=\"attachment-thumbnail size-thumbnail\" alt=\"Spotkanie DKK\" srcset=\"https:\/\/biblioteka.kolobrzeg.pl\/wp-content\/uploads\/2022\/03\/dkk1602223-150x150.jpg 150w, https:\/\/biblioteka.kolobrzeg.pl\/wp-content\/uploads\/2022\/03\/dkk1602223-144x144.jpg 144w\" sizes=\"auto, (max-width: 150px) 100vw, 150px\" \/><\/a>\n\t\t\t<\/dt><\/dl><dl class='gallery-item'>\n\t\t\t<dt class='gallery-icon landscape'>\n\t\t\t\t<a href='https:\/\/biblioteka.kolobrzeg.pl\/wp-content\/uploads\/2022\/03\/dkk1602222.jpg' title=\"\" data-rl_title=\"\" class=\"rl-gallery-link\" data-rl_caption=\"\" data-rel=\"lightbox-gallery-1\"><img loading=\"lazy\" decoding=\"async\" width=\"150\" height=\"150\" src=\"https:\/\/biblioteka.kolobrzeg.pl\/wp-content\/uploads\/2022\/03\/dkk1602222-150x150.jpg\" class=\"attachment-thumbnail size-thumbnail\" alt=\"Spotkanie DKK\" srcset=\"https:\/\/biblioteka.kolobrzeg.pl\/wp-content\/uploads\/2022\/03\/dkk1602222-150x150.jpg 150w, https:\/\/biblioteka.kolobrzeg.pl\/wp-content\/uploads\/2022\/03\/dkk1602222-144x144.jpg 144w\" sizes=\"auto, (max-width: 150px) 100vw, 150px\" \/><\/a>\n\t\t\t<\/dt><\/dl><br style=\"clear: both\" \/>\n\t\t<\/div>\n\n<p>Program Dyskusyjny Klub Ksi\u0105\u017cki realizowany jest we wsp\u00f3\u0142pracy z Instytutem Ksi\u0105\u017cki oraz Narodowym Programem Rozwoju Czytelnictwa 2.0<\/p>\n","protected":false},"excerpt":{"rendered":"<p>Tym razem \u201ena tapet\u0119\u201d wzi\u0119li\u015bmy ksi\u0105\u017ck\u0119 Stanis\u0142awa \u0141ubie\u0144skiego \u201eDwana\u015bcie srok za ogon\u201d. Przyst\u0119pna forma ksi\u0105\u017cki pozwala zapozna\u0107 si\u0119 z podstawowymi zagadnieniami z zakresu ornitologii i sk\u0142ania do refleksji o ptakach, kt\u00f3re spotykamy w \u015brodowisku miejskim na co dzie\u0144. Podczas spotkania odby\u0142a si\u0119 \u017cywio\u0142owa dyskusja na tematy poruszane przez autora. Nie zabrak\u0142o tak\u017ce odniesie\u0144 do przywo\u0142ywanych &hellip; <\/p>\n<p><a class=\"more-link block-button\" href=\"https:\/\/biblioteka.kolobrzeg.pl\/index.php\/2022\/02\/16\/spotkanie-dkk-dla-doroslych-22\/\">Kontynuuj czytanie &raquo;<\/a><\/p>\n","protected":false},"author":1,"featured_media":24070,"comment_status":"closed","ping_status":"closed","sticky":false,"template":"","format":"standard","meta":{"jetpack_post_was_ever_published":false,"_jetpack_newsletter_access":"","_jetpack_dont_email_post_to_subs":false,"_jetpack_newsletter_tier_id":0,"_jetpack_memberships_contains_paywalled_content":false,"_jetpack_memberships_contains_paid_content":false,"footnotes":"","jetpack_publicize_message":"","jetpack_publicize_feature_enabled":true,"jetpack_social_post_already_shared":true,"jetpack_social_options":{"image_generator_settings":{"template":"highway","default_image_id":0,"font":"","enabled":false},"version":2}},"categories":[1,18],"tags":[29,30],"class_list":["post-23960","post","type-post","status-publish","format-standard","has-post-thumbnail","hentry","category-aktualnosci","category-dkk","tag-dkk","tag-spotkanie"],"jetpack_publicize_connections":[],"jetpack_featured_media_url":"https:\/\/biblioteka.kolobrzeg.pl\/wp-content\/uploads\/2022\/03\/dkk1602221.jpg","jetpack_likes_enabled":true,"jetpack_sharing_enabled":true,"_links":{"self":[{"href":"https:\/\/biblioteka.kolobrzeg.pl\/index.php\/wp-json\/wp\/v2\/posts\/23960","targetHints":{"allow":["GET"]}}],"collection":[{"href":"https:\/\/biblioteka.kolobrzeg.pl\/index.php\/wp-json\/wp\/v2\/posts"}],"about":[{"href":"https:\/\/biblioteka.kolobrzeg.pl\/index.php\/wp-json\/wp\/v2\/types\/post"}],"author":[{"embeddable":true,"href":"https:\/\/biblioteka.kolobrzeg.pl\/index.php\/wp-json\/wp\/v2\/users\/1"}],"replies":[{"embeddable":true,"href":"https:\/\/biblioteka.kolobrzeg.pl\/index.php\/wp-json\/wp\/v2\/comments?post=23960"}],"version-history":[{"count":0,"href":"https:\/\/biblioteka.kolobrzeg.pl\/index.php\/wp-json\/wp\/v2\/posts\/23960\/revisions"}],"wp:featuredmedia":[{"embeddable":true,"href":"https:\/\/biblioteka.kolobrzeg.pl\/index.php\/wp-json\/wp\/v2\/media\/24070"}],"wp:attachment":[{"href":"https:\/\/biblioteka.kolobrzeg.pl\/index.php\/wp-json\/wp\/v2\/media?parent=23960"}],"wp:term":[{"taxonomy":"category","embeddable":true,"href":"https:\/\/biblioteka.kolobrzeg.pl\/index.php\/wp-json\/wp\/v2\/categories?post=23960"},{"taxonomy":"post_tag","embeddable":true,"href":"https:\/\/biblioteka.kolobrzeg.pl\/index.php\/wp-json\/wp\/v2\/tags?post=23960"}],"curies":[{"name":"wp","href":"https:\/\/api.w.org\/{rel}","templated":true}]}}