{"id":24081,"date":"2022-04-09T10:03:00","date_gmt":"2022-04-09T08:03:00","guid":{"rendered":"https:\/\/biblioteka.kolobrzeg.pl\/?p=24081"},"modified":"2022-04-26T13:38:19","modified_gmt":"2022-04-26T11:38:19","slug":"z-wanda-nie-tylko-wsrod-zwierzat-2","status":"publish","type":"post","link":"https:\/\/biblioteka.kolobrzeg.pl\/index.php\/2022\/04\/09\/z-wanda-nie-tylko-wsrod-zwierzat-2\/","title":{"rendered":"Z Wand\u0105 nie tylko w\u015br\u00f3d zwierz\u0105t"},"content":{"rendered":"<p><a href=\"https:\/\/biblioteka.kolobrzeg.pl\/wp-content\/uploads\/2022\/04\/wanda0904221.jpeg\" data-rel=\"lightbox-image-0\" data-rl_title=\"\" data-rl_caption=\"\" title=\"\"><img loading=\"lazy\" decoding=\"async\" class=\"alignleft wp-image-24122 size-thumbnail\" src=\"https:\/\/biblioteka.kolobrzeg.pl\/wp-content\/uploads\/2022\/04\/wanda0904221-150x150.jpeg\" alt=\"Z Wand\u0105 nie tylko w\u015br\u00f3d zwierz\u0105t\" width=\"150\" height=\"150\" srcset=\"https:\/\/biblioteka.kolobrzeg.pl\/wp-content\/uploads\/2022\/04\/wanda0904221-150x150.jpeg 150w, https:\/\/biblioteka.kolobrzeg.pl\/wp-content\/uploads\/2022\/04\/wanda0904221-144x144.jpeg 144w\" sizes=\"auto, (max-width: 150px) 100vw, 150px\" \/><\/a>9 kwietnia 2022 roku mia\u0142o miejsce pi\u0105te ju\u017c spotkanie w ramach cyklu \u201eZ Wand\u0105 nie tylko w\u015br\u00f3d zwierz\u0105t\u201d.<\/p>\n<p>\u201eZ Wand\u0105 nie tylko w\u015br\u00f3d zwierz\u0105t\u201d, to autorski program Moniki Wandy W\u0142adzi\u0144skiej, wsp\u00f3\u0142prowadzony z redaktor Telewizji Kablowej Ko\u0142obrzeg Sylwi\u0105 Kiljan-Rudowicz oraz jednocze\u015bnie nowy cykl spotka\u0144 Miejskiej Biblioteki Publicznej w Ko\u0142obrzegu i nowy program TKK.<\/p>\n<p>Wanda, ko\u0142obrzeska aktywistka, dzia\u0142aj\u0105ca w obszarze przyrody i zwierz\u0105t, zaprasza do udzia\u0142u w spotkaniach z lud\u017ami pe\u0142nymi pasji i do\u015bwiadczenia, wcielaj\u0105cymi w \u017cycie swoje marzenia i wizje, kt\u00f3rzy swoimi realizacjami mog\u0105 zara\u017ca\u0107 innych.<!--more--><\/p>\n\n\t\t<style type=\"text\/css\">\n\t\t\t#gallery-1 {\n\t\t\t\tmargin: auto;\n\t\t\t}\n\t\t\t#gallery-1 .gallery-item {\n\t\t\t\tfloat: left;\n\t\t\t\tmargin-top: 10px;\n\t\t\t\ttext-align: center;\n\t\t\t\twidth: 33%;\n\t\t\t}\n\t\t\t#gallery-1 img {\n\t\t\t\tborder: 2px solid #cfcfcf;\n\t\t\t}\n\t\t\t#gallery-1 .gallery-caption {\n\t\t\t\tmargin-left: 0;\n\t\t\t}\n\t\t\t\/* see gallery_shortcode() in wp-includes\/media.php *\/\n\t\t<\/style>\n\t\t<div id='gallery-1' class='gallery galleryid-24081 gallery-columns-3 gallery-size-thumbnail'><dl class='gallery-item'>\n\t\t\t<dt class='gallery-icon landscape'>\n\t\t\t\t<a href='https:\/\/biblioteka.kolobrzeg.pl\/wp-content\/uploads\/2022\/04\/wanda0904223.jpeg' title=\"\" data-rl_title=\"\" class=\"rl-gallery-link\" data-rl_caption=\"\" data-rel=\"lightbox-gallery-1\"><img loading=\"lazy\" decoding=\"async\" width=\"150\" height=\"150\" src=\"https:\/\/biblioteka.kolobrzeg.pl\/wp-content\/uploads\/2022\/04\/wanda0904223-150x150.jpeg\" class=\"attachment-thumbnail size-thumbnail\" alt=\"Z Wand\u0105 nie tylko w\u015br\u00f3d zwierz\u0105t\" srcset=\"https:\/\/biblioteka.kolobrzeg.pl\/wp-content\/uploads\/2022\/04\/wanda0904223-150x150.jpeg 150w, https:\/\/biblioteka.kolobrzeg.pl\/wp-content\/uploads\/2022\/04\/wanda0904223-144x144.jpeg 144w\" sizes=\"auto, (max-width: 150px) 100vw, 150px\" \/><\/a>\n\t\t\t<\/dt><\/dl><dl class='gallery-item'>\n\t\t\t<dt class='gallery-icon landscape'>\n\t\t\t\t<a href='https:\/\/biblioteka.kolobrzeg.pl\/wp-content\/uploads\/2022\/04\/wanda0904222.jpeg' title=\"\" data-rl_title=\"\" class=\"rl-gallery-link\" data-rl_caption=\"\" data-rel=\"lightbox-gallery-1\"><img loading=\"lazy\" decoding=\"async\" width=\"150\" height=\"150\" src=\"https:\/\/biblioteka.kolobrzeg.pl\/wp-content\/uploads\/2022\/04\/wanda0904222-150x150.jpeg\" class=\"attachment-thumbnail size-thumbnail\" alt=\"Z Wand\u0105 nie tylko w\u015br\u00f3d zwierz\u0105t\" srcset=\"https:\/\/biblioteka.kolobrzeg.pl\/wp-content\/uploads\/2022\/04\/wanda0904222-150x150.jpeg 150w, https:\/\/biblioteka.kolobrzeg.pl\/wp-content\/uploads\/2022\/04\/wanda0904222-144x144.jpeg 144w\" sizes=\"auto, (max-width: 150px) 100vw, 150px\" \/><\/a>\n\t\t\t<\/dt><\/dl><dl class='gallery-item'>\n\t\t\t<dt class='gallery-icon landscape'>\n\t\t\t\t<a href='https:\/\/biblioteka.kolobrzeg.pl\/wp-content\/uploads\/2022\/04\/wanda0904221.jpeg' title=\"\" data-rl_title=\"\" class=\"rl-gallery-link\" data-rl_caption=\"\" data-rel=\"lightbox-gallery-1\"><img loading=\"lazy\" decoding=\"async\" width=\"150\" height=\"150\" src=\"https:\/\/biblioteka.kolobrzeg.pl\/wp-content\/uploads\/2022\/04\/wanda0904221-150x150.jpeg\" class=\"attachment-thumbnail size-thumbnail\" alt=\"Z Wand\u0105 nie tylko w\u015br\u00f3d zwierz\u0105t\" srcset=\"https:\/\/biblioteka.kolobrzeg.pl\/wp-content\/uploads\/2022\/04\/wanda0904221-150x150.jpeg 150w, https:\/\/biblioteka.kolobrzeg.pl\/wp-content\/uploads\/2022\/04\/wanda0904221-144x144.jpeg 144w\" sizes=\"auto, (max-width: 150px) 100vw, 150px\" \/><\/a>\n\t\t\t<\/dt><\/dl><br style=\"clear: both\" \/>\n\t\t<\/div>\n\n<p style=\"text-align: center;\">Zdj\u0119cia autorstwa Barbary Patru\u015b<\/p>\n<p>Jak powinien wygl\u0105da\u0107 dobry program zapobiegania bezdomno\u015bci zwierz\u0105t? Dlaczego tak wa\u017cna jest sterylizacja kot\u00f3w, nie tylko tych wolno\u017cyj\u0105cych? Z kim i z czym przychodzi mierzy\u0107 si\u0119 karmicielom spo\u0142ecznym kot\u00f3w wolno\u017cyj\u0105cych i jak to wygl\u0105da od kuchni? Na te i inne pytanie odpowiedzia\u0142y zaproszone karmicielki: Bogus\u0142awa Szwed oraz Maria Hajzer. Tematem by\u0142 bowiem kot w przestrzeni miejskiej.<\/p>\n<p>Dowiedzieli\u015bmy si\u0119, \u017ce te zwierz\u0119ta s\u0105 chronione prawem i nale\u017cy si\u0119 im si\u0119 szacunek, troska oraz ca\u0142oroczna opieka. Obowi\u0105zkiem gmin jest przeciwdzia\u0142anie ich bezdomno\u015bci, sterylizacja i dokarmianie. Ograniczenie ich populacji sprzyja nie tylko popraw\u0105 dobrostanu tych zwierz\u0105t, ale r\u00f3wnie\u017c pozytywnie wp\u0142ywa na ekosystem i populacj\u0119 ptak\u00f3w i gryzoni, trzebionych przez koty.<\/p>\n<p>Do pomagania, jak m\u00f3wi\u0105 karmicielki, wystarczy empatia i uwa\u017cno\u015b\u0107. Nagrod\u0105 jest z kolei wdzi\u0119czno\u015b\u0107, kt\u00f3r\u0105 potrafi\u0105 okaza\u0107 koty oraz polepszenie ich komfortu \u017cycia.<\/p>\n<p>Dzi\u0119kujemy za przybycie i zapraszamy na kolejne spotkania. Odcinki mo\u017cna obejrze\u0107 na kanale YouTube Telewizji Kablowej Ko\u0142obrzeg.<\/p>\n<p><a href=\"https:\/\/youtu.be\/vngvaoqaymY\">https:\/\/youtu.be\/vngvaoqaymY<\/a> (odcinek 4. \u201e(NIE) NASZE KOTY\u201d)<\/p>\n","protected":false},"excerpt":{"rendered":"<p>9 kwietnia 2022 roku mia\u0142o miejsce pi\u0105te ju\u017c spotkanie w ramach cyklu \u201eZ Wand\u0105 nie tylko w\u015br\u00f3d zwierz\u0105t\u201d. \u201eZ Wand\u0105 nie tylko w\u015br\u00f3d zwierz\u0105t\u201d, to autorski program Moniki Wandy W\u0142adzi\u0144skiej, wsp\u00f3\u0142prowadzony z redaktor Telewizji Kablowej Ko\u0142obrzeg Sylwi\u0105 Kiljan-Rudowicz oraz jednocze\u015bnie nowy cykl spotka\u0144 Miejskiej Biblioteki Publicznej w Ko\u0142obrzegu i nowy program TKK. Wanda, ko\u0142obrzeska aktywistka, &hellip; <\/p>\n<p><a class=\"more-link block-button\" href=\"https:\/\/biblioteka.kolobrzeg.pl\/index.php\/2022\/04\/09\/z-wanda-nie-tylko-wsrod-zwierzat-2\/\">Kontynuuj czytanie &raquo;<\/a><\/p>\n","protected":false},"author":1,"featured_media":24122,"comment_status":"closed","ping_status":"closed","sticky":false,"template":"","format":"standard","meta":{"jetpack_post_was_ever_published":false,"_jetpack_newsletter_access":"","_jetpack_dont_email_post_to_subs":false,"_jetpack_newsletter_tier_id":0,"_jetpack_memberships_contains_paywalled_content":false,"_jetpack_memberships_contains_paid_content":false,"footnotes":"","jetpack_publicize_message":"","jetpack_publicize_feature_enabled":true,"jetpack_social_post_already_shared":true,"jetpack_social_options":{"image_generator_settings":{"template":"highway","default_image_id":0,"font":"","enabled":false},"version":2}},"categories":[1,21],"tags":[30],"class_list":["post-24081","post","type-post","status-publish","format-standard","has-post-thumbnail","hentry","category-aktualnosci","category-spotkania","tag-spotkanie"],"jetpack_publicize_connections":[],"jetpack_featured_media_url":"https:\/\/biblioteka.kolobrzeg.pl\/wp-content\/uploads\/2022\/04\/wanda0904221.jpeg","jetpack_likes_enabled":true,"jetpack_sharing_enabled":true,"_links":{"self":[{"href":"https:\/\/biblioteka.kolobrzeg.pl\/index.php\/wp-json\/wp\/v2\/posts\/24081","targetHints":{"allow":["GET"]}}],"collection":[{"href":"https:\/\/biblioteka.kolobrzeg.pl\/index.php\/wp-json\/wp\/v2\/posts"}],"about":[{"href":"https:\/\/biblioteka.kolobrzeg.pl\/index.php\/wp-json\/wp\/v2\/types\/post"}],"author":[{"embeddable":true,"href":"https:\/\/biblioteka.kolobrzeg.pl\/index.php\/wp-json\/wp\/v2\/users\/1"}],"replies":[{"embeddable":true,"href":"https:\/\/biblioteka.kolobrzeg.pl\/index.php\/wp-json\/wp\/v2\/comments?post=24081"}],"version-history":[{"count":0,"href":"https:\/\/biblioteka.kolobrzeg.pl\/index.php\/wp-json\/wp\/v2\/posts\/24081\/revisions"}],"wp:featuredmedia":[{"embeddable":true,"href":"https:\/\/biblioteka.kolobrzeg.pl\/index.php\/wp-json\/wp\/v2\/media\/24122"}],"wp:attachment":[{"href":"https:\/\/biblioteka.kolobrzeg.pl\/index.php\/wp-json\/wp\/v2\/media?parent=24081"}],"wp:term":[{"taxonomy":"category","embeddable":true,"href":"https:\/\/biblioteka.kolobrzeg.pl\/index.php\/wp-json\/wp\/v2\/categories?post=24081"},{"taxonomy":"post_tag","embeddable":true,"href":"https:\/\/biblioteka.kolobrzeg.pl\/index.php\/wp-json\/wp\/v2\/tags?post=24081"}],"curies":[{"name":"wp","href":"https:\/\/api.w.org\/{rel}","templated":true}]}}