{"id":24111,"date":"2022-04-21T10:24:00","date_gmt":"2022-04-21T08:24:00","guid":{"rendered":"https:\/\/biblioteka.kolobrzeg.pl\/?p=24111"},"modified":"2022-04-26T14:02:04","modified_gmt":"2022-04-26T12:02:04","slug":"spotkanie-z-anna-gacek","status":"publish","type":"post","link":"https:\/\/biblioteka.kolobrzeg.pl\/index.php\/2022\/04\/21\/spotkanie-z-anna-gacek\/","title":{"rendered":"Spotkanie z Ann\u0105 Gacek"},"content":{"rendered":"<p><a href=\"https:\/\/biblioteka.kolobrzeg.pl\/wp-content\/uploads\/2022\/04\/spotkgacek2204222.jpg\" data-rel=\"lightbox-image-0\" data-rl_title=\"\" data-rl_caption=\"\" title=\"\"><img loading=\"lazy\" decoding=\"async\" class=\"alignleft wp-image-24173 size-thumbnail\" src=\"https:\/\/biblioteka.kolobrzeg.pl\/wp-content\/uploads\/2022\/04\/spotkgacek2204222-150x150.jpg\" alt=\"Spotkanie Anna Gacek\" width=\"150\" height=\"150\" srcset=\"https:\/\/biblioteka.kolobrzeg.pl\/wp-content\/uploads\/2022\/04\/spotkgacek2204222-150x150.jpg 150w, https:\/\/biblioteka.kolobrzeg.pl\/wp-content\/uploads\/2022\/04\/spotkgacek2204222-144x144.jpg 144w\" sizes=\"auto, (max-width: 150px) 100vw, 150px\" \/><\/a>Anna Gacek &#8211; dziennikarka i prezenterka, by\u0142a Go\u015bciem Biblioteki w czwartkowe popo\u0142udnie. Spotkanie autorskie by\u0142o okazj\u0105 do rozmowy o ksi\u0105\u017cce &#8222;Ekstaza. Lata 90. Pocz\u0105tek.&#8221; (Wydawnictwo Marginesy), us\u0142yszenia wielu ciekawych anegdot, czy spytania o nurtuj\u0105ce nas kwestie lat 90. To by\u0142a prawdziwa gratka rytmie grunge!<\/p>\n<p>Spotkanie poprowadzi\u0142 Artur Burszta z Biuro Literackie.<\/p>\n<p><!--more--><\/p>\n\n\t\t<style type=\"text\/css\">\n\t\t\t#gallery-1 {\n\t\t\t\tmargin: auto;\n\t\t\t}\n\t\t\t#gallery-1 .gallery-item {\n\t\t\t\tfloat: left;\n\t\t\t\tmargin-top: 10px;\n\t\t\t\ttext-align: center;\n\t\t\t\twidth: 25%;\n\t\t\t}\n\t\t\t#gallery-1 img {\n\t\t\t\tborder: 2px solid #cfcfcf;\n\t\t\t}\n\t\t\t#gallery-1 .gallery-caption {\n\t\t\t\tmargin-left: 0;\n\t\t\t}\n\t\t\t\/* see gallery_shortcode() in wp-includes\/media.php *\/\n\t\t<\/style>\n\t\t<div id='gallery-1' class='gallery galleryid-24111 gallery-columns-4 gallery-size-thumbnail'><dl class='gallery-item'>\n\t\t\t<dt class='gallery-icon landscape'>\n\t\t\t\t<a href='https:\/\/biblioteka.kolobrzeg.pl\/wp-content\/uploads\/2022\/04\/spotkgacek2204221.jpg' title=\"\" data-rl_title=\"\" class=\"rl-gallery-link\" data-rl_caption=\"\" data-rel=\"lightbox-gallery-1\"><img loading=\"lazy\" decoding=\"async\" width=\"150\" height=\"150\" src=\"https:\/\/biblioteka.kolobrzeg.pl\/wp-content\/uploads\/2022\/04\/spotkgacek2204221-150x150.jpg\" class=\"attachment-thumbnail size-thumbnail\" alt=\"Spotkanie Anna Gacek\" srcset=\"https:\/\/biblioteka.kolobrzeg.pl\/wp-content\/uploads\/2022\/04\/spotkgacek2204221-150x150.jpg 150w, https:\/\/biblioteka.kolobrzeg.pl\/wp-content\/uploads\/2022\/04\/spotkgacek2204221-144x144.jpg 144w\" sizes=\"auto, (max-width: 150px) 100vw, 150px\" \/><\/a>\n\t\t\t<\/dt><\/dl><dl class='gallery-item'>\n\t\t\t<dt class='gallery-icon landscape'>\n\t\t\t\t<a href='https:\/\/biblioteka.kolobrzeg.pl\/wp-content\/uploads\/2022\/04\/spotkgacek2204223.jpg' title=\"\" data-rl_title=\"\" class=\"rl-gallery-link\" data-rl_caption=\"\" data-rel=\"lightbox-gallery-1\"><img loading=\"lazy\" decoding=\"async\" width=\"150\" height=\"150\" src=\"https:\/\/biblioteka.kolobrzeg.pl\/wp-content\/uploads\/2022\/04\/spotkgacek2204223-150x150.jpg\" class=\"attachment-thumbnail size-thumbnail\" alt=\"Spotkanie Anna Gacek\" srcset=\"https:\/\/biblioteka.kolobrzeg.pl\/wp-content\/uploads\/2022\/04\/spotkgacek2204223-150x150.jpg 150w, https:\/\/biblioteka.kolobrzeg.pl\/wp-content\/uploads\/2022\/04\/spotkgacek2204223-144x144.jpg 144w\" sizes=\"auto, (max-width: 150px) 100vw, 150px\" \/><\/a>\n\t\t\t<\/dt><\/dl><dl class='gallery-item'>\n\t\t\t<dt class='gallery-icon landscape'>\n\t\t\t\t<a href='https:\/\/biblioteka.kolobrzeg.pl\/wp-content\/uploads\/2022\/04\/spotkgacek2204222.jpg' title=\"\" data-rl_title=\"\" class=\"rl-gallery-link\" data-rl_caption=\"\" data-rel=\"lightbox-gallery-1\"><img loading=\"lazy\" decoding=\"async\" width=\"150\" height=\"150\" src=\"https:\/\/biblioteka.kolobrzeg.pl\/wp-content\/uploads\/2022\/04\/spotkgacek2204222-150x150.jpg\" class=\"attachment-thumbnail size-thumbnail\" alt=\"Spotkanie Anna Gacek\" srcset=\"https:\/\/biblioteka.kolobrzeg.pl\/wp-content\/uploads\/2022\/04\/spotkgacek2204222-150x150.jpg 150w, https:\/\/biblioteka.kolobrzeg.pl\/wp-content\/uploads\/2022\/04\/spotkgacek2204222-144x144.jpg 144w\" sizes=\"auto, (max-width: 150px) 100vw, 150px\" \/><\/a>\n\t\t\t<\/dt><\/dl><dl class='gallery-item'>\n\t\t\t<dt class='gallery-icon landscape'>\n\t\t\t\t<a href='https:\/\/biblioteka.kolobrzeg.pl\/wp-content\/uploads\/2022\/04\/spotgacek210422.jpg' title=\"\" data-rl_title=\"\" class=\"rl-gallery-link\" data-rl_caption=\"\" data-rel=\"lightbox-gallery-1\"><img loading=\"lazy\" decoding=\"async\" width=\"150\" height=\"150\" src=\"https:\/\/biblioteka.kolobrzeg.pl\/wp-content\/uploads\/2022\/04\/spotgacek210422-150x150.jpg\" class=\"attachment-thumbnail size-thumbnail\" alt=\"Spotkanie autorskie Anna Gacek\" srcset=\"https:\/\/biblioteka.kolobrzeg.pl\/wp-content\/uploads\/2022\/04\/spotgacek210422-150x150.jpg 150w, https:\/\/biblioteka.kolobrzeg.pl\/wp-content\/uploads\/2022\/04\/spotgacek210422-144x144.jpg 144w\" sizes=\"auto, (max-width: 150px) 100vw, 150px\" \/><\/a>\n\t\t\t<\/dt><\/dl><br style=\"clear: both\" \/>\n\t\t<\/div>\n\n<p>Program dofinansowany zosta\u0142 przez Gmin\u0119 Miasto Ko\u0142obrzeg w ramach \u015brodk\u00f3w MPPiRPA.<\/p>\n<p>Sex, drugs &amp; rock&#8217;n roll. Powr\u00f3t do lat 90 -tych. Genialna lektura dla fan\u00f3w grunge i nie tylko. Uzale\u017cnia jak heroina.<\/p>\n<p>Anna Gacek \u2013 dziennikarka i prezenterka, przez dwie dekady (do marca 2020 roku) zwi\u0105zana z Programem 3 Polskiego Radia. Opr\u00f3cz prowadzenia autorskich audycji, w tym wsp\u00f3lnie z Wojciechem Mannem \u201eW Tonacji Tr\u00f3jki\u201d, nadawa\u0142a relacje z najwi\u0119kszych \u015bwiatowych festiwali, m.in. z Glastonbury i Roskilde, w Polsce sp\u0119dzi\u0142a dziesi\u0119\u0107 lat na trasie M\u0119skie Granie i kilkana\u015bcie na Off Festivalu. Przeprowadzi\u0142a ponad tysi\u0105c wywiad\u00f3w, w tym z Paulem McCartneyem, Nickiem Cave\u2019em, Patti Smith, Marianne Faithfull, Florence Welch, Alexem Turnerem, The White Stripes i The Strokes. Obecnie, w autorskim cyklu podcast\u00f3w \u201eRzeczy ulubione\u201d, rozmawia z najwa\u017cniejszymi postaciami polskiej kultury. Pasjonatka sztuki, mody i popkultury, prowadzi\u0142a w TVP2 realizowany na licencji BBC program \u201eBake Off\u201d i po\u015bwi\u0119cony kulturze program \u201eDzieje si\u0119 na \u017cywo\u201d w Wirtualnej Polsce. Ekstaza. Lata 90., pocz\u0105tek to jej pierwsza ksi\u0105\u017cka.<\/p>\n","protected":false},"excerpt":{"rendered":"<p>Anna Gacek &#8211; dziennikarka i prezenterka, by\u0142a Go\u015bciem Biblioteki w czwartkowe popo\u0142udnie. Spotkanie autorskie by\u0142o okazj\u0105 do rozmowy o ksi\u0105\u017cce &#8222;Ekstaza. Lata 90. Pocz\u0105tek.&#8221; (Wydawnictwo Marginesy), us\u0142yszenia wielu ciekawych anegdot, czy spytania o nurtuj\u0105ce nas kwestie lat 90. To by\u0142a prawdziwa gratka rytmie grunge! Spotkanie poprowadzi\u0142 Artur Burszta z Biuro Literackie.<\/p><p><a class=\"more-link block-button\" href=\"https:\/\/biblioteka.kolobrzeg.pl\/index.php\/2022\/04\/21\/spotkanie-z-anna-gacek\/\">Kontynuuj czytanie &raquo;<\/a><\/p>\n","protected":false},"author":1,"featured_media":24173,"comment_status":"closed","ping_status":"closed","sticky":false,"template":"","format":"standard","meta":{"jetpack_post_was_ever_published":false,"_jetpack_newsletter_access":"","_jetpack_dont_email_post_to_subs":false,"_jetpack_newsletter_tier_id":0,"_jetpack_memberships_contains_paywalled_content":false,"_jetpack_memberships_contains_paid_content":false,"footnotes":"","jetpack_publicize_message":"","jetpack_publicize_feature_enabled":true,"jetpack_social_post_already_shared":true,"jetpack_social_options":{"image_generator_settings":{"template":"highway","default_image_id":0,"font":"","enabled":false},"version":2}},"categories":[1],"tags":[],"class_list":["post-24111","post","type-post","status-publish","format-standard","has-post-thumbnail","hentry","category-aktualnosci"],"jetpack_publicize_connections":[],"jetpack_featured_media_url":"https:\/\/biblioteka.kolobrzeg.pl\/wp-content\/uploads\/2022\/04\/spotkgacek2204222.jpg","jetpack_likes_enabled":true,"jetpack_sharing_enabled":true,"_links":{"self":[{"href":"https:\/\/biblioteka.kolobrzeg.pl\/index.php\/wp-json\/wp\/v2\/posts\/24111","targetHints":{"allow":["GET"]}}],"collection":[{"href":"https:\/\/biblioteka.kolobrzeg.pl\/index.php\/wp-json\/wp\/v2\/posts"}],"about":[{"href":"https:\/\/biblioteka.kolobrzeg.pl\/index.php\/wp-json\/wp\/v2\/types\/post"}],"author":[{"embeddable":true,"href":"https:\/\/biblioteka.kolobrzeg.pl\/index.php\/wp-json\/wp\/v2\/users\/1"}],"replies":[{"embeddable":true,"href":"https:\/\/biblioteka.kolobrzeg.pl\/index.php\/wp-json\/wp\/v2\/comments?post=24111"}],"version-history":[{"count":0,"href":"https:\/\/biblioteka.kolobrzeg.pl\/index.php\/wp-json\/wp\/v2\/posts\/24111\/revisions"}],"wp:featuredmedia":[{"embeddable":true,"href":"https:\/\/biblioteka.kolobrzeg.pl\/index.php\/wp-json\/wp\/v2\/media\/24173"}],"wp:attachment":[{"href":"https:\/\/biblioteka.kolobrzeg.pl\/index.php\/wp-json\/wp\/v2\/media?parent=24111"}],"wp:term":[{"taxonomy":"category","embeddable":true,"href":"https:\/\/biblioteka.kolobrzeg.pl\/index.php\/wp-json\/wp\/v2\/categories?post=24111"},{"taxonomy":"post_tag","embeddable":true,"href":"https:\/\/biblioteka.kolobrzeg.pl\/index.php\/wp-json\/wp\/v2\/tags?post=24111"}],"curies":[{"name":"wp","href":"https:\/\/api.w.org\/{rel}","templated":true}]}}