{"id":24231,"date":"2022-05-11T14:46:50","date_gmt":"2022-05-11T12:46:50","guid":{"rendered":"https:\/\/biblioteka.kolobrzeg.pl\/?p=24231"},"modified":"2022-06-02T18:02:19","modified_gmt":"2022-06-02T16:02:19","slug":"szanowni-uzytkownicy-2","status":"publish","type":"post","link":"https:\/\/biblioteka.kolobrzeg.pl\/index.php\/2022\/05\/11\/szanowni-uzytkownicy-2\/","title":{"rendered":"Szanowni U\u017cytkownicy"},"content":{"rendered":"\n<p>Informujemy, \u017ce od <strong>16 maja<\/strong> nast\u0105pi zmiana godzin otwarcia Biblioteki M\u0142odzie\u017cowej:<br>poniedzia\u0142ek &#8211; wtorek 11.00-16.00<br>\u015broda &#8211; pi\u0105tek 14.00-19.00<\/p>\n","protected":false},"excerpt":{"rendered":"<p>Informujemy, \u017ce od 16 maja nast\u0105pi zmiana godzin otwarcia Biblioteki M\u0142odzie\u017cowej:poniedzia\u0142ek &#8211; wtorek 11.00-16.00\u015broda &#8211; pi\u0105tek 14.00-19.00<\/p>\n","protected":false},"author":1,"featured_media":0,"comment_status":"closed","ping_status":"closed","sticky":false,"template":"","format":"standard","meta":{"jetpack_post_was_ever_published":false,"_jetpack_newsletter_access":"","_jetpack_dont_email_post_to_subs":false,"_jetpack_newsletter_tier_id":0,"_jetpack_memberships_contains_paywalled_content":false,"_jetpack_memberships_contains_paid_content":false,"footnotes":"","jetpack_publicize_message":"","jetpack_publicize_feature_enabled":true,"jetpack_social_post_already_shared":true,"jetpack_social_options":{"image_generator_settings":{"template":"highway","default_image_id":0,"font":"","enabled":false},"version":2}},"categories":[1],"tags":[],"class_list":["post-24231","post","type-post","status-publish","format-standard","hentry","category-aktualnosci"],"jetpack_publicize_connections":[],"jetpack_featured_media_url":"","jetpack_likes_enabled":true,"jetpack_sharing_enabled":true,"_links":{"self":[{"href":"https:\/\/biblioteka.kolobrzeg.pl\/index.php\/wp-json\/wp\/v2\/posts\/24231","targetHints":{"allow":["GET"]}}],"collection":[{"href":"https:\/\/biblioteka.kolobrzeg.pl\/index.php\/wp-json\/wp\/v2\/posts"}],"about":[{"href":"https:\/\/biblioteka.kolobrzeg.pl\/index.php\/wp-json\/wp\/v2\/types\/post"}],"author":[{"embeddable":true,"href":"https:\/\/biblioteka.kolobrzeg.pl\/index.php\/wp-json\/wp\/v2\/users\/1"}],"replies":[{"embeddable":true,"href":"https:\/\/biblioteka.kolobrzeg.pl\/index.php\/wp-json\/wp\/v2\/comments?post=24231"}],"version-history":[{"count":0,"href":"https:\/\/biblioteka.kolobrzeg.pl\/index.php\/wp-json\/wp\/v2\/posts\/24231\/revisions"}],"wp:attachment":[{"href":"https:\/\/biblioteka.kolobrzeg.pl\/index.php\/wp-json\/wp\/v2\/media?parent=24231"}],"wp:term":[{"taxonomy":"category","embeddable":true,"href":"https:\/\/biblioteka.kolobrzeg.pl\/index.php\/wp-json\/wp\/v2\/categories?post=24231"},{"taxonomy":"post_tag","embeddable":true,"href":"https:\/\/biblioteka.kolobrzeg.pl\/index.php\/wp-json\/wp\/v2\/tags?post=24231"}],"curies":[{"name":"wp","href":"https:\/\/api.w.org\/{rel}","templated":true}]}}