{"id":24294,"date":"2022-05-20T14:49:21","date_gmt":"2022-05-20T12:49:21","guid":{"rendered":"https:\/\/biblioteka.kolobrzeg.pl\/?p=24294"},"modified":"2022-06-06T08:36:17","modified_gmt":"2022-06-06T06:36:17","slug":"z-wanda-nie-tylko-wsrod-zwierzat-wydanie-specjalne","status":"publish","type":"post","link":"https:\/\/biblioteka.kolobrzeg.pl\/index.php\/2022\/05\/20\/z-wanda-nie-tylko-wsrod-zwierzat-wydanie-specjalne\/","title":{"rendered":"Z Wand\u0105 nie tylko w\u015br\u00f3d zwierz\u0105t \u2013 wydanie specjalne"},"content":{"rendered":"<p><a href=\"https:\/\/biblioteka.kolobrzeg.pl\/wp-content\/uploads\/2022\/05\/wanda040622.jpg\" data-rel=\"lightbox-image-0\" data-rl_title=\"\" data-rl_caption=\"\" title=\"\"><img loading=\"lazy\" decoding=\"async\" class=\"alignleft wp-image-24295\" src=\"https:\/\/biblioteka.kolobrzeg.pl\/wp-content\/uploads\/2022\/05\/wanda040622.jpg\" alt=\"Z Wand\u0105 nie tylko w\u015br\u00f3d zwierz\u0105t\" width=\"106\" height=\"150\"><\/a>Miejska Biblioteka Publiczna w Ko\u0142obrzegu serdecznie zaprasza na wydanie specjalne &#8222;Z Wand\u0105 nie tylko w\u015br\u00f3d zwierz\u0105t\u201d. Jest to autorski program Moniki Wandy W\u0142adzi\u0144skiej- ko\u0142obrzeskiej aktywistki, dzia\u0142aj\u0105cej w obszarze przyrody i zwierz\u0105t, wsp\u00f3\u0142prowadzony z Sylwi\u0105 Kiljan-Rudowicz, redaktor Telewizji Kablowej Ko\u0142obrzeg.<\/p>\n<p>Wydarzenie odb\u0119dzie si\u0119 <strong>4 czerwca 2022 r.<\/strong> <strong>(sobota) &nbsp;o godz. 12:45 <\/strong>w&nbsp; ramach Eko Festiwalu \u201eMi\u0119dzy Mostami\u201d. Miejsce: Miejska Biblioteka Publiczna w Ko\u0142obrzegu, Bulwar nad Pars\u0119t\u0105.<\/p>\n<p>Go\u015bciem czerwcowego odcinka b\u0119dzie Adam Zbyryt &#8211; pracownik Wydzia\u0142u Biologii Uniwersytetu w Bia\u0142ymstoku, by\u0142y cz\u0142onek Polskiego Towarzystwa Ochrony Ptak\u00f3w<!--more--> (PTOP), kt\u00f3ry na co dzie\u0144 zajmuje si\u0119 ochron\u0105 i badaniem ptak\u00f3w; autor ksi\u0105\u017cki \u201eKrajobraz strachu. Jak stres i strach kszta\u0142tuj\u0105 \u017cycie zwierz\u0105t\u201d oraz wsp\u00f3\u0142autor: \u201ePtaki Puszczy Bia\u0142owieskiej. Opowie\u015bci o mieszka\u0144cach niezwyk\u0142ego lasu\u201d (2020), \u201eKolizje ptak\u00f3w z transparentnymi powierzchniami. Kompendium wiedzy\u201d (2021), \u201eBocian. Biografia nieautoryzowana\u201d (2022).<\/p>\n<p>R\u00f3wnie\u017c go\u015bcinnie wsp\u00f3\u0142prowadz\u0105c\u0105 program b\u0119dzie Katarzyna Lesner &#8211; przyrodnik, ornitolog, behawiorysta zwierz\u0119cy, technik weterynaryjny oraz prezes Fundacji dla Dzikich Zwierz\u0105t LARUS.<\/p>\n","protected":false},"excerpt":{"rendered":"<p>Miejska Biblioteka Publiczna w Ko\u0142obrzegu serdecznie zaprasza na wydanie specjalne &#8222;Z Wand\u0105 nie tylko w\u015br\u00f3d zwierz\u0105t\u201d. Jest to autorski program Moniki Wandy W\u0142adzi\u0144skiej- ko\u0142obrzeskiej aktywistki, dzia\u0142aj\u0105cej w obszarze przyrody i zwierz\u0105t, wsp\u00f3\u0142prowadzony z Sylwi\u0105 Kiljan-Rudowicz, redaktor Telewizji Kablowej Ko\u0142obrzeg. Wydarzenie odb\u0119dzie si\u0119 4 czerwca 2022 r. (sobota) &nbsp;o godz. 12:45 w&nbsp; ramach Eko Festiwalu \u201eMi\u0119dzy &hellip; <\/p>\n<p><a class=\"more-link block-button\" href=\"https:\/\/biblioteka.kolobrzeg.pl\/index.php\/2022\/05\/20\/z-wanda-nie-tylko-wsrod-zwierzat-wydanie-specjalne\/\">Kontynuuj czytanie &raquo;<\/a><\/p>\n","protected":false},"author":1,"featured_media":24295,"comment_status":"closed","ping_status":"closed","sticky":false,"template":"","format":"standard","meta":{"jetpack_post_was_ever_published":false,"_jetpack_newsletter_access":"","_jetpack_dont_email_post_to_subs":false,"_jetpack_newsletter_tier_id":0,"_jetpack_memberships_contains_paywalled_content":false,"_jetpack_memberships_contains_paid_content":false,"footnotes":"","jetpack_publicize_message":"","jetpack_publicize_feature_enabled":true,"jetpack_social_post_already_shared":true,"jetpack_social_options":{"image_generator_settings":{"template":"highway","default_image_id":0,"font":"","enabled":false},"version":2}},"categories":[21],"tags":[],"class_list":["post-24294","post","type-post","status-publish","format-standard","has-post-thumbnail","hentry","category-spotkania"],"jetpack_publicize_connections":[],"jetpack_featured_media_url":"https:\/\/biblioteka.kolobrzeg.pl\/wp-content\/uploads\/2022\/05\/wanda040622.jpg","jetpack_likes_enabled":true,"jetpack_sharing_enabled":true,"_links":{"self":[{"href":"https:\/\/biblioteka.kolobrzeg.pl\/index.php\/wp-json\/wp\/v2\/posts\/24294","targetHints":{"allow":["GET"]}}],"collection":[{"href":"https:\/\/biblioteka.kolobrzeg.pl\/index.php\/wp-json\/wp\/v2\/posts"}],"about":[{"href":"https:\/\/biblioteka.kolobrzeg.pl\/index.php\/wp-json\/wp\/v2\/types\/post"}],"author":[{"embeddable":true,"href":"https:\/\/biblioteka.kolobrzeg.pl\/index.php\/wp-json\/wp\/v2\/users\/1"}],"replies":[{"embeddable":true,"href":"https:\/\/biblioteka.kolobrzeg.pl\/index.php\/wp-json\/wp\/v2\/comments?post=24294"}],"version-history":[{"count":0,"href":"https:\/\/biblioteka.kolobrzeg.pl\/index.php\/wp-json\/wp\/v2\/posts\/24294\/revisions"}],"wp:featuredmedia":[{"embeddable":true,"href":"https:\/\/biblioteka.kolobrzeg.pl\/index.php\/wp-json\/wp\/v2\/media\/24295"}],"wp:attachment":[{"href":"https:\/\/biblioteka.kolobrzeg.pl\/index.php\/wp-json\/wp\/v2\/media?parent=24294"}],"wp:term":[{"taxonomy":"category","embeddable":true,"href":"https:\/\/biblioteka.kolobrzeg.pl\/index.php\/wp-json\/wp\/v2\/categories?post=24294"},{"taxonomy":"post_tag","embeddable":true,"href":"https:\/\/biblioteka.kolobrzeg.pl\/index.php\/wp-json\/wp\/v2\/tags?post=24294"}],"curies":[{"name":"wp","href":"https:\/\/api.w.org\/{rel}","templated":true}]}}