{"id":24356,"date":"2022-06-09T11:40:00","date_gmt":"2022-06-09T09:40:00","guid":{"rendered":"https:\/\/biblioteka.kolobrzeg.pl\/?p=24356"},"modified":"2022-06-13T12:04:48","modified_gmt":"2022-06-13T10:04:48","slug":"dkk-dla-dzieci-2","status":"publish","type":"post","link":"https:\/\/biblioteka.kolobrzeg.pl\/index.php\/2022\/06\/09\/dkk-dla-dzieci-2\/","title":{"rendered":"DKK dla dzieci"},"content":{"rendered":"<p><a href=\"https:\/\/biblioteka.kolobrzeg.pl\/wp-content\/uploads\/2022\/06\/dkkdzieci0906223.jpg\" data-rel=\"lightbox-image-0\" data-rl_title=\"\" data-rl_caption=\"\" title=\"\"><img loading=\"lazy\" decoding=\"async\" class=\"alignleft wp-image-24357 size-thumbnail\" src=\"https:\/\/biblioteka.kolobrzeg.pl\/wp-content\/uploads\/2022\/06\/dkkdzieci0906223-150x150.jpg\" alt=\"DKK dla dzieci\" width=\"150\" height=\"150\" srcset=\"https:\/\/biblioteka.kolobrzeg.pl\/wp-content\/uploads\/2022\/06\/dkkdzieci0906223-150x150.jpg 150w, https:\/\/biblioteka.kolobrzeg.pl\/wp-content\/uploads\/2022\/06\/dkkdzieci0906223-144x144.jpg 144w\" sizes=\"auto, (max-width: 150px) 100vw, 150px\" \/><\/a>Na pierwszym spotkaniu DKK dla dzieci by\u0142y omawiane \u201ePszczo\u0142y\u201d W. Grajkowskiego, do kt\u00f3rych ilustracje wykona\u0142 P. Socha, wydanej przez wydawnictwo Dwie Siostry. Na spotkaniu dzieci mia\u0142y okazj\u0119 spr\u00f3bowa\u0107 mi\u00f3d i py\u0142ek kwiatowy. Dowiedzia\u0142y si\u0119 jak mo\u017cna zbudowa\u0107 hotelik do owad\u00f3w, nie zabrak\u0142o zabaw, kolorowanek i gier planszowych.<!--more--><\/p>\n<p>Na nast\u0119pne spotkanie zapraszamy 29.09.2022 o godz. 17.00 do Biblioteki Dzieci\u0119cej przy ul. Brzozowej 9 a. Omawiana b\u0119dzie ksi\u0105\u017cka Micha\u0142a Rusinka \u201e Wierszyki domowe\u201d.<\/p>\n<p>Po egzemplarze do przeczytania przed dyskusj\u0105 zapraszamy do Biblioteki Dzieci\u0119cej przy ul. Brzozowej 9 a.<\/p>\n<p>Kontakt telefoniczny: 94 35 472 03<br \/>e-mail: dkk@biblioteka.kolobrzeg.pl<br \/>Program Dyskusyjny Klub Ksi\u0105\u017cki realizowany jest we wsp\u00f3\u0142pracy z Instytutem Ksi\u0105\u017cki oraz Narodowym Programem Rozwoju Czytelnictwa 2.0.<\/p>\n\n\t\t<style type=\"text\/css\">\n\t\t\t#gallery-1 {\n\t\t\t\tmargin: auto;\n\t\t\t}\n\t\t\t#gallery-1 .gallery-item {\n\t\t\t\tfloat: left;\n\t\t\t\tmargin-top: 10px;\n\t\t\t\ttext-align: center;\n\t\t\t\twidth: 20%;\n\t\t\t}\n\t\t\t#gallery-1 img {\n\t\t\t\tborder: 2px solid #cfcfcf;\n\t\t\t}\n\t\t\t#gallery-1 .gallery-caption {\n\t\t\t\tmargin-left: 0;\n\t\t\t}\n\t\t\t\/* see gallery_shortcode() in wp-includes\/media.php *\/\n\t\t<\/style>\n\t\t<div id='gallery-1' class='gallery galleryid-24356 gallery-columns-5 gallery-size-thumbnail'><dl class='gallery-item'>\n\t\t\t<dt class='gallery-icon landscape'>\n\t\t\t\t<a href='https:\/\/biblioteka.kolobrzeg.pl\/wp-content\/uploads\/2022\/06\/dkkdzieci0906222.jpg' title=\"\" data-rl_title=\"\" class=\"rl-gallery-link\" data-rl_caption=\"\" data-rel=\"lightbox-gallery-1\"><img loading=\"lazy\" decoding=\"async\" width=\"150\" height=\"150\" src=\"https:\/\/biblioteka.kolobrzeg.pl\/wp-content\/uploads\/2022\/06\/dkkdzieci0906222-150x150.jpg\" class=\"attachment-thumbnail size-thumbnail\" alt=\"DKK dla dzieci\" srcset=\"https:\/\/biblioteka.kolobrzeg.pl\/wp-content\/uploads\/2022\/06\/dkkdzieci0906222-150x150.jpg 150w, https:\/\/biblioteka.kolobrzeg.pl\/wp-content\/uploads\/2022\/06\/dkkdzieci0906222-144x144.jpg 144w\" sizes=\"auto, (max-width: 150px) 100vw, 150px\" \/><\/a>\n\t\t\t<\/dt><\/dl><dl class='gallery-item'>\n\t\t\t<dt class='gallery-icon landscape'>\n\t\t\t\t<a href='https:\/\/biblioteka.kolobrzeg.pl\/wp-content\/uploads\/2022\/06\/dkkdzieci0906221.jpg' title=\"\" data-rl_title=\"\" class=\"rl-gallery-link\" data-rl_caption=\"\" data-rel=\"lightbox-gallery-1\"><img loading=\"lazy\" decoding=\"async\" width=\"150\" height=\"150\" src=\"https:\/\/biblioteka.kolobrzeg.pl\/wp-content\/uploads\/2022\/06\/dkkdzieci0906221-150x150.jpg\" class=\"attachment-thumbnail size-thumbnail\" alt=\"DKK dla dzieci\" srcset=\"https:\/\/biblioteka.kolobrzeg.pl\/wp-content\/uploads\/2022\/06\/dkkdzieci0906221-150x150.jpg 150w, https:\/\/biblioteka.kolobrzeg.pl\/wp-content\/uploads\/2022\/06\/dkkdzieci0906221-144x144.jpg 144w\" sizes=\"auto, (max-width: 150px) 100vw, 150px\" \/><\/a>\n\t\t\t<\/dt><\/dl><dl class='gallery-item'>\n\t\t\t<dt class='gallery-icon landscape'>\n\t\t\t\t<a href='https:\/\/biblioteka.kolobrzeg.pl\/wp-content\/uploads\/2022\/06\/dkkdzieci0906225.jpg' title=\"\" data-rl_title=\"\" class=\"rl-gallery-link\" data-rl_caption=\"\" data-rel=\"lightbox-gallery-1\"><img loading=\"lazy\" decoding=\"async\" width=\"150\" height=\"150\" src=\"https:\/\/biblioteka.kolobrzeg.pl\/wp-content\/uploads\/2022\/06\/dkkdzieci0906225-150x150.jpg\" class=\"attachment-thumbnail size-thumbnail\" alt=\"DKK dla dzieci\" srcset=\"https:\/\/biblioteka.kolobrzeg.pl\/wp-content\/uploads\/2022\/06\/dkkdzieci0906225-150x150.jpg 150w, https:\/\/biblioteka.kolobrzeg.pl\/wp-content\/uploads\/2022\/06\/dkkdzieci0906225-144x144.jpg 144w\" sizes=\"auto, (max-width: 150px) 100vw, 150px\" \/><\/a>\n\t\t\t<\/dt><\/dl><dl class='gallery-item'>\n\t\t\t<dt class='gallery-icon landscape'>\n\t\t\t\t<a href='https:\/\/biblioteka.kolobrzeg.pl\/wp-content\/uploads\/2022\/06\/dkkdzieci0906224.jpg' title=\"\" data-rl_title=\"\" class=\"rl-gallery-link\" data-rl_caption=\"\" data-rel=\"lightbox-gallery-1\"><img loading=\"lazy\" decoding=\"async\" width=\"150\" height=\"150\" src=\"https:\/\/biblioteka.kolobrzeg.pl\/wp-content\/uploads\/2022\/06\/dkkdzieci0906224-150x150.jpg\" class=\"attachment-thumbnail size-thumbnail\" alt=\"DKK dla dzieci\" srcset=\"https:\/\/biblioteka.kolobrzeg.pl\/wp-content\/uploads\/2022\/06\/dkkdzieci0906224-150x150.jpg 150w, https:\/\/biblioteka.kolobrzeg.pl\/wp-content\/uploads\/2022\/06\/dkkdzieci0906224-144x144.jpg 144w\" sizes=\"auto, (max-width: 150px) 100vw, 150px\" \/><\/a>\n\t\t\t<\/dt><\/dl><dl class='gallery-item'>\n\t\t\t<dt class='gallery-icon landscape'>\n\t\t\t\t<a href='https:\/\/biblioteka.kolobrzeg.pl\/wp-content\/uploads\/2022\/06\/dkkdzieci0906223.jpg' title=\"\" data-rl_title=\"\" class=\"rl-gallery-link\" data-rl_caption=\"\" data-rel=\"lightbox-gallery-1\"><img loading=\"lazy\" decoding=\"async\" width=\"150\" height=\"150\" src=\"https:\/\/biblioteka.kolobrzeg.pl\/wp-content\/uploads\/2022\/06\/dkkdzieci0906223-150x150.jpg\" class=\"attachment-thumbnail size-thumbnail\" alt=\"DKK dla dzieci\" srcset=\"https:\/\/biblioteka.kolobrzeg.pl\/wp-content\/uploads\/2022\/06\/dkkdzieci0906223-150x150.jpg 150w, https:\/\/biblioteka.kolobrzeg.pl\/wp-content\/uploads\/2022\/06\/dkkdzieci0906223-144x144.jpg 144w\" sizes=\"auto, (max-width: 150px) 100vw, 150px\" \/><\/a>\n\t\t\t<\/dt><\/dl><br style=\"clear: both\" \/>\n\t\t<\/div>\n\n","protected":false},"excerpt":{"rendered":"<p>Na pierwszym spotkaniu DKK dla dzieci by\u0142y omawiane \u201ePszczo\u0142y\u201d W. Grajkowskiego, do kt\u00f3rych ilustracje wykona\u0142 P. Socha, wydanej przez wydawnictwo Dwie Siostry. Na spotkaniu dzieci mia\u0142y okazj\u0119 spr\u00f3bowa\u0107 mi\u00f3d i py\u0142ek kwiatowy. Dowiedzia\u0142y si\u0119 jak mo\u017cna zbudowa\u0107 hotelik do owad\u00f3w, nie zabrak\u0142o zabaw, kolorowanek i gier planszowych.<\/p><p><a class=\"more-link block-button\" href=\"https:\/\/biblioteka.kolobrzeg.pl\/index.php\/2022\/06\/09\/dkk-dla-dzieci-2\/\">Kontynuuj czytanie &raquo;<\/a><\/p>\n","protected":false},"author":1,"featured_media":24357,"comment_status":"closed","ping_status":"closed","sticky":false,"template":"","format":"standard","meta":{"jetpack_post_was_ever_published":false,"_jetpack_newsletter_access":"","_jetpack_dont_email_post_to_subs":false,"_jetpack_newsletter_tier_id":0,"_jetpack_memberships_contains_paywalled_content":false,"_jetpack_memberships_contains_paid_content":false,"footnotes":"","jetpack_publicize_message":"","jetpack_publicize_feature_enabled":true,"jetpack_social_post_already_shared":true,"jetpack_social_options":{"image_generator_settings":{"template":"highway","default_image_id":0,"font":"","enabled":false},"version":2}},"categories":[1],"tags":[29,45],"class_list":["post-24356","post","type-post","status-publish","format-standard","has-post-thumbnail","hentry","category-aktualnosci","tag-dkk","tag-dzieci"],"jetpack_publicize_connections":[],"jetpack_featured_media_url":"https:\/\/biblioteka.kolobrzeg.pl\/wp-content\/uploads\/2022\/06\/dkkdzieci0906223.jpg","jetpack_likes_enabled":true,"jetpack_sharing_enabled":true,"_links":{"self":[{"href":"https:\/\/biblioteka.kolobrzeg.pl\/index.php\/wp-json\/wp\/v2\/posts\/24356","targetHints":{"allow":["GET"]}}],"collection":[{"href":"https:\/\/biblioteka.kolobrzeg.pl\/index.php\/wp-json\/wp\/v2\/posts"}],"about":[{"href":"https:\/\/biblioteka.kolobrzeg.pl\/index.php\/wp-json\/wp\/v2\/types\/post"}],"author":[{"embeddable":true,"href":"https:\/\/biblioteka.kolobrzeg.pl\/index.php\/wp-json\/wp\/v2\/users\/1"}],"replies":[{"embeddable":true,"href":"https:\/\/biblioteka.kolobrzeg.pl\/index.php\/wp-json\/wp\/v2\/comments?post=24356"}],"version-history":[{"count":0,"href":"https:\/\/biblioteka.kolobrzeg.pl\/index.php\/wp-json\/wp\/v2\/posts\/24356\/revisions"}],"wp:featuredmedia":[{"embeddable":true,"href":"https:\/\/biblioteka.kolobrzeg.pl\/index.php\/wp-json\/wp\/v2\/media\/24357"}],"wp:attachment":[{"href":"https:\/\/biblioteka.kolobrzeg.pl\/index.php\/wp-json\/wp\/v2\/media?parent=24356"}],"wp:term":[{"taxonomy":"category","embeddable":true,"href":"https:\/\/biblioteka.kolobrzeg.pl\/index.php\/wp-json\/wp\/v2\/categories?post=24356"},{"taxonomy":"post_tag","embeddable":true,"href":"https:\/\/biblioteka.kolobrzeg.pl\/index.php\/wp-json\/wp\/v2\/tags?post=24356"}],"curies":[{"name":"wp","href":"https:\/\/api.w.org\/{rel}","templated":true}]}}