{"id":24585,"date":"2022-09-14T14:33:26","date_gmt":"2022-09-14T12:33:26","guid":{"rendered":"https:\/\/biblioteka.kolobrzeg.pl\/?p=24585"},"modified":"2022-09-26T09:39:41","modified_gmt":"2022-09-26T07:39:41","slug":"wez-udzial-w-pracowni-czytelniczej","status":"publish","type":"post","link":"https:\/\/biblioteka.kolobrzeg.pl\/index.php\/2022\/09\/14\/wez-udzial-w-pracowni-czytelniczej\/","title":{"rendered":"We\u017a udzia\u0142 w pracowni czytelniczej"},"content":{"rendered":"<p><a href=\"https:\/\/biblioteka.kolobrzeg.pl\/wp-content\/uploads\/2022\/09\/transportlit240922.jpg\" data-rel=\"lightbox-image-0\" data-rl_title=\"\" data-rl_caption=\"\" title=\"\"><img loading=\"lazy\" decoding=\"async\" class=\"alignleft wp-image-24588\" src=\"https:\/\/biblioteka.kolobrzeg.pl\/wp-content\/uploads\/2022\/09\/transportlit240922.jpg\" alt=\"TranSport Literacki 2022 plakat\" width=\"106\" height=\"150\"><\/a>Jeste\u015b czytelniczk\u0105 lub czytelnikiem i szukasz w ksi\u0105\u017ckach czego\u015b wi\u0119cej ni\u017c tylko przyjemno\u015bci z lektury? Starasz si\u0119 nad\u0105\u017ca\u0107 za wszystkimi najwa\u017cniejszymi premierami? Otwierasz si\u0119 na nowe obszary i doznania? Szukasz dobrych rekomendacji? Lubisz dyskutowa\u0107 o ksi\u0105\u017ckach w doborowym towarzystwie? Cenisz spotkania z tymi, kt\u00f3rzy tak jak Ty kochaj\u0105 czyta\u0107 i potrafi\u0105 z pasj\u0105 opowiada\u0107 o swoich lekturach?<\/p>\n<p>Mi\u0119dzy <strong>22 a 25 wrze\u015bnia<\/strong> po raz pierwszy w Ko\u0142obrzegu odb\u0119dzie si\u0119 najstarszy festiwal literacki w Polsce, dawny Fort, Port i Stacja Literatura, kt\u00f3ry w nowym miejscu nosi\u0107 b\u0119dzie nazw\u0119 <a href=\"https:\/\/www.facebook.com\/events\/859419462117634\/?acontext=%7B%22source%22%3A3%2C%22source_newsfeed_story_type%22%3A%22regular%22%2C%22action_history%22%3A%22[%7B%5C%22surface%5C%22%3A%5C%22newsfeed%5C%22%2C%5C%22mechanism%5C%22%3A%5C%22feed_story%5C%22%2C%5C%22extra_data%5C%22%3A[]%7D]%22%2C%22has_source%22%3Atrue%7D&amp;source=3&amp;source_newsfeed_story_type=regular&amp;action_history=[%7B%22surface%22%3A%22newsfeed%22%2C%22mechanism%22%3A%22feed_story%22%2C%22extra_data%22%3A[]%7D]&amp;has_source=1&amp;fref=mentions&amp;__xts__[0]=68.ARACHIJjDChTXuNbUyipc0gd-JwbRYQqsVFwYq93xKdBc7SYjC6L9iBF4M_InyqoRBsVAfbGuuMyRnzuZBLeLqQRfeO6sAODISJwTfM9FraNZaxj-dQeD1IwUlf0wMNpCsHc8NhJ4zKwVwSbJAyKcbRQIJ12wjAoE2z2esaRlrASy3cbfYPLdJOrfZcA8JIl0gyVpVkNRhApM8nL6mviGfbOGoP7hITD1wTxW9gH5cLZ9hGVvINkzDzFGoDXTtmwSbvm4nMs9Ne-ZlYjKN9K5P043x2081dDx1rwfFOJ_9JHbuTkBQpWqnKmCCeO8KB25zbiHbjtwQoR4eKP\">TransPort Literacki 27<\/a>. Obok kilkudziesi\u0119ciu wydarze\u0144 z udzia\u0142em ponad sze\u015b\u0107dziesi\u0119ciorga autorek i autor\u00f3w z kilkunastu kraj\u00f3w, a tak\u017ce opr\u00f3cz fina\u0142\u00f3w projekt\u00f3w wydawniczych, warsztat\u00f3w dla ksi\u0119garzy oraz pracowni otwartych wierszem i proz\u0105, zaplanowany zosta\u0142 cykl zaj\u0119\u0107 dla czytelniczek i czytelnik\u00f3w.<!--more--><\/p>\n<p>Zaj\u0119cia dla wybranej w ramach niniejszego naboru grupy zostan\u0105 poprowadzone przez uznanych dziennikarzy i dziennikarki, krytyk\u00f3w i krytyczki oraz wyk\u0142adowc\u00f3w i wyk\u0142adowczynie: Ol\u0119 Budk\u0119 (\u201eMuzyczne (auto)biografie\u201d), Ing\u0119 Iwasi \u00f3w (\u201eProzy konfesyjne. Jak przek\u0142ada\u0107 \u017cycie na literatur\u0119\u201d), Dariusza Bugalski ego (\u201e12\u201d), Katarzyn\u0119 Stop arcz yk (\u201eO tym, jak mie\u0107 w \u017cyciu frajd\u0119\u201d), Piotra \u015ali wi\u0144ski ego (\u201eWiersze modne. Jak w tym sezonie nosi\u0107 si\u0119 lirycznie\u201d), Barbara Piegdo\u0144-Adamcz yk (\u201eJak si\u0119 robi Magazyn do czytania\u201d).<\/p>\n<p>Chcesz wzi\u0105\u0107 udzia\u0142 w zaj\u0119ciach, kt\u00f3re odbywa\u0107 si\u0119 b\u0119d\u0105 w pi\u0105tek, sobot\u0119 i niedziel\u0119 mi\u0119dzy 9:00 a 11:00 w Hotelu Saltic w Grzybowie? Wy\u015blij swoje zg\u0142oszenie na festiwalowy adres akcje@ biuroliterackie.pl lub zapisz si\u0119 w Miejskiej Bibliotece Publicznej w Ko\u0142obrzegu (ul. Frankowskiego 3). Udzia\u0142 w zaj\u0119ciach jest bezp\u0142atny. Osoby spoza Ko\u0142obrzegu ponosz\u0105 we w\u0142asnym zakresie koszty nocleg\u00f3w, posi\u0142k\u00f3w i dojazdu na miejsce wydarzenia.<\/p>\n<p>Organizatorzy zapewniaj\u0105 zakwalifikowanym osobom bezp\u0142atny transport na trasie MBP (ul. Frankowskiego 3) \u2013 Hotel Saltic w Grzybowie \u2013 RCK (Solna 1) oraz wej\u015bci\u00f3wki na wybrane wydarzenia festiwalu. Zapisy przyjmowane s\u0105 do 21 wrze\u015bnia. Decyzje o zaproszeniu do udzia\u0142u w zaj\u0119ciach przesy\u0142ane s\u0105 na podane w zg\u0142oszeniach adresy mailowe. Zapraszaj\u0105: Biuro Literackie oraz Miejska Biblioteka Publiczna w Ko\u0142obrzegu.<\/p>\n<p>Do pobrania:<\/p>\n<p><a href=\"https:\/\/biblioteka.kolobrzeg.pl\/wp-content\/uploads\/2022\/09\/transportlitformularz.pdf\">Formularz zg\u0142oszeniowy<\/a><\/p>\n<p>Linki:<\/p>\n<p><a href=\"https:\/\/www.facebook.com\/BLiterackie\/?fref=mentions&amp;__xts__[0]=68.ARACHIJjDChTXuNbUyipc0gd-JwbRYQqsVFwYq93xKdBc7SYjC6L9iBF4M_InyqoRBsVAfbGuuMyRnzuZBLeLqQRfeO6sAODISJwTfM9FraNZaxj-dQeD1IwUlf0wMNpCsHc8NhJ4zKwVwSbJAyKcbRQIJ12wjAoE2z2esaRlrASy3cbfYPLdJOrfZcA8JIl0gyVpVkNRhApM8nL6mviGfbOGoP7hITD1wTxW9gH5cLZ9hGVvINkzDzFGoDXTtmwSbvm4nMs9Ne-ZlYjKN9K5P043x2081dDx1rwfFOJ_9JHbuTkBQpWqnKmCCeO8KB25zbiHbjtwQoR4eKP\">Biuro Literackie<\/a><\/p>\n<p><a href=\"https:\/\/www.facebook.com\/events\/859419462117634\/?acontext=%7B%22source%22%3A3%2C%22source_newsfeed_story_type%22%3A%22regular%22%2C%22action_history%22%3A%22[%7B%5C%22surface%5C%22%3A%5C%22newsfeed%5C%22%2C%5C%22mechanism%5C%22%3A%5C%22feed_story%5C%22%2C%5C%22extra_data%5C%22%3A[]%7D]%22%2C%22has_source%22%3Atrue%7D&amp;source=3&amp;source_newsfeed_story_type=regular&amp;action_history=[%7B%22surface%22%3A%22newsfeed%22%2C%22mechanism%22%3A%22feed_story%22%2C%22extra_data%22%3A[]%7D]&amp;has_source=1&amp;fref=mentions&amp;__xts__[0]=68.ARACHIJjDChTXuNbUyipc0gd-JwbRYQqsVFwYq93xKdBc7SYjC6L9iBF4M_InyqoRBsVAfbGuuMyRnzuZBLeLqQRfeO6sAODISJwTfM9FraNZaxj-dQeD1IwUlf0wMNpCsHc8NhJ4zKwVwSbJAyKcbRQIJ12wjAoE2z2esaRlrASy3cbfYPLdJOrfZcA8JIl0gyVpVkNRhApM8nL6mviGfbOGoP7hITD1wTxW9gH5cLZ9hGVvINkzDzFGoDXTtmwSbvm4nMs9Ne-ZlYjKN9K5P043x2081dDx1rwfFOJ_9JHbuTkBQpWqnKmCCeO8KB25zbiHbjtwQoR4eKP\">TransPort Literacki 27<\/a><\/p>\n","protected":false},"excerpt":{"rendered":"<p>Jeste\u015b czytelniczk\u0105 lub czytelnikiem i szukasz w ksi\u0105\u017ckach czego\u015b wi\u0119cej ni\u017c tylko przyjemno\u015bci z lektury? Starasz si\u0119 nad\u0105\u017ca\u0107 za wszystkimi najwa\u017cniejszymi premierami? Otwierasz si\u0119 na nowe obszary i doznania? Szukasz dobrych rekomendacji? Lubisz dyskutowa\u0107 o ksi\u0105\u017ckach w doborowym towarzystwie? Cenisz spotkania z tymi, kt\u00f3rzy tak jak Ty kochaj\u0105 czyta\u0107 i potrafi\u0105 z pasj\u0105 opowiada\u0107 o &hellip; <\/p>\n<p><a class=\"more-link block-button\" href=\"https:\/\/biblioteka.kolobrzeg.pl\/index.php\/2022\/09\/14\/wez-udzial-w-pracowni-czytelniczej\/\">Kontynuuj czytanie &raquo;<\/a><\/p>\n","protected":false},"author":1,"featured_media":24588,"comment_status":"closed","ping_status":"closed","sticky":false,"template":"","format":"standard","meta":{"jetpack_post_was_ever_published":false,"_jetpack_newsletter_access":"","_jetpack_dont_email_post_to_subs":false,"_jetpack_newsletter_tier_id":0,"_jetpack_memberships_contains_paywalled_content":false,"_jetpack_memberships_contains_paid_content":false,"footnotes":"","jetpack_publicize_message":"","jetpack_publicize_feature_enabled":true,"jetpack_social_post_already_shared":true,"jetpack_social_options":{"image_generator_settings":{"template":"highway","default_image_id":0,"font":"","enabled":false},"version":2}},"categories":[1],"tags":[],"class_list":["post-24585","post","type-post","status-publish","format-standard","has-post-thumbnail","hentry","category-aktualnosci"],"jetpack_publicize_connections":[],"jetpack_featured_media_url":"https:\/\/biblioteka.kolobrzeg.pl\/wp-content\/uploads\/2022\/09\/transportlit240922.jpg","jetpack_likes_enabled":true,"jetpack_sharing_enabled":true,"_links":{"self":[{"href":"https:\/\/biblioteka.kolobrzeg.pl\/index.php\/wp-json\/wp\/v2\/posts\/24585","targetHints":{"allow":["GET"]}}],"collection":[{"href":"https:\/\/biblioteka.kolobrzeg.pl\/index.php\/wp-json\/wp\/v2\/posts"}],"about":[{"href":"https:\/\/biblioteka.kolobrzeg.pl\/index.php\/wp-json\/wp\/v2\/types\/post"}],"author":[{"embeddable":true,"href":"https:\/\/biblioteka.kolobrzeg.pl\/index.php\/wp-json\/wp\/v2\/users\/1"}],"replies":[{"embeddable":true,"href":"https:\/\/biblioteka.kolobrzeg.pl\/index.php\/wp-json\/wp\/v2\/comments?post=24585"}],"version-history":[{"count":0,"href":"https:\/\/biblioteka.kolobrzeg.pl\/index.php\/wp-json\/wp\/v2\/posts\/24585\/revisions"}],"wp:featuredmedia":[{"embeddable":true,"href":"https:\/\/biblioteka.kolobrzeg.pl\/index.php\/wp-json\/wp\/v2\/media\/24588"}],"wp:attachment":[{"href":"https:\/\/biblioteka.kolobrzeg.pl\/index.php\/wp-json\/wp\/v2\/media?parent=24585"}],"wp:term":[{"taxonomy":"category","embeddable":true,"href":"https:\/\/biblioteka.kolobrzeg.pl\/index.php\/wp-json\/wp\/v2\/categories?post=24585"},{"taxonomy":"post_tag","embeddable":true,"href":"https:\/\/biblioteka.kolobrzeg.pl\/index.php\/wp-json\/wp\/v2\/tags?post=24585"}],"curies":[{"name":"wp","href":"https:\/\/api.w.org\/{rel}","templated":true}]}}