{"id":24613,"date":"2022-09-22T15:34:16","date_gmt":"2022-09-22T13:34:16","guid":{"rendered":"https:\/\/biblioteka.kolobrzeg.pl\/?p=24613"},"modified":"2022-10-03T09:11:38","modified_gmt":"2022-10-03T07:11:38","slug":"dyskusyjny-klub-ksiazki-dla-dzieci","status":"publish","type":"post","link":"https:\/\/biblioteka.kolobrzeg.pl\/index.php\/2022\/09\/22\/dyskusyjny-klub-ksiazki-dla-dzieci\/","title":{"rendered":"Dyskusyjny Klub Ksi\u0105\u017cki dla dzieci"},"content":{"rendered":"<p><a href=\"https:\/\/biblioteka.kolobrzeg.pl\/wp-content\/uploads\/2022\/09\/dkkdzieci290922.jpg\" data-rel=\"lightbox-image-0\" data-rl_title=\"\" data-rl_caption=\"\" title=\"\"><img loading=\"lazy\" decoding=\"async\" class=\"alignleft wp-image-24614\" src=\"https:\/\/biblioteka.kolobrzeg.pl\/wp-content\/uploads\/2022\/09\/dkkdzieci290922.jpg\" alt=\"DKK dla dzieci\" width=\"106\" height=\"150\"><\/a>Zapraszamy, <strong>29 wrze\u015bnia<\/strong> godz. <strong>17.00<\/strong> do Biblioteki Dzieci\u0119cej ul Brzozowa 9a, na spotkanie Dyskusyjnego Klubu Ksi\u0105\u017cki dla dzieci. Porozmawiamy o ksi\u0105\u017cce Micha\u0142a Rusinka \u201eWierszyki domowe\u201d. Egzemplarze ksi\u0105\u017cki dla dzieci, kt\u00f3re chc\u0105 do\u0142\u0105czy\u0107 do klubu, s\u0105 dost\u0119pne w Bibliotece Dzieci\u0119cej.<\/p>\n","protected":false},"excerpt":{"rendered":"<p>Zapraszamy, 29 wrze\u015bnia godz. 17.00 do Biblioteki Dzieci\u0119cej ul Brzozowa 9a, na spotkanie Dyskusyjnego Klubu Ksi\u0105\u017cki dla dzieci. Porozmawiamy o ksi\u0105\u017cce Micha\u0142a Rusinka \u201eWierszyki domowe\u201d. Egzemplarze ksi\u0105\u017cki dla dzieci, kt\u00f3re chc\u0105 do\u0142\u0105czy\u0107 do klubu, s\u0105 dost\u0119pne w Bibliotece Dzieci\u0119cej.<\/p>\n","protected":false},"author":1,"featured_media":24614,"comment_status":"closed","ping_status":"closed","sticky":false,"template":"","format":"standard","meta":{"jetpack_post_was_ever_published":false,"_jetpack_newsletter_access":"","_jetpack_dont_email_post_to_subs":false,"_jetpack_newsletter_tier_id":0,"_jetpack_memberships_contains_paywalled_content":false,"_jetpack_memberships_contains_paid_content":false,"footnotes":"","jetpack_publicize_message":"","jetpack_publicize_feature_enabled":true,"jetpack_social_post_already_shared":true,"jetpack_social_options":{"image_generator_settings":{"template":"highway","default_image_id":0,"font":"","enabled":false},"version":2}},"categories":[1],"tags":[29,45],"class_list":["post-24613","post","type-post","status-publish","format-standard","has-post-thumbnail","hentry","category-aktualnosci","tag-dkk","tag-dzieci"],"jetpack_publicize_connections":[],"jetpack_featured_media_url":"https:\/\/biblioteka.kolobrzeg.pl\/wp-content\/uploads\/2022\/09\/dkkdzieci290922.jpg","jetpack_likes_enabled":true,"jetpack_sharing_enabled":true,"_links":{"self":[{"href":"https:\/\/biblioteka.kolobrzeg.pl\/index.php\/wp-json\/wp\/v2\/posts\/24613","targetHints":{"allow":["GET"]}}],"collection":[{"href":"https:\/\/biblioteka.kolobrzeg.pl\/index.php\/wp-json\/wp\/v2\/posts"}],"about":[{"href":"https:\/\/biblioteka.kolobrzeg.pl\/index.php\/wp-json\/wp\/v2\/types\/post"}],"author":[{"embeddable":true,"href":"https:\/\/biblioteka.kolobrzeg.pl\/index.php\/wp-json\/wp\/v2\/users\/1"}],"replies":[{"embeddable":true,"href":"https:\/\/biblioteka.kolobrzeg.pl\/index.php\/wp-json\/wp\/v2\/comments?post=24613"}],"version-history":[{"count":0,"href":"https:\/\/biblioteka.kolobrzeg.pl\/index.php\/wp-json\/wp\/v2\/posts\/24613\/revisions"}],"wp:featuredmedia":[{"embeddable":true,"href":"https:\/\/biblioteka.kolobrzeg.pl\/index.php\/wp-json\/wp\/v2\/media\/24614"}],"wp:attachment":[{"href":"https:\/\/biblioteka.kolobrzeg.pl\/index.php\/wp-json\/wp\/v2\/media?parent=24613"}],"wp:term":[{"taxonomy":"category","embeddable":true,"href":"https:\/\/biblioteka.kolobrzeg.pl\/index.php\/wp-json\/wp\/v2\/categories?post=24613"},{"taxonomy":"post_tag","embeddable":true,"href":"https:\/\/biblioteka.kolobrzeg.pl\/index.php\/wp-json\/wp\/v2\/tags?post=24613"}],"curies":[{"name":"wp","href":"https:\/\/api.w.org\/{rel}","templated":true}]}}