{"id":24621,"date":"2022-10-01T13:28:00","date_gmt":"2022-10-01T11:28:00","guid":{"rendered":"https:\/\/biblioteka.kolobrzeg.pl\/?p=24621"},"modified":"2022-10-04T12:08:51","modified_gmt":"2022-10-04T10:08:51","slug":"janusz-leon-wisniewski-spotkanie-autorskie","status":"publish","type":"post","link":"https:\/\/biblioteka.kolobrzeg.pl\/index.php\/2022\/10\/01\/janusz-leon-wisniewski-spotkanie-autorskie\/","title":{"rendered":"Janusz Leon Wi\u015bniewski \u2013 spotkanie autorskie"},"content":{"rendered":"<p><a href=\"https:\/\/biblioteka.kolobrzeg.pl\/wp-content\/uploads\/2022\/10\/spotkwisn0310221.jpg\" data-rel=\"lightbox-image-0\" data-rl_title=\"\" data-rl_caption=\"\" title=\"\"><img loading=\"lazy\" decoding=\"async\" class=\"alignleft wp-image-24635 size-thumbnail\" src=\"https:\/\/biblioteka.kolobrzeg.pl\/wp-content\/uploads\/2022\/10\/spotkwisn0310221-150x150.jpg\" alt=\"Spotkanie autorskie\" width=\"150\" height=\"150\" srcset=\"https:\/\/biblioteka.kolobrzeg.pl\/wp-content\/uploads\/2022\/10\/spotkwisn0310221-150x150.jpg 150w, https:\/\/biblioteka.kolobrzeg.pl\/wp-content\/uploads\/2022\/10\/spotkwisn0310221-144x144.jpg 144w\" sizes=\"auto, (max-width: 150px) 100vw, 150px\" \/><\/a>Spotkanie autorskie Janusza L. Wi\u015bniewskiego z czytelnikami, kt\u00f3re odby\u0142o si\u0119 w Bibliotece 1.10.2022r., by\u0142o po trosze tak\u017ce sentymentalnym wspomnieniem dzia\u0142aj\u0105cej tu sto\u0142\u00f3wki z czas\u00f3w szkolnych pisarza \u2013 ucznia Technikum Rybo\u0142\u00f3wstwa Morskiego, lat 70- tych. Ko\u0142obrzeg jest mi bliski, sp\u0119dzi\u0142em tu 5 lat. Tak naprawd\u0119 TRM ukszta\u0142towa\u0142 mnie wewn\u0119trznie i wi\u0119cej mam kontaktu z kolegami z tego technikum, ni\u017c z lud\u017ami z dw\u00f3ch kierunk\u00f3w uniwersyteckich, kt\u00f3re uko\u0144czy\u0142em.<!--more--><\/p>\n<p>Naukowiec i pisarz? Co pisanie o emocjach ma wsp\u00f3lnego z nauk\u0105? Autor poczytnych powie\u015bci obyczajowych ka\u017cdemu \u017cyczy takich dw\u00f3ch \u015bwiat\u00f3w. Mi\u0142o\u015b\u0107 (chemicznie neuropeptyd) to emocja niesamowita, niezwyk\u0142a, dla kt\u00f3rej warto wstawa\u0107 rano. Chemia pozwala zrozumie\u0107 co dzieje si\u0119 w m\u00f3zgu, gdy takich emocji do\u015bwiadczamy, dlatego \u0142atwiej by\u0107 pisarzem i jednocze\u015bnie naukowcem. Poza tym, tak naprawd\u0119, to ka\u017cdy nosi w sobie jak\u0105\u015b ksi\u0105\u017ck\u0119. Ka\u017cdy cz\u0142owiek ma do opowiedzenia jak\u0105\u015b histori\u0119. Tak te\u017c by\u0142o w przypadku \u201eSamotno\u015bci w sieci\u201d. Ksi\u0105\u017cka by\u0142a wynikiem terapii, gdy Janusz L. Wi\u015bniewski prze\u017cywa\u0142 smutek i depresj\u0119. Podj\u0105\u0142 wtedy prac\u0119 nad w\u0142asnymi emocjami, ale \u017ceby nie by\u0142o nudno, w\u0142o\u017cy\u0142 je w losy innych ludzi. Wiedzie\u0107, to znaczy \u017cy\u0107 bez strachu\u2026 Pisarz du\u017co wie o kobietach, bo zastanawia\u0142 si\u0119 dlaczego s\u0105 takie inne\u2026<\/p>\n<p>Dzi\u015b, Janusz L. Wi\u015bniewski ma na koncie sporo ksi\u0105\u017cek i cho\u0107 od debiutu up\u0142yn\u0119\u0142y lata, to autor ci\u0105gle do\u015bwiadcza wzrusze\u0144 &#8211; bo \u201eSamotno\u015b\u0107\u2026\u201d jest wci\u0105\u017c \u017cywa. Nadal, przez jej karty, kobiety pr\u00f3buj\u0105 patrze\u0107 na swoje relacje z m\u0119\u017cczyznami. \u201eNie mo\u017cna odrzuci\u0107 mi\u0142o\u015bci, tylko dlatego, \u017ce mo\u017ce si\u0119 sko\u0144czy\u0107 samotno\u015bci\u201d.<\/p>\n<p>To by\u0142o wyj\u0105tkowe spotkanie autorskie. Nostalgiczne, sentymentalne, ale te\u017c pe\u0142ne humoru i zaciekawienia. Dzi\u0119kujemy i, cytuj\u0105c bohaterk\u0119 \u201eKo\u0144ca samotno\u015bci\u201d, mo\u017cemy podsumowa\u0107: mo\u017ce to nie fikcja, mo\u017ce to opisy prawdziwych wydarze\u0144 okraszone retrospekcjami i emocjami autora (\u2026), a mo\u017ce ten Wi\u015bniewski z Frankfurtu, naukowiec z wianuszkiem tytu\u0142\u00f3w przed nazwiskiem(\u2026) dba o wszystkie szczeg\u00f3\u0142y, bo inaczej pisa\u0107 nie potrafi?<\/p>\n\n\t\t<style type=\"text\/css\">\n\t\t\t#gallery-1 {\n\t\t\t\tmargin: auto;\n\t\t\t}\n\t\t\t#gallery-1 .gallery-item {\n\t\t\t\tfloat: left;\n\t\t\t\tmargin-top: 10px;\n\t\t\t\ttext-align: center;\n\t\t\t\twidth: 20%;\n\t\t\t}\n\t\t\t#gallery-1 img {\n\t\t\t\tborder: 2px solid #cfcfcf;\n\t\t\t}\n\t\t\t#gallery-1 .gallery-caption {\n\t\t\t\tmargin-left: 0;\n\t\t\t}\n\t\t\t\/* see gallery_shortcode() in wp-includes\/media.php *\/\n\t\t<\/style>\n\t\t<div id='gallery-1' class='gallery galleryid-24621 gallery-columns-5 gallery-size-thumbnail'><dl class='gallery-item'>\n\t\t\t<dt class='gallery-icon landscape'>\n\t\t\t\t<a href='https:\/\/biblioteka.kolobrzeg.pl\/wp-content\/uploads\/2022\/10\/spotkwisn0310221.jpg' title=\"\" data-rl_title=\"\" class=\"rl-gallery-link\" data-rl_caption=\"\" data-rel=\"lightbox-gallery-1\"><img loading=\"lazy\" decoding=\"async\" width=\"150\" height=\"150\" src=\"https:\/\/biblioteka.kolobrzeg.pl\/wp-content\/uploads\/2022\/10\/spotkwisn0310221-150x150.jpg\" class=\"attachment-thumbnail size-thumbnail\" alt=\"Spotkanie autorskie\" srcset=\"https:\/\/biblioteka.kolobrzeg.pl\/wp-content\/uploads\/2022\/10\/spotkwisn0310221-150x150.jpg 150w, https:\/\/biblioteka.kolobrzeg.pl\/wp-content\/uploads\/2022\/10\/spotkwisn0310221-144x144.jpg 144w\" sizes=\"auto, (max-width: 150px) 100vw, 150px\" \/><\/a>\n\t\t\t<\/dt><\/dl><dl class='gallery-item'>\n\t\t\t<dt class='gallery-icon landscape'>\n\t\t\t\t<a href='https:\/\/biblioteka.kolobrzeg.pl\/wp-content\/uploads\/2022\/10\/spotkwisn0310224.jpg' title=\"\" data-rl_title=\"\" class=\"rl-gallery-link\" data-rl_caption=\"\" data-rel=\"lightbox-gallery-1\"><img loading=\"lazy\" decoding=\"async\" width=\"150\" height=\"150\" src=\"https:\/\/biblioteka.kolobrzeg.pl\/wp-content\/uploads\/2022\/10\/spotkwisn0310224-150x150.jpg\" class=\"attachment-thumbnail size-thumbnail\" alt=\"Spotkanie autorskie\" srcset=\"https:\/\/biblioteka.kolobrzeg.pl\/wp-content\/uploads\/2022\/10\/spotkwisn0310224-150x150.jpg 150w, https:\/\/biblioteka.kolobrzeg.pl\/wp-content\/uploads\/2022\/10\/spotkwisn0310224-144x144.jpg 144w\" sizes=\"auto, (max-width: 150px) 100vw, 150px\" \/><\/a>\n\t\t\t<\/dt><\/dl><dl class='gallery-item'>\n\t\t\t<dt class='gallery-icon landscape'>\n\t\t\t\t<a href='https:\/\/biblioteka.kolobrzeg.pl\/wp-content\/uploads\/2022\/10\/spotkwisn0310222.jpg' title=\"\" data-rl_title=\"\" class=\"rl-gallery-link\" data-rl_caption=\"\" data-rel=\"lightbox-gallery-1\"><img loading=\"lazy\" decoding=\"async\" width=\"150\" height=\"150\" src=\"https:\/\/biblioteka.kolobrzeg.pl\/wp-content\/uploads\/2022\/10\/spotkwisn0310222-150x150.jpg\" class=\"attachment-thumbnail size-thumbnail\" alt=\"Spotkanie autorskie\" srcset=\"https:\/\/biblioteka.kolobrzeg.pl\/wp-content\/uploads\/2022\/10\/spotkwisn0310222-150x150.jpg 150w, https:\/\/biblioteka.kolobrzeg.pl\/wp-content\/uploads\/2022\/10\/spotkwisn0310222-144x144.jpg 144w\" sizes=\"auto, (max-width: 150px) 100vw, 150px\" \/><\/a>\n\t\t\t<\/dt><\/dl><dl class='gallery-item'>\n\t\t\t<dt class='gallery-icon landscape'>\n\t\t\t\t<a href='https:\/\/biblioteka.kolobrzeg.pl\/wp-content\/uploads\/2022\/10\/spotkwisn0310223.jpg' title=\"\" data-rl_title=\"\" class=\"rl-gallery-link\" data-rl_caption=\"\" data-rel=\"lightbox-gallery-1\"><img loading=\"lazy\" decoding=\"async\" width=\"150\" height=\"150\" src=\"https:\/\/biblioteka.kolobrzeg.pl\/wp-content\/uploads\/2022\/10\/spotkwisn0310223-150x150.jpg\" class=\"attachment-thumbnail size-thumbnail\" alt=\"Spotkanie autorskie\" srcset=\"https:\/\/biblioteka.kolobrzeg.pl\/wp-content\/uploads\/2022\/10\/spotkwisn0310223-150x150.jpg 150w, https:\/\/biblioteka.kolobrzeg.pl\/wp-content\/uploads\/2022\/10\/spotkwisn0310223-144x144.jpg 144w\" sizes=\"auto, (max-width: 150px) 100vw, 150px\" \/><\/a>\n\t\t\t<\/dt><\/dl><dl class='gallery-item'>\n\t\t\t<dt class='gallery-icon portrait'>\n\t\t\t\t<a href='https:\/\/biblioteka.kolobrzeg.pl\/wp-content\/uploads\/2022\/09\/spotkwisnewski081022.jpg' title=\"\" data-rl_title=\"\" class=\"rl-gallery-link\" data-rl_caption=\"\" data-rel=\"lightbox-gallery-1\"><img loading=\"lazy\" decoding=\"async\" width=\"150\" height=\"150\" src=\"https:\/\/biblioteka.kolobrzeg.pl\/wp-content\/uploads\/2022\/09\/spotkwisnewski081022-150x150.jpg\" class=\"attachment-thumbnail size-thumbnail\" alt=\"Spotkanie autorskie - Janusz Wi\u015bniewski\" srcset=\"https:\/\/biblioteka.kolobrzeg.pl\/wp-content\/uploads\/2022\/09\/spotkwisnewski081022-150x150.jpg 150w, https:\/\/biblioteka.kolobrzeg.pl\/wp-content\/uploads\/2022\/09\/spotkwisnewski081022-144x144.jpg 144w\" sizes=\"auto, (max-width: 150px) 100vw, 150px\" \/><\/a>\n\t\t\t<\/dt><\/dl><br style=\"clear: both\" \/>\n\t\t<\/div>\n\n","protected":false},"excerpt":{"rendered":"<p>Spotkanie autorskie Janusza L. Wi\u015bniewskiego z czytelnikami, kt\u00f3re odby\u0142o si\u0119 w Bibliotece 1.10.2022r., by\u0142o po trosze tak\u017ce sentymentalnym wspomnieniem dzia\u0142aj\u0105cej tu sto\u0142\u00f3wki z czas\u00f3w szkolnych pisarza \u2013 ucznia Technikum Rybo\u0142\u00f3wstwa Morskiego, lat 70- tych. Ko\u0142obrzeg jest mi bliski, sp\u0119dzi\u0142em tu 5 lat. Tak naprawd\u0119 TRM ukszta\u0142towa\u0142 mnie wewn\u0119trznie i wi\u0119cej mam kontaktu z kolegami z &hellip; <\/p>\n<p><a class=\"more-link block-button\" href=\"https:\/\/biblioteka.kolobrzeg.pl\/index.php\/2022\/10\/01\/janusz-leon-wisniewski-spotkanie-autorskie\/\">Kontynuuj czytanie &raquo;<\/a><\/p>\n","protected":false},"author":1,"featured_media":24635,"comment_status":"closed","ping_status":"closed","sticky":false,"template":"","format":"standard","meta":{"jetpack_post_was_ever_published":false,"_jetpack_newsletter_access":"","_jetpack_dont_email_post_to_subs":false,"_jetpack_newsletter_tier_id":0,"_jetpack_memberships_contains_paywalled_content":false,"_jetpack_memberships_contains_paid_content":false,"footnotes":"","jetpack_publicize_message":"","jetpack_publicize_feature_enabled":true,"jetpack_social_post_already_shared":true,"jetpack_social_options":{"image_generator_settings":{"template":"highway","default_image_id":0,"font":"","enabled":false},"version":2}},"categories":[21],"tags":[37,30],"class_list":["post-24621","post","type-post","status-publish","format-standard","has-post-thumbnail","hentry","category-spotkania","tag-autorskie","tag-spotkanie"],"jetpack_publicize_connections":[],"jetpack_featured_media_url":"https:\/\/biblioteka.kolobrzeg.pl\/wp-content\/uploads\/2022\/10\/spotkwisn0310221.jpg","jetpack_likes_enabled":true,"jetpack_sharing_enabled":true,"_links":{"self":[{"href":"https:\/\/biblioteka.kolobrzeg.pl\/index.php\/wp-json\/wp\/v2\/posts\/24621","targetHints":{"allow":["GET"]}}],"collection":[{"href":"https:\/\/biblioteka.kolobrzeg.pl\/index.php\/wp-json\/wp\/v2\/posts"}],"about":[{"href":"https:\/\/biblioteka.kolobrzeg.pl\/index.php\/wp-json\/wp\/v2\/types\/post"}],"author":[{"embeddable":true,"href":"https:\/\/biblioteka.kolobrzeg.pl\/index.php\/wp-json\/wp\/v2\/users\/1"}],"replies":[{"embeddable":true,"href":"https:\/\/biblioteka.kolobrzeg.pl\/index.php\/wp-json\/wp\/v2\/comments?post=24621"}],"version-history":[{"count":0,"href":"https:\/\/biblioteka.kolobrzeg.pl\/index.php\/wp-json\/wp\/v2\/posts\/24621\/revisions"}],"wp:featuredmedia":[{"embeddable":true,"href":"https:\/\/biblioteka.kolobrzeg.pl\/index.php\/wp-json\/wp\/v2\/media\/24635"}],"wp:attachment":[{"href":"https:\/\/biblioteka.kolobrzeg.pl\/index.php\/wp-json\/wp\/v2\/media?parent=24621"}],"wp:term":[{"taxonomy":"category","embeddable":true,"href":"https:\/\/biblioteka.kolobrzeg.pl\/index.php\/wp-json\/wp\/v2\/categories?post=24621"},{"taxonomy":"post_tag","embeddable":true,"href":"https:\/\/biblioteka.kolobrzeg.pl\/index.php\/wp-json\/wp\/v2\/tags?post=24621"}],"curies":[{"name":"wp","href":"https:\/\/api.w.org\/{rel}","templated":true}]}}