{"id":24683,"date":"2022-11-19T11:38:32","date_gmt":"2022-11-19T10:38:32","guid":{"rendered":"https:\/\/biblioteka.kolobrzeg.pl\/?p=24683"},"modified":"2022-11-21T13:18:08","modified_gmt":"2022-11-21T12:18:08","slug":"z-wanda-nie-tylko-wsrod-zwierzat-6","status":"publish","type":"post","link":"https:\/\/biblioteka.kolobrzeg.pl\/index.php\/2022\/11\/19\/z-wanda-nie-tylko-wsrod-zwierzat-6\/","title":{"rendered":"Z Wand\u0105 nie tylko w\u015br\u00f3d zwierz\u0105t"},"content":{"rendered":"<p><a href=\"https:\/\/biblioteka.kolobrzeg.pl\/wp-content\/uploads\/2022\/11\/wanda191122.jpg\" data-rel=\"lightbox-image-0\" data-rl_title=\"\" data-rl_caption=\"\" title=\"\"><img loading=\"lazy\" decoding=\"async\" class=\"alignleft wp-image-24684\" src=\"https:\/\/biblioteka.kolobrzeg.pl\/wp-content\/uploads\/2022\/11\/wanda191122.jpg\" alt=\"\" width=\"106\" height=\"150\"><\/a>Fundacja prosiaczka Eugeniusza \u201eGieniutkowo\u201d\u2013 Monika i Marcin Kraso\u0144.<\/p>\n<p>Miejska Biblioteka Publiczna w Ko\u0142obrzegu serdecznie zaprasza na dwunaste spotkanie w ramach cyklu &#8222;Z Wand\u0105 nie tylko w\u015br\u00f3d zwierz\u0105t\u201d.<\/p>\n<p>Wydarzenie odb\u0119dzie si\u0119 <strong>19 listopada 2022<\/strong> r. (sobota) o godz. <strong>16:00<\/strong> w Miejskiej Bibliotece Publicznej w Ko\u0142obrzegu przy ul. Frankowskiego 3.<\/p>\n<p>Go\u015b\u0107mi spotkania b\u0119d\u0105 Monika i Marcin Kara\u015b z Fundacji prosiaczka Eugeniusza \u201eGieniutkowo\u201d, kt\u00f3rzy prowadz\u0105 Azyl dla \u015awi\u0144 w Nowym W\u0119gorzynku (woj. zachodniopomorskie). <!--more--><\/p>\n<p>W ich Azylu obecnie mieszkaj\u0105 123 \u015awinki, dwie Krowy, pi\u0119\u0107 Owieczek, dwa Kozio\u0142ki, pi\u0119\u0107 Kurek, dwa Koguty, trzy Perliczki, Kaczuszka i G\u0105ska. Gieniutkowe \u015bwinki i inne zwierz\u0119ta \u017cyj\u0105 u nich do swojej naturalnej \u015bmierci, s\u0105 pod sta\u0142\u0105 opiek\u0105 weterynarza, a ta para robi wszystko, \u017ceby by\u0142y szcz\u0119\u015bliwe. Gieniutkowo jest to bowiem wega\u0144skie Sanktuarium dla \u015awinek. Dodatkowo Azyl jest otwarty ca\u0142y rok, wi\u0119c ka\u017cdy mo\u017ce pozna\u0107 \u015bwinki osobi\u015bcie. Monika i Marcin chc\u0105 poprzez swoje dzia\u0142ania edukowa\u0107 ludzi, by zmienili swoje nawyki \u017cywieniowe i zacz\u0119li postrzega\u0107 \u015bwinki jako inteligentne, czuj\u0105ce istoty.<\/p>\n<p>Eugeniusz &#8211; po prostu \u015awinia jest g\u0142\u00f3wnym fanpagem Fundacji prosiaczka Eugeniusza Gieniutkowo.<\/p>\n<p>Serdecznie zapraszamy na spotkanie, a warzywa dla zwierz\u0105t mile widziane (marchew, dynia, buraczki itp).<\/p>\n<p>Wst\u0119p wolny!<\/p>\n<p>&#8222;Z Wand\u0105 nie tylko w\u015br\u00f3d zwierz\u0105t\u201d jest autorskim programem Moniki Wandy W\u0142adzi\u0144skiej &#8211; ko\u0142obrzeskiej aktywistki, dzia\u0142aj\u0105cej w obszarze przyrody i zwierz\u0105t, wsp\u00f3\u0142prowadzonym z Sylwi\u0105 Kiljan-Rudowicz, redaktor Telewizji Kablowej Ko\u0142obrzeg. Jednocze\u015bnie jest to nowy cykl spotka\u0144 Miejskiej Biblioteki Publicznej w Ko\u0142obrzegu i nowy program Telewizji Kablowej Ko\u0142obrzeg. Wanda zaprasza do udzia\u0142u w spotkaniach z lud\u017ami pe\u0142nymi pasji i do\u015bwiadczenia, wcielaj\u0105cymi w \u017cycie swoje marzenia i wizje, kt\u00f3rzy swoimi realizacjami mog\u0105 zara\u017ca\u0107 innych. Cykl ma na celu aktywizacj\u0119 spo\u0142eczn\u0105 mieszka\u0144c\u00f3w oraz szeroko poj\u0119t\u0105 edukacj\u0119 ekologiczno-przyrodnicz\u0105.<\/p>\n","protected":false},"excerpt":{"rendered":"<p>Fundacja prosiaczka Eugeniusza \u201eGieniutkowo\u201d\u2013 Monika i Marcin Kraso\u0144. Miejska Biblioteka Publiczna w Ko\u0142obrzegu serdecznie zaprasza na dwunaste spotkanie w ramach cyklu &#8222;Z Wand\u0105 nie tylko w\u015br\u00f3d zwierz\u0105t\u201d. Wydarzenie odb\u0119dzie si\u0119 19 listopada 2022 r. (sobota) o godz. 16:00 w Miejskiej Bibliotece Publicznej w Ko\u0142obrzegu przy ul. Frankowskiego 3. Go\u015b\u0107mi spotkania b\u0119d\u0105 Monika i Marcin Kara\u015b &hellip; <\/p>\n<p><a class=\"more-link block-button\" href=\"https:\/\/biblioteka.kolobrzeg.pl\/index.php\/2022\/11\/19\/z-wanda-nie-tylko-wsrod-zwierzat-6\/\">Kontynuuj czytanie &raquo;<\/a><\/p>\n","protected":false},"author":1,"featured_media":24684,"comment_status":"closed","ping_status":"closed","sticky":false,"template":"","format":"standard","meta":{"jetpack_post_was_ever_published":false,"_jetpack_newsletter_access":"","_jetpack_dont_email_post_to_subs":false,"_jetpack_newsletter_tier_id":0,"_jetpack_memberships_contains_paywalled_content":false,"_jetpack_memberships_contains_paid_content":false,"footnotes":"","jetpack_publicize_message":"","jetpack_publicize_feature_enabled":true,"jetpack_social_post_already_shared":true,"jetpack_social_options":{"image_generator_settings":{"template":"highway","default_image_id":0,"font":"","enabled":false},"version":2}},"categories":[21],"tags":[],"class_list":["post-24683","post","type-post","status-publish","format-standard","has-post-thumbnail","hentry","category-spotkania"],"jetpack_publicize_connections":[],"jetpack_featured_media_url":"https:\/\/biblioteka.kolobrzeg.pl\/wp-content\/uploads\/2022\/11\/wanda191122.jpg","jetpack_likes_enabled":true,"jetpack_sharing_enabled":true,"_links":{"self":[{"href":"https:\/\/biblioteka.kolobrzeg.pl\/index.php\/wp-json\/wp\/v2\/posts\/24683","targetHints":{"allow":["GET"]}}],"collection":[{"href":"https:\/\/biblioteka.kolobrzeg.pl\/index.php\/wp-json\/wp\/v2\/posts"}],"about":[{"href":"https:\/\/biblioteka.kolobrzeg.pl\/index.php\/wp-json\/wp\/v2\/types\/post"}],"author":[{"embeddable":true,"href":"https:\/\/biblioteka.kolobrzeg.pl\/index.php\/wp-json\/wp\/v2\/users\/1"}],"replies":[{"embeddable":true,"href":"https:\/\/biblioteka.kolobrzeg.pl\/index.php\/wp-json\/wp\/v2\/comments?post=24683"}],"version-history":[{"count":0,"href":"https:\/\/biblioteka.kolobrzeg.pl\/index.php\/wp-json\/wp\/v2\/posts\/24683\/revisions"}],"wp:featuredmedia":[{"embeddable":true,"href":"https:\/\/biblioteka.kolobrzeg.pl\/index.php\/wp-json\/wp\/v2\/media\/24684"}],"wp:attachment":[{"href":"https:\/\/biblioteka.kolobrzeg.pl\/index.php\/wp-json\/wp\/v2\/media?parent=24683"}],"wp:term":[{"taxonomy":"category","embeddable":true,"href":"https:\/\/biblioteka.kolobrzeg.pl\/index.php\/wp-json\/wp\/v2\/categories?post=24683"},{"taxonomy":"post_tag","embeddable":true,"href":"https:\/\/biblioteka.kolobrzeg.pl\/index.php\/wp-json\/wp\/v2\/tags?post=24683"}],"curies":[{"name":"wp","href":"https:\/\/api.w.org\/{rel}","templated":true}]}}