{"id":24772,"date":"2022-12-16T15:52:03","date_gmt":"2022-12-16T14:52:03","guid":{"rendered":"https:\/\/biblioteka.kolobrzeg.pl\/?p=24772"},"modified":"2022-12-19T10:37:34","modified_gmt":"2022-12-19T09:37:34","slug":"zdrowo-swietujemy-spotkanie-z-dr-farm-dorota-pastok","status":"publish","type":"post","link":"https:\/\/biblioteka.kolobrzeg.pl\/index.php\/2022\/12\/16\/zdrowo-swietujemy-spotkanie-z-dr-farm-dorota-pastok\/","title":{"rendered":"Zdrowo \u015bwi\u0119tu*jemy &#8211; spotkanie z dr farm. Dorot\u0105 Pastok"},"content":{"rendered":"<p><a href=\"https:\/\/biblioteka.kolobrzeg.pl\/wp-content\/uploads\/2022\/12\/spotpastok161212.jpg\" data-rel=\"lightbox-image-0\" data-rl_title=\"\" data-rl_caption=\"\" title=\"\"><img loading=\"lazy\" decoding=\"async\" class=\"alignleft wp-image-24773\" src=\"https:\/\/biblioteka.kolobrzeg.pl\/wp-content\/uploads\/2022\/12\/spotpastok161212.jpg\" alt=\"Spotkanie dr farm, Dorota Pastok\" width=\"106\" height=\"150\" \/><\/a>Spotkanie z dr farm. Dorot\u0105 Pastok.<br \/>\n\u015awi\u0119ta, \u015bwi\u0119ta\u2026 i co po \u015bwi\u0119tach?<\/p>\n<p>Pierogi, bigosy, barszcze, makowce, serniki i baby \u2013 te wspania\u0142e przysmaki i ich cudowne aromaty niejednego ju\u017c wiod\u0142y na pokuszenie. Trudno walczy\u0107 z tak pyszn\u0105 tradycj\u0105\u2026<\/p>\n<p>Wydarzenie odb\u0119dzie si\u0119 <strong>16.12.2022<\/strong> o godzinie <strong>18:00<\/strong> w Bibliotece przy ul. J. Frankowskiego 3.<\/p>\n<p>Liczba uczestnik\u00f3w jest ograniczona. Bezp\u0142atne zaproszenia dost\u0119pne w Czytelni Prasy od 13.12.2022.<br \/>\nMile widziana wymiana przepis\u00f3w a nawet domowe specja\u0142y uczestnik\u00f3w. \u017byczymy pysznych \u015bwi\u0105t!<!--more--><\/p>\n<p>Zapraszamy na spotkanie pe\u0142ne wiedzy i pomys\u0142\u00f3w jak przygotowa\u0107 \u015bwi\u0105teczne przysmaki, by nie sta\u0142y si\u0119 dla nas \u017ar\u00f3d\u0142em stresu. Mo\u017ce zwyczaj przyprawiania bigosu majerankiem, to nie tylko smakowita kulinarna sztuczka naszych bab\u0107, a bardzo uzasadniona i wa\u017cna recepta na zdrowie? Natura jest m\u0105dra i wspania\u0142omy\u015blna. Leczy nas i oczyszcza, oferuje nieprzebrane bogactwo ro\u015blin o dobroczynnym dzia\u0142aniu.<br \/>\n\u015awi\u0119ta, \u015bwi\u0119ta\u2026 blisko, coraz bli\u017cej\u2026<\/p>\n","protected":false},"excerpt":{"rendered":"<p>Spotkanie z dr farm. Dorot\u0105 Pastok. \u015awi\u0119ta, \u015bwi\u0119ta\u2026 i co po \u015bwi\u0119tach? Pierogi, bigosy, barszcze, makowce, serniki i baby \u2013 te wspania\u0142e przysmaki i ich cudowne aromaty niejednego ju\u017c wiod\u0142y na pokuszenie. Trudno walczy\u0107 z tak pyszn\u0105 tradycj\u0105\u2026 Wydarzenie odb\u0119dzie si\u0119 16.12.2022 o godzinie 18:00 w Bibliotece przy ul. J. Frankowskiego 3. Liczba uczestnik\u00f3w jest &hellip; <\/p>\n<p><a class=\"more-link block-button\" href=\"https:\/\/biblioteka.kolobrzeg.pl\/index.php\/2022\/12\/16\/zdrowo-swietujemy-spotkanie-z-dr-farm-dorota-pastok\/\">Kontynuuj czytanie &raquo;<\/a><\/p>\n","protected":false},"author":1,"featured_media":24773,"comment_status":"closed","ping_status":"closed","sticky":false,"template":"","format":"standard","meta":{"jetpack_post_was_ever_published":false,"_jetpack_newsletter_access":"","_jetpack_dont_email_post_to_subs":false,"_jetpack_newsletter_tier_id":0,"_jetpack_memberships_contains_paywalled_content":false,"_jetpack_memberships_contains_paid_content":false,"footnotes":"","jetpack_publicize_message":"","jetpack_publicize_feature_enabled":true,"jetpack_social_post_already_shared":true,"jetpack_social_options":{"image_generator_settings":{"template":"highway","default_image_id":0,"font":"","enabled":false},"version":2}},"categories":[21],"tags":[],"class_list":["post-24772","post","type-post","status-publish","format-standard","has-post-thumbnail","hentry","category-spotkania"],"jetpack_publicize_connections":[],"jetpack_featured_media_url":"https:\/\/biblioteka.kolobrzeg.pl\/wp-content\/uploads\/2022\/12\/spotpastok161212.jpg","jetpack_likes_enabled":true,"jetpack_sharing_enabled":true,"_links":{"self":[{"href":"https:\/\/biblioteka.kolobrzeg.pl\/index.php\/wp-json\/wp\/v2\/posts\/24772","targetHints":{"allow":["GET"]}}],"collection":[{"href":"https:\/\/biblioteka.kolobrzeg.pl\/index.php\/wp-json\/wp\/v2\/posts"}],"about":[{"href":"https:\/\/biblioteka.kolobrzeg.pl\/index.php\/wp-json\/wp\/v2\/types\/post"}],"author":[{"embeddable":true,"href":"https:\/\/biblioteka.kolobrzeg.pl\/index.php\/wp-json\/wp\/v2\/users\/1"}],"replies":[{"embeddable":true,"href":"https:\/\/biblioteka.kolobrzeg.pl\/index.php\/wp-json\/wp\/v2\/comments?post=24772"}],"version-history":[{"count":0,"href":"https:\/\/biblioteka.kolobrzeg.pl\/index.php\/wp-json\/wp\/v2\/posts\/24772\/revisions"}],"wp:featuredmedia":[{"embeddable":true,"href":"https:\/\/biblioteka.kolobrzeg.pl\/index.php\/wp-json\/wp\/v2\/media\/24773"}],"wp:attachment":[{"href":"https:\/\/biblioteka.kolobrzeg.pl\/index.php\/wp-json\/wp\/v2\/media?parent=24772"}],"wp:term":[{"taxonomy":"category","embeddable":true,"href":"https:\/\/biblioteka.kolobrzeg.pl\/index.php\/wp-json\/wp\/v2\/categories?post=24772"},{"taxonomy":"post_tag","embeddable":true,"href":"https:\/\/biblioteka.kolobrzeg.pl\/index.php\/wp-json\/wp\/v2\/tags?post=24772"}],"curies":[{"name":"wp","href":"https:\/\/api.w.org\/{rel}","templated":true}]}}