{"id":24931,"date":"2023-01-20T15:46:14","date_gmt":"2023-01-20T14:46:14","guid":{"rendered":"https:\/\/biblioteka.kolobrzeg.pl\/?p=24931"},"modified":"2023-02-15T14:09:02","modified_gmt":"2023-02-15T13:09:02","slug":"spotkanie-muzyczne","status":"publish","type":"post","link":"https:\/\/biblioteka.kolobrzeg.pl\/index.php\/2023\/01\/20\/spotkanie-muzyczne\/","title":{"rendered":"Spotkanie muzyczne"},"content":{"rendered":"<p><a href=\"https:\/\/biblioteka.kolobrzeg.pl\/wp-content\/uploads\/2023\/01\/spotmuz310123.jpg\" data-rel=\"lightbox-image-0\" data-rl_title=\"\" data-rl_caption=\"\" title=\"\"><img loading=\"lazy\" decoding=\"async\" class=\"alignleft wp-image-24932\" src=\"https:\/\/biblioteka.kolobrzeg.pl\/wp-content\/uploads\/2023\/01\/spotmuz310123.jpg\" alt=\"Spotkanie muzyczne\" width=\"106\" height=\"150\"><\/a>Miejska Biblioteka Publiczna w Ko\u0142obrzegu zaprasza na popo\u0142udnie z dobr\u0105 muzyk\u0105 w wykonaniu Bolka S\u0142u\u017cewskiego w ramach cyklu &#8222;D\u017awi\u0119ki i s\u0142owa&#8221;. Spotkanie muzyczne po\u015bwi\u0119cone b\u0119dzie mi\u0119dzy innymi promocji p\u0142yty \u201e\u017byj bez Korekty\u201d nagranej z udzia\u0142em dzieci niepe\u0142nosprawnych.<\/p>\n<p>Wydarzenie odb\u0119dzie si\u0119 <strong>31.01.2023<\/strong> (wtorek) o godzinie <strong>17:00<\/strong> w Bibliotece przy ul. J. Frankowskiego 3.<strong><br><\/strong><\/p>\n<p>Darmowe wej\u015bci\u00f3wki do odbioru w czytelni prasy od <strong>23.01.2023<\/strong> r.<strong><br><\/strong><!--more--><\/p>\n<p>Bolko S\u0142u\u017cewski \u2013 do Ko\u0142obrzegu przyjecha\u0142 z Wroc\u0142awia. Z wykszta\u0142cenia arteterapeuta i pedagog zajmuj\u0105cy si\u0119 terapi\u0105 dzieci z ADHD, Zespo\u0142em Aspergera, i zaburzeniami oko\u0142oautystycznymi. Kompozytor, autor tekst\u00f3w i laureat wielu nagr\u00f3d Instytutu Adama Mickiewicza, promuj\u0105cego Kultur\u0119 Polsk\u0105 na \u015bwiecie. Autor program\u00f3w radiowych o profilu marynistycznym i szantowym. Instruktor teatralny, a tak\u017ce nauczyciel gry na ukulele i harmonijce ustnej dla dzieci.<\/p>\n\n\n<p><\/p>\n","protected":false},"excerpt":{"rendered":"<p>Miejska Biblioteka Publiczna w Ko\u0142obrzegu zaprasza na popo\u0142udnie z dobr\u0105 muzyk\u0105 w wykonaniu Bolka S\u0142u\u017cewskiego w ramach cyklu &#8222;D\u017awi\u0119ki i s\u0142owa&#8221;. Spotkanie muzyczne po\u015bwi\u0119cone b\u0119dzie mi\u0119dzy innymi promocji p\u0142yty \u201e\u017byj bez Korekty\u201d nagranej z udzia\u0142em dzieci niepe\u0142nosprawnych. Wydarzenie odb\u0119dzie si\u0119 31.01.2023 (wtorek) o godzinie 17:00 w Bibliotece przy ul. J. Frankowskiego 3. Darmowe wej\u015bci\u00f3wki do &hellip; <\/p>\n<p><a class=\"more-link block-button\" href=\"https:\/\/biblioteka.kolobrzeg.pl\/index.php\/2023\/01\/20\/spotkanie-muzyczne\/\">Kontynuuj czytanie &raquo;<\/a><\/p>\n","protected":false},"author":1,"featured_media":24932,"comment_status":"closed","ping_status":"closed","sticky":false,"template":"","format":"standard","meta":{"jetpack_post_was_ever_published":false,"_jetpack_newsletter_access":"","_jetpack_dont_email_post_to_subs":false,"_jetpack_newsletter_tier_id":0,"_jetpack_memberships_contains_paywalled_content":false,"_jetpack_memberships_contains_paid_content":false,"footnotes":"","jetpack_publicize_message":"","jetpack_publicize_feature_enabled":true,"jetpack_social_post_already_shared":true,"jetpack_social_options":{"image_generator_settings":{"template":"highway","default_image_id":0,"font":"","enabled":false},"version":2}},"categories":[21],"tags":[519,30],"class_list":["post-24931","post","type-post","status-publish","format-standard","has-post-thumbnail","hentry","category-spotkania","tag-muzyczne","tag-spotkanie"],"jetpack_publicize_connections":[],"jetpack_featured_media_url":"https:\/\/biblioteka.kolobrzeg.pl\/wp-content\/uploads\/2023\/01\/spotmuz310123.jpg","jetpack_likes_enabled":true,"jetpack_sharing_enabled":true,"_links":{"self":[{"href":"https:\/\/biblioteka.kolobrzeg.pl\/index.php\/wp-json\/wp\/v2\/posts\/24931","targetHints":{"allow":["GET"]}}],"collection":[{"href":"https:\/\/biblioteka.kolobrzeg.pl\/index.php\/wp-json\/wp\/v2\/posts"}],"about":[{"href":"https:\/\/biblioteka.kolobrzeg.pl\/index.php\/wp-json\/wp\/v2\/types\/post"}],"author":[{"embeddable":true,"href":"https:\/\/biblioteka.kolobrzeg.pl\/index.php\/wp-json\/wp\/v2\/users\/1"}],"replies":[{"embeddable":true,"href":"https:\/\/biblioteka.kolobrzeg.pl\/index.php\/wp-json\/wp\/v2\/comments?post=24931"}],"version-history":[{"count":0,"href":"https:\/\/biblioteka.kolobrzeg.pl\/index.php\/wp-json\/wp\/v2\/posts\/24931\/revisions"}],"wp:featuredmedia":[{"embeddable":true,"href":"https:\/\/biblioteka.kolobrzeg.pl\/index.php\/wp-json\/wp\/v2\/media\/24932"}],"wp:attachment":[{"href":"https:\/\/biblioteka.kolobrzeg.pl\/index.php\/wp-json\/wp\/v2\/media?parent=24931"}],"wp:term":[{"taxonomy":"category","embeddable":true,"href":"https:\/\/biblioteka.kolobrzeg.pl\/index.php\/wp-json\/wp\/v2\/categories?post=24931"},{"taxonomy":"post_tag","embeddable":true,"href":"https:\/\/biblioteka.kolobrzeg.pl\/index.php\/wp-json\/wp\/v2\/tags?post=24931"}],"curies":[{"name":"wp","href":"https:\/\/api.w.org\/{rel}","templated":true}]}}