{"id":24937,"date":"2023-01-28T08:27:29","date_gmt":"2023-01-28T07:27:29","guid":{"rendered":"https:\/\/biblioteka.kolobrzeg.pl\/?p=24937"},"modified":"2023-01-30T12:50:38","modified_gmt":"2023-01-30T11:50:38","slug":"spotkanie-dkk-dla-dzieci-3","status":"publish","type":"post","link":"https:\/\/biblioteka.kolobrzeg.pl\/index.php\/2023\/01\/28\/spotkanie-dkk-dla-dzieci-3\/","title":{"rendered":"Spotkanie DKK dla dzieci"},"content":{"rendered":"<p><a href=\"https:\/\/biblioteka.kolobrzeg.pl\/wp-content\/uploads\/2023\/01\/dkkdz2801231.jpg\" data-rel=\"lightbox-image-0\" data-rl_title=\"\" data-rl_caption=\"\" title=\"\"><img loading=\"lazy\" decoding=\"async\" class=\"alignleft wp-image-24958 size-thumbnail\" src=\"https:\/\/biblioteka.kolobrzeg.pl\/wp-content\/uploads\/2023\/01\/dkkdz2801231-150x150.jpg\" alt=\"Spotkanie DKK dla dzieci\" width=\"150\" height=\"150\" srcset=\"https:\/\/biblioteka.kolobrzeg.pl\/wp-content\/uploads\/2023\/01\/dkkdz2801231-150x150.jpg 150w, https:\/\/biblioteka.kolobrzeg.pl\/wp-content\/uploads\/2023\/01\/dkkdz2801231-144x144.jpg 144w\" sizes=\"auto, (max-width: 150px) 100vw, 150px\" \/><\/a>W sobotnie po\u0142udnie (28 stycznia 2023) w Brzozowym Zak\u0105tku przy ul. Brzozowej 9a spotkali si\u0119 m\u0142odzi Czytelnicy, aby porozmawia\u0107 o ksi\u0105\u017cce \u201ePami\u0119tniki marze\u0144\u201d Emilii Becker. \u015aledz\u0105c losy bohater\u00f3w dzieci dowiedzia\u0142y si\u0119 jak wa\u017cne s\u0105 marzenia w \u017cyciu ma\u0142ych i du\u017cych, czy zawsze si\u0119 spe\u0142niaj\u0105, czy ka\u017cdy umie marzy\u0107?. Swoje marzenia, narysowane lub wypisane, zamkn\u0119\u0142y w tajnych kopertach.<!--more--><\/p>\n<p>Kolejne spotkanie zosta\u0142o zaplanowane na <strong>25 marca (sobota) godz. 11.00<\/strong>.<\/p>\n<p>Ksi\u0105\u017ck\u0119 Dzieci przeczyta\u0142y w ramach Dyskusyjnego Klubu Ksi\u0105\u017cki, kt\u00f3ry jest realizowany we wsp\u00f3\u0142pracy z Instytutem Ksi\u0105\u017cki oraz Narodowym Programem Rozwoju Czytelnictwa 2.0.<\/p>\n\n\t\t<style type=\"text\/css\">\n\t\t\t#gallery-1 {\n\t\t\t\tmargin: auto;\n\t\t\t}\n\t\t\t#gallery-1 .gallery-item {\n\t\t\t\tfloat: left;\n\t\t\t\tmargin-top: 10px;\n\t\t\t\ttext-align: center;\n\t\t\t\twidth: 20%;\n\t\t\t}\n\t\t\t#gallery-1 img {\n\t\t\t\tborder: 2px solid #cfcfcf;\n\t\t\t}\n\t\t\t#gallery-1 .gallery-caption {\n\t\t\t\tmargin-left: 0;\n\t\t\t}\n\t\t\t\/* see gallery_shortcode() in wp-includes\/media.php *\/\n\t\t<\/style>\n\t\t<div id='gallery-1' class='gallery galleryid-24937 gallery-columns-5 gallery-size-thumbnail'><dl class='gallery-item'>\n\t\t\t<dt class='gallery-icon landscape'>\n\t\t\t\t<a href='https:\/\/biblioteka.kolobrzeg.pl\/wp-content\/uploads\/2023\/01\/dkkdz2801231.jpg' title=\"\" data-rl_title=\"\" class=\"rl-gallery-link\" data-rl_caption=\"\" data-rel=\"lightbox-gallery-1\"><img loading=\"lazy\" decoding=\"async\" width=\"150\" height=\"150\" src=\"https:\/\/biblioteka.kolobrzeg.pl\/wp-content\/uploads\/2023\/01\/dkkdz2801231-150x150.jpg\" class=\"attachment-thumbnail size-thumbnail\" alt=\"Spotkanie DKK dla dzieci\" srcset=\"https:\/\/biblioteka.kolobrzeg.pl\/wp-content\/uploads\/2023\/01\/dkkdz2801231-150x150.jpg 150w, https:\/\/biblioteka.kolobrzeg.pl\/wp-content\/uploads\/2023\/01\/dkkdz2801231-144x144.jpg 144w\" sizes=\"auto, (max-width: 150px) 100vw, 150px\" \/><\/a>\n\t\t\t<\/dt><\/dl><dl class='gallery-item'>\n\t\t\t<dt class='gallery-icon landscape'>\n\t\t\t\t<a href='https:\/\/biblioteka.kolobrzeg.pl\/wp-content\/uploads\/2023\/01\/dkkdz2801234.jpg' title=\"\" data-rl_title=\"\" class=\"rl-gallery-link\" data-rl_caption=\"\" data-rel=\"lightbox-gallery-1\"><img loading=\"lazy\" decoding=\"async\" width=\"150\" height=\"150\" src=\"https:\/\/biblioteka.kolobrzeg.pl\/wp-content\/uploads\/2023\/01\/dkkdz2801234-150x150.jpg\" class=\"attachment-thumbnail size-thumbnail\" alt=\"Spotkanie DKK dla dzieci\" srcset=\"https:\/\/biblioteka.kolobrzeg.pl\/wp-content\/uploads\/2023\/01\/dkkdz2801234-150x150.jpg 150w, https:\/\/biblioteka.kolobrzeg.pl\/wp-content\/uploads\/2023\/01\/dkkdz2801234-144x144.jpg 144w\" sizes=\"auto, (max-width: 150px) 100vw, 150px\" \/><\/a>\n\t\t\t<\/dt><\/dl><dl class='gallery-item'>\n\t\t\t<dt class='gallery-icon landscape'>\n\t\t\t\t<a href='https:\/\/biblioteka.kolobrzeg.pl\/wp-content\/uploads\/2023\/01\/dkkdz2801235.jpg' title=\"\" data-rl_title=\"\" class=\"rl-gallery-link\" data-rl_caption=\"\" data-rel=\"lightbox-gallery-1\"><img loading=\"lazy\" decoding=\"async\" width=\"150\" height=\"150\" src=\"https:\/\/biblioteka.kolobrzeg.pl\/wp-content\/uploads\/2023\/01\/dkkdz2801235-150x150.jpg\" class=\"attachment-thumbnail size-thumbnail\" alt=\"Spotkanie DKK dla dzieci\" srcset=\"https:\/\/biblioteka.kolobrzeg.pl\/wp-content\/uploads\/2023\/01\/dkkdz2801235-150x150.jpg 150w, https:\/\/biblioteka.kolobrzeg.pl\/wp-content\/uploads\/2023\/01\/dkkdz2801235-144x144.jpg 144w\" sizes=\"auto, (max-width: 150px) 100vw, 150px\" \/><\/a>\n\t\t\t<\/dt><\/dl><dl class='gallery-item'>\n\t\t\t<dt class='gallery-icon landscape'>\n\t\t\t\t<a href='https:\/\/biblioteka.kolobrzeg.pl\/wp-content\/uploads\/2023\/01\/dkkdz2801233.jpg' title=\"\" data-rl_title=\"\" class=\"rl-gallery-link\" data-rl_caption=\"\" data-rel=\"lightbox-gallery-1\"><img loading=\"lazy\" decoding=\"async\" width=\"150\" height=\"150\" src=\"https:\/\/biblioteka.kolobrzeg.pl\/wp-content\/uploads\/2023\/01\/dkkdz2801233-150x150.jpg\" class=\"attachment-thumbnail size-thumbnail\" alt=\"Spotkanie DKK dla dzieci\" srcset=\"https:\/\/biblioteka.kolobrzeg.pl\/wp-content\/uploads\/2023\/01\/dkkdz2801233-150x150.jpg 150w, https:\/\/biblioteka.kolobrzeg.pl\/wp-content\/uploads\/2023\/01\/dkkdz2801233-144x144.jpg 144w\" sizes=\"auto, (max-width: 150px) 100vw, 150px\" \/><\/a>\n\t\t\t<\/dt><\/dl><dl class='gallery-item'>\n\t\t\t<dt class='gallery-icon landscape'>\n\t\t\t\t<a href='https:\/\/biblioteka.kolobrzeg.pl\/wp-content\/uploads\/2023\/01\/dkkdz2801232.jpg' title=\"\" data-rl_title=\"\" class=\"rl-gallery-link\" data-rl_caption=\"\" data-rel=\"lightbox-gallery-1\"><img loading=\"lazy\" decoding=\"async\" width=\"150\" height=\"150\" src=\"https:\/\/biblioteka.kolobrzeg.pl\/wp-content\/uploads\/2023\/01\/dkkdz2801232-150x150.jpg\" class=\"attachment-thumbnail size-thumbnail\" alt=\"Spotkanie DKK dla dzieci\" srcset=\"https:\/\/biblioteka.kolobrzeg.pl\/wp-content\/uploads\/2023\/01\/dkkdz2801232-150x150.jpg 150w, https:\/\/biblioteka.kolobrzeg.pl\/wp-content\/uploads\/2023\/01\/dkkdz2801232-144x144.jpg 144w\" sizes=\"auto, (max-width: 150px) 100vw, 150px\" \/><\/a>\n\t\t\t<\/dt><\/dl><br style=\"clear: both\" \/>\n\t\t<\/div>\n\n","protected":false},"excerpt":{"rendered":"<p>W sobotnie po\u0142udnie (28 stycznia 2023) w Brzozowym Zak\u0105tku przy ul. Brzozowej 9a spotkali si\u0119 m\u0142odzi Czytelnicy, aby porozmawia\u0107 o ksi\u0105\u017cce \u201ePami\u0119tniki marze\u0144\u201d Emilii Becker. \u015aledz\u0105c losy bohater\u00f3w dzieci dowiedzia\u0142y si\u0119 jak wa\u017cne s\u0105 marzenia w \u017cyciu ma\u0142ych i du\u017cych, czy zawsze si\u0119 spe\u0142niaj\u0105, czy ka\u017cdy umie marzy\u0107?. Swoje marzenia, narysowane lub wypisane, zamkn\u0119\u0142y w &hellip; <\/p>\n<p><a class=\"more-link block-button\" href=\"https:\/\/biblioteka.kolobrzeg.pl\/index.php\/2023\/01\/28\/spotkanie-dkk-dla-dzieci-3\/\">Kontynuuj czytanie &raquo;<\/a><\/p>\n","protected":false},"author":1,"featured_media":24958,"comment_status":"closed","ping_status":"closed","sticky":false,"template":"","format":"standard","meta":{"jetpack_post_was_ever_published":false,"_jetpack_newsletter_access":"","_jetpack_dont_email_post_to_subs":false,"_jetpack_newsletter_tier_id":0,"_jetpack_memberships_contains_paywalled_content":false,"_jetpack_memberships_contains_paid_content":false,"footnotes":"","jetpack_publicize_message":"","jetpack_publicize_feature_enabled":true,"jetpack_social_post_already_shared":true,"jetpack_social_options":{"image_generator_settings":{"template":"highway","default_image_id":0,"font":"","enabled":false},"version":2}},"categories":[1,514],"tags":[29,45,30],"class_list":["post-24937","post","type-post","status-publish","format-standard","has-post-thumbnail","hentry","category-aktualnosci","category-dkk-dla-dzieci","tag-dkk","tag-dzieci","tag-spotkanie"],"jetpack_publicize_connections":[],"jetpack_featured_media_url":"https:\/\/biblioteka.kolobrzeg.pl\/wp-content\/uploads\/2023\/01\/dkkdz2801231.jpg","jetpack_likes_enabled":true,"jetpack_sharing_enabled":true,"_links":{"self":[{"href":"https:\/\/biblioteka.kolobrzeg.pl\/index.php\/wp-json\/wp\/v2\/posts\/24937","targetHints":{"allow":["GET"]}}],"collection":[{"href":"https:\/\/biblioteka.kolobrzeg.pl\/index.php\/wp-json\/wp\/v2\/posts"}],"about":[{"href":"https:\/\/biblioteka.kolobrzeg.pl\/index.php\/wp-json\/wp\/v2\/types\/post"}],"author":[{"embeddable":true,"href":"https:\/\/biblioteka.kolobrzeg.pl\/index.php\/wp-json\/wp\/v2\/users\/1"}],"replies":[{"embeddable":true,"href":"https:\/\/biblioteka.kolobrzeg.pl\/index.php\/wp-json\/wp\/v2\/comments?post=24937"}],"version-history":[{"count":0,"href":"https:\/\/biblioteka.kolobrzeg.pl\/index.php\/wp-json\/wp\/v2\/posts\/24937\/revisions"}],"wp:featuredmedia":[{"embeddable":true,"href":"https:\/\/biblioteka.kolobrzeg.pl\/index.php\/wp-json\/wp\/v2\/media\/24958"}],"wp:attachment":[{"href":"https:\/\/biblioteka.kolobrzeg.pl\/index.php\/wp-json\/wp\/v2\/media?parent=24937"}],"wp:term":[{"taxonomy":"category","embeddable":true,"href":"https:\/\/biblioteka.kolobrzeg.pl\/index.php\/wp-json\/wp\/v2\/categories?post=24937"},{"taxonomy":"post_tag","embeddable":true,"href":"https:\/\/biblioteka.kolobrzeg.pl\/index.php\/wp-json\/wp\/v2\/tags?post=24937"}],"curies":[{"name":"wp","href":"https:\/\/api.w.org\/{rel}","templated":true}]}}