{"id":25351,"date":"2023-03-31T12:07:17","date_gmt":"2023-03-31T10:07:17","guid":{"rendered":"https:\/\/biblioteka.kolobrzeg.pl\/?p=25351"},"modified":"2023-04-14T10:31:38","modified_gmt":"2023-04-14T08:31:38","slug":"wyniki-konkursu-2","status":"publish","type":"post","link":"https:\/\/biblioteka.kolobrzeg.pl\/index.php\/2023\/03\/31\/wyniki-konkursu-2\/","title":{"rendered":"Wyniki i relacja z rozstrzygni\u0119cia konkursu"},"content":{"rendered":"<p><a href=\"https:\/\/biblioteka.kolobrzeg.pl\/wp-content\/uploads\/2023\/03\/wynikikonk3103232.jpg\" data-rel=\"lightbox-image-0\" data-rl_title=\"\" data-rl_caption=\"\" title=\"\"><img loading=\"lazy\" decoding=\"async\" class=\"alignleft wp-image-25353 size-thumbnail\" src=\"https:\/\/biblioteka.kolobrzeg.pl\/wp-content\/uploads\/2023\/03\/wynikikonk3103232-150x150.jpg\" alt=\"Prace konkursowe\" width=\"150\" height=\"150\" srcset=\"https:\/\/biblioteka.kolobrzeg.pl\/wp-content\/uploads\/2023\/03\/wynikikonk3103232-150x150.jpg 150w, https:\/\/biblioteka.kolobrzeg.pl\/wp-content\/uploads\/2023\/03\/wynikikonk3103232-144x144.jpg 144w\" sizes=\"auto, (max-width: 150px) 100vw, 150px\" \/><\/a>Konkurs \u201eBa\u015bniowa zak\u0142adka do ksi\u0105\u017cki\u201d, kt\u00f3ry trwa\u0142 w Bibliotece Dzieci\u0119cej od 27 lutego do 27 marca zosta\u0142 rozstrzygni\u0119ty. Na konkurs wp\u0142yn\u0119\u0142o 197 prac z przedszkoli, szk\u00f3\u0142 podstawowych i SOSW \u201eOkruszek\u201d oraz OREW. Spo\u015br\u00f3d du\u017cej ilo\u015bci pi\u0119knych zak\u0142adek, komisja 29 marca wy\u0142oni\u0142a 9 laureat\u00f3w. <!--more--><\/p>\n<p>Z prac nades\u0142anych przez przedszkola nagrodzenie zostali:<br \/>\nEmilia Pawlik Przedszkole nr 4 , Filip Kowalczyk Przedszkole nr 10.<br \/>\nNagrodzeni uczniowie szk\u00f3\u0142 podstawowych :<br \/>\nSP nr 4 Irina Poliakowa kl.II, Amelia Dziuba kl. IV ,<br \/>\nSp nr 5 Jonatan Sa\u0142adiak kl. III,<br \/>\nSp nr 7 Nina Goleniowska kl.III, Jakub Musia\u0142 kl. IV.<\/p>\n<p>Podopieczni O\u015brodka Rehabilitacyjno-Edukacyjno-Wychowawczego w Ko\u0142obrzegu:<br \/>\nAdam Stankiewicz i Daniel Kuberski.<\/p>\n<p>Laureat\u00f3w zapraszamy na wr\u0119czenie nagr\u00f3d do Brzozowego Zak\u0105tka w poniedzia\u0142ek (3 kwietnia) o godz. 15.30.<\/p>\n\n\t\t<style type=\"text\/css\">\n\t\t\t#gallery-1 {\n\t\t\t\tmargin: auto;\n\t\t\t}\n\t\t\t#gallery-1 .gallery-item {\n\t\t\t\tfloat: left;\n\t\t\t\tmargin-top: 10px;\n\t\t\t\ttext-align: center;\n\t\t\t\twidth: 33%;\n\t\t\t}\n\t\t\t#gallery-1 img {\n\t\t\t\tborder: 2px solid #cfcfcf;\n\t\t\t}\n\t\t\t#gallery-1 .gallery-caption {\n\t\t\t\tmargin-left: 0;\n\t\t\t}\n\t\t\t\/* see gallery_shortcode() in wp-includes\/media.php *\/\n\t\t<\/style>\n\t\t<div id='gallery-1' class='gallery galleryid-25351 gallery-columns-3 gallery-size-thumbnail'><dl class='gallery-item'>\n\t\t\t<dt class='gallery-icon landscape'>\n\t\t\t\t<a href='https:\/\/biblioteka.kolobrzeg.pl\/wp-content\/uploads\/2023\/03\/wynikikonk3103232.jpg' title=\"\" data-rl_title=\"\" class=\"rl-gallery-link\" data-rl_caption=\"\" data-rel=\"lightbox-gallery-1\"><img loading=\"lazy\" decoding=\"async\" width=\"150\" height=\"150\" src=\"https:\/\/biblioteka.kolobrzeg.pl\/wp-content\/uploads\/2023\/03\/wynikikonk3103232-150x150.jpg\" class=\"attachment-thumbnail size-thumbnail\" alt=\"Prace konkursowe\" srcset=\"https:\/\/biblioteka.kolobrzeg.pl\/wp-content\/uploads\/2023\/03\/wynikikonk3103232-150x150.jpg 150w, https:\/\/biblioteka.kolobrzeg.pl\/wp-content\/uploads\/2023\/03\/wynikikonk3103232-144x144.jpg 144w\" sizes=\"auto, (max-width: 150px) 100vw, 150px\" \/><\/a>\n\t\t\t<\/dt><\/dl><dl class='gallery-item'>\n\t\t\t<dt class='gallery-icon landscape'>\n\t\t\t\t<a href='https:\/\/biblioteka.kolobrzeg.pl\/wp-content\/uploads\/2023\/03\/wynikikonk3103233.jpg' title=\"\" data-rl_title=\"\" class=\"rl-gallery-link\" data-rl_caption=\"\" data-rel=\"lightbox-gallery-1\"><img loading=\"lazy\" decoding=\"async\" width=\"150\" height=\"150\" src=\"https:\/\/biblioteka.kolobrzeg.pl\/wp-content\/uploads\/2023\/03\/wynikikonk3103233-150x150.jpg\" class=\"attachment-thumbnail size-thumbnail\" alt=\"Prace konkursowe\" srcset=\"https:\/\/biblioteka.kolobrzeg.pl\/wp-content\/uploads\/2023\/03\/wynikikonk3103233-150x150.jpg 150w, https:\/\/biblioteka.kolobrzeg.pl\/wp-content\/uploads\/2023\/03\/wynikikonk3103233-144x144.jpg 144w\" sizes=\"auto, (max-width: 150px) 100vw, 150px\" \/><\/a>\n\t\t\t<\/dt><\/dl><dl class='gallery-item'>\n\t\t\t<dt class='gallery-icon landscape'>\n\t\t\t\t<a href='https:\/\/biblioteka.kolobrzeg.pl\/wp-content\/uploads\/2023\/03\/wynikikonk3103231.jpg' title=\"\" data-rl_title=\"\" class=\"rl-gallery-link\" data-rl_caption=\"\" data-rel=\"lightbox-gallery-1\"><img loading=\"lazy\" decoding=\"async\" width=\"150\" height=\"150\" src=\"https:\/\/biblioteka.kolobrzeg.pl\/wp-content\/uploads\/2023\/03\/wynikikonk3103231-150x150.jpg\" class=\"attachment-thumbnail size-thumbnail\" alt=\"Prace konkursowe\" srcset=\"https:\/\/biblioteka.kolobrzeg.pl\/wp-content\/uploads\/2023\/03\/wynikikonk3103231-150x150.jpg 150w, https:\/\/biblioteka.kolobrzeg.pl\/wp-content\/uploads\/2023\/03\/wynikikonk3103231-144x144.jpg 144w\" sizes=\"auto, (max-width: 150px) 100vw, 150px\" \/><\/a>\n\t\t\t<\/dt><\/dl><br style=\"clear: both\" \/>\n\t\t<\/div>\n\n","protected":false},"excerpt":{"rendered":"<p>Konkurs \u201eBa\u015bniowa zak\u0142adka do ksi\u0105\u017cki\u201d, kt\u00f3ry trwa\u0142 w Bibliotece Dzieci\u0119cej od 27 lutego do 27 marca zosta\u0142 rozstrzygni\u0119ty. Na konkurs wp\u0142yn\u0119\u0142o 197 prac z przedszkoli, szk\u00f3\u0142 podstawowych i SOSW \u201eOkruszek\u201d oraz OREW. Spo\u015br\u00f3d du\u017cej ilo\u015bci pi\u0119knych zak\u0142adek, komisja 29 marca wy\u0142oni\u0142a 9 laureat\u00f3w.<\/p><p><a class=\"more-link block-button\" href=\"https:\/\/biblioteka.kolobrzeg.pl\/index.php\/2023\/03\/31\/wyniki-konkursu-2\/\">Kontynuuj czytanie &raquo;<\/a><\/p>\n","protected":false},"author":1,"featured_media":25353,"comment_status":"closed","ping_status":"closed","sticky":false,"template":"","format":"standard","meta":{"jetpack_post_was_ever_published":false,"_jetpack_newsletter_access":"","_jetpack_dont_email_post_to_subs":false,"_jetpack_newsletter_tier_id":0,"_jetpack_memberships_contains_paywalled_content":false,"_jetpack_memberships_contains_paid_content":false,"footnotes":"","jetpack_publicize_message":"","jetpack_publicize_feature_enabled":true,"jetpack_social_post_already_shared":true,"jetpack_social_options":{"image_generator_settings":{"template":"highway","default_image_id":0,"font":"","enabled":false},"version":2}},"categories":[23],"tags":[35,504],"class_list":["post-25351","post","type-post","status-publish","format-standard","has-post-thumbnail","hentry","category-spotkania_wydarzenia","tag-konkurs","tag-wyniki"],"jetpack_publicize_connections":[],"jetpack_featured_media_url":"https:\/\/biblioteka.kolobrzeg.pl\/wp-content\/uploads\/2023\/03\/wynikikonk3103232.jpg","jetpack_likes_enabled":true,"jetpack_sharing_enabled":true,"_links":{"self":[{"href":"https:\/\/biblioteka.kolobrzeg.pl\/index.php\/wp-json\/wp\/v2\/posts\/25351","targetHints":{"allow":["GET"]}}],"collection":[{"href":"https:\/\/biblioteka.kolobrzeg.pl\/index.php\/wp-json\/wp\/v2\/posts"}],"about":[{"href":"https:\/\/biblioteka.kolobrzeg.pl\/index.php\/wp-json\/wp\/v2\/types\/post"}],"author":[{"embeddable":true,"href":"https:\/\/biblioteka.kolobrzeg.pl\/index.php\/wp-json\/wp\/v2\/users\/1"}],"replies":[{"embeddable":true,"href":"https:\/\/biblioteka.kolobrzeg.pl\/index.php\/wp-json\/wp\/v2\/comments?post=25351"}],"version-history":[{"count":0,"href":"https:\/\/biblioteka.kolobrzeg.pl\/index.php\/wp-json\/wp\/v2\/posts\/25351\/revisions"}],"wp:featuredmedia":[{"embeddable":true,"href":"https:\/\/biblioteka.kolobrzeg.pl\/index.php\/wp-json\/wp\/v2\/media\/25353"}],"wp:attachment":[{"href":"https:\/\/biblioteka.kolobrzeg.pl\/index.php\/wp-json\/wp\/v2\/media?parent=25351"}],"wp:term":[{"taxonomy":"category","embeddable":true,"href":"https:\/\/biblioteka.kolobrzeg.pl\/index.php\/wp-json\/wp\/v2\/categories?post=25351"},{"taxonomy":"post_tag","embeddable":true,"href":"https:\/\/biblioteka.kolobrzeg.pl\/index.php\/wp-json\/wp\/v2\/tags?post=25351"}],"curies":[{"name":"wp","href":"https:\/\/api.w.org\/{rel}","templated":true}]}}