{"id":25387,"date":"2023-04-25T12:53:40","date_gmt":"2023-04-25T10:53:40","guid":{"rendered":"https:\/\/biblioteka.kolobrzeg.pl\/?p=25387"},"modified":"2023-04-25T18:11:34","modified_gmt":"2023-04-25T16:11:34","slug":"25387","status":"publish","type":"post","link":"https:\/\/biblioteka.kolobrzeg.pl\/index.php\/2023\/04\/25\/25387\/","title":{"rendered":"Spotkanie z Edwardem St\u0119pniem"},"content":{"rendered":"<p><a href=\"https:\/\/biblioteka.kolobrzeg.pl\/wp-content\/uploads\/2023\/04\/spotkstepien250423.jpg\" data-rel=\"lightbox-image-0\" data-rl_title=\"\" data-rl_caption=\"\" title=\"\"><img loading=\"lazy\" decoding=\"async\" class=\"alignleft wp-image-25388 size-thumbnail\" src=\"https:\/\/biblioteka.kolobrzeg.pl\/wp-content\/uploads\/2023\/04\/spotkstepien250423-150x150.jpg\" alt=\"Spotkanie adw. Edward St\u0119pie\u0144\" width=\"150\" height=\"150\" srcset=\"https:\/\/biblioteka.kolobrzeg.pl\/wp-content\/uploads\/2023\/04\/spotkstepien250423-150x150.jpg 150w, https:\/\/biblioteka.kolobrzeg.pl\/wp-content\/uploads\/2023\/04\/spotkstepien250423-144x144.jpg 144w\" sizes=\"auto, (max-width: 150px) 100vw, 150px\" \/><\/a>Jak sporz\u0105dzi\u0107 wa\u017cny testament? Czym jest zachowek? Jakie s\u0105 zasady post\u0119powania s\u0105dowego po \u015bmierci bliskiej osoby?Jak uchroni\u0107 si\u0119 przed odziedziczeniem d\u0142ug\u00f3w?<\/p>\n<p>Zapraszamy serdecznie na spotkanie z adw. Edwardem St\u0119pniem, kt\u00f3ry opowie nam o praktycznych aspektach prawa spadkowego.<\/p>\n<p>Wydarzenie odb\u0119dzie si\u0119 <strong>25.04.2023<\/strong> o godzinie <strong>17:00<\/strong> w Bibliotece przy ul. J. Frankowskiego 3.<\/p>\n<p>Bezp\u0142atne wej\u015bci\u00f3wki dost\u0119pne w Czytelni Prasy przy ul. J. Frankowskiego 3 od 15.04.2023.<\/p>\n","protected":false},"excerpt":{"rendered":"<p>Jak sporz\u0105dzi\u0107 wa\u017cny testament? Czym jest zachowek? Jakie s\u0105 zasady post\u0119powania s\u0105dowego po \u015bmierci bliskiej osoby?Jak uchroni\u0107 si\u0119 przed odziedziczeniem d\u0142ug\u00f3w? Zapraszamy serdecznie na spotkanie z adw. Edwardem St\u0119pniem, kt\u00f3ry opowie nam o praktycznych aspektach prawa spadkowego. Wydarzenie odb\u0119dzie si\u0119 25.04.2023 o godzinie 17:00 w Bibliotece przy ul. J. Frankowskiego 3. Bezp\u0142atne wej\u015bci\u00f3wki dost\u0119pne w &hellip; <\/p>\n<p><a class=\"more-link block-button\" href=\"https:\/\/biblioteka.kolobrzeg.pl\/index.php\/2023\/04\/25\/25387\/\">Kontynuuj czytanie &raquo;<\/a><\/p>\n","protected":false},"author":1,"featured_media":25388,"comment_status":"closed","ping_status":"closed","sticky":false,"template":"","format":"standard","meta":{"jetpack_post_was_ever_published":false,"_jetpack_newsletter_access":"","_jetpack_dont_email_post_to_subs":false,"_jetpack_newsletter_tier_id":0,"_jetpack_memberships_contains_paywalled_content":false,"_jetpack_memberships_contains_paid_content":false,"footnotes":"","jetpack_publicize_message":"","jetpack_publicize_feature_enabled":true,"jetpack_social_post_already_shared":true,"jetpack_social_options":{"image_generator_settings":{"template":"highway","default_image_id":0,"font":"","enabled":false},"version":2}},"categories":[21],"tags":[30],"class_list":["post-25387","post","type-post","status-publish","format-standard","has-post-thumbnail","hentry","category-spotkania","tag-spotkanie"],"jetpack_publicize_connections":[],"jetpack_featured_media_url":"https:\/\/biblioteka.kolobrzeg.pl\/wp-content\/uploads\/2023\/04\/spotkstepien250423.jpg","jetpack_likes_enabled":true,"jetpack_sharing_enabled":true,"_links":{"self":[{"href":"https:\/\/biblioteka.kolobrzeg.pl\/index.php\/wp-json\/wp\/v2\/posts\/25387","targetHints":{"allow":["GET"]}}],"collection":[{"href":"https:\/\/biblioteka.kolobrzeg.pl\/index.php\/wp-json\/wp\/v2\/posts"}],"about":[{"href":"https:\/\/biblioteka.kolobrzeg.pl\/index.php\/wp-json\/wp\/v2\/types\/post"}],"author":[{"embeddable":true,"href":"https:\/\/biblioteka.kolobrzeg.pl\/index.php\/wp-json\/wp\/v2\/users\/1"}],"replies":[{"embeddable":true,"href":"https:\/\/biblioteka.kolobrzeg.pl\/index.php\/wp-json\/wp\/v2\/comments?post=25387"}],"version-history":[{"count":0,"href":"https:\/\/biblioteka.kolobrzeg.pl\/index.php\/wp-json\/wp\/v2\/posts\/25387\/revisions"}],"wp:featuredmedia":[{"embeddable":true,"href":"https:\/\/biblioteka.kolobrzeg.pl\/index.php\/wp-json\/wp\/v2\/media\/25388"}],"wp:attachment":[{"href":"https:\/\/biblioteka.kolobrzeg.pl\/index.php\/wp-json\/wp\/v2\/media?parent=25387"}],"wp:term":[{"taxonomy":"category","embeddable":true,"href":"https:\/\/biblioteka.kolobrzeg.pl\/index.php\/wp-json\/wp\/v2\/categories?post=25387"},{"taxonomy":"post_tag","embeddable":true,"href":"https:\/\/biblioteka.kolobrzeg.pl\/index.php\/wp-json\/wp\/v2\/tags?post=25387"}],"curies":[{"name":"wp","href":"https:\/\/api.w.org\/{rel}","templated":true}]}}