{"id":25399,"date":"2023-04-11T17:13:05","date_gmt":"2023-04-11T15:13:05","guid":{"rendered":"https:\/\/biblioteka.kolobrzeg.pl\/?p=25399"},"modified":"2023-05-10T15:39:34","modified_gmt":"2023-05-10T13:39:34","slug":"konkurs-plastyczny-biblioteka-moich-marzen","status":"publish","type":"post","link":"https:\/\/biblioteka.kolobrzeg.pl\/index.php\/2023\/04\/11\/konkurs-plastyczny-biblioteka-moich-marzen\/","title":{"rendered":"Konkurs plastyczny Biblioteka moich marze\u0144"},"content":{"rendered":"<p><a href=\"https:\/\/biblioteka.kolobrzeg.pl\/wp-content\/uploads\/2023\/04\/konk120423.jpg\" data-rel=\"lightbox-image-0\" data-rl_title=\"\" data-rl_caption=\"\" title=\"\"><img loading=\"lazy\" decoding=\"async\" class=\"alignleft wp-image-25405\" src=\"https:\/\/biblioteka.kolobrzeg.pl\/wp-content\/uploads\/2023\/04\/konk120423.jpg\" alt=\"Konkurs plakat\" width=\"106\" height=\"150\"><\/a>Biblioteka Dzieci\u0119ca zaprasza do udzia\u0142u w rodzinnym konkursie plastycznym \u201eBiblioteka moich marze\u0144\u201d.<\/p>\n<p>Konkurs skierowany jest dla dzieci klas I-VI ko\u0142obrzeskich szk\u00f3\u0142 podstawowych oraz uczni\u00f3w i wychowank\u00f3w SOSW \u201eOkruszek\u201d i OREW.<\/p>\n<p>Prace konkursowe nale\u017cy dostarczy\u0107 do Biblioteki Dzieci\u0119cej (Brzozowa 9a) <strong>do<\/strong> <strong>8 maja<\/strong>.<\/p>\n<p>Szczeg\u00f3\u0142owe informacje dotycz\u0105ce konkursu znajduj\u0105 si\u0119 w regulaminie: <a href=\"https:\/\/biblioteka.kolobrzeg.pl\/wp-content\/uploads\/2023\/04\/regulamin_konkursu_bmm.pdf\">Regulamin.pdf<\/a><\/p>\n","protected":false},"excerpt":{"rendered":"<p>Biblioteka Dzieci\u0119ca zaprasza do udzia\u0142u w rodzinnym konkursie plastycznym \u201eBiblioteka moich marze\u0144\u201d. Konkurs skierowany jest dla dzieci klas I-VI ko\u0142obrzeskich szk\u00f3\u0142 podstawowych oraz uczni\u00f3w i wychowank\u00f3w SOSW \u201eOkruszek\u201d i OREW. Prace konkursowe nale\u017cy dostarczy\u0107 do Biblioteki Dzieci\u0119cej (Brzozowa 9a) do 8 maja. Szczeg\u00f3\u0142owe informacje dotycz\u0105ce konkursu znajduj\u0105 si\u0119 w regulaminie: Regulamin.pdf<\/p>\n","protected":false},"author":1,"featured_media":25405,"comment_status":"closed","ping_status":"closed","sticky":false,"template":"","format":"standard","meta":{"jetpack_post_was_ever_published":false,"_jetpack_newsletter_access":"","_jetpack_dont_email_post_to_subs":false,"_jetpack_newsletter_tier_id":0,"_jetpack_memberships_contains_paywalled_content":false,"_jetpack_memberships_contains_paid_content":false,"footnotes":"","jetpack_publicize_message":"","jetpack_publicize_feature_enabled":true,"jetpack_social_post_already_shared":true,"jetpack_social_options":{"image_generator_settings":{"template":"highway","default_image_id":0,"font":"","enabled":false},"version":2}},"categories":[1,23],"tags":[35],"class_list":["post-25399","post","type-post","status-publish","format-standard","has-post-thumbnail","hentry","category-aktualnosci","category-spotkania_wydarzenia","tag-konkurs"],"jetpack_publicize_connections":[],"jetpack_featured_media_url":"https:\/\/biblioteka.kolobrzeg.pl\/wp-content\/uploads\/2023\/04\/konk120423.jpg","jetpack_likes_enabled":true,"jetpack_sharing_enabled":true,"_links":{"self":[{"href":"https:\/\/biblioteka.kolobrzeg.pl\/index.php\/wp-json\/wp\/v2\/posts\/25399","targetHints":{"allow":["GET"]}}],"collection":[{"href":"https:\/\/biblioteka.kolobrzeg.pl\/index.php\/wp-json\/wp\/v2\/posts"}],"about":[{"href":"https:\/\/biblioteka.kolobrzeg.pl\/index.php\/wp-json\/wp\/v2\/types\/post"}],"author":[{"embeddable":true,"href":"https:\/\/biblioteka.kolobrzeg.pl\/index.php\/wp-json\/wp\/v2\/users\/1"}],"replies":[{"embeddable":true,"href":"https:\/\/biblioteka.kolobrzeg.pl\/index.php\/wp-json\/wp\/v2\/comments?post=25399"}],"version-history":[{"count":0,"href":"https:\/\/biblioteka.kolobrzeg.pl\/index.php\/wp-json\/wp\/v2\/posts\/25399\/revisions"}],"wp:featuredmedia":[{"embeddable":true,"href":"https:\/\/biblioteka.kolobrzeg.pl\/index.php\/wp-json\/wp\/v2\/media\/25405"}],"wp:attachment":[{"href":"https:\/\/biblioteka.kolobrzeg.pl\/index.php\/wp-json\/wp\/v2\/media?parent=25399"}],"wp:term":[{"taxonomy":"category","embeddable":true,"href":"https:\/\/biblioteka.kolobrzeg.pl\/index.php\/wp-json\/wp\/v2\/categories?post=25399"},{"taxonomy":"post_tag","embeddable":true,"href":"https:\/\/biblioteka.kolobrzeg.pl\/index.php\/wp-json\/wp\/v2\/tags?post=25399"}],"curies":[{"name":"wp","href":"https:\/\/api.w.org\/{rel}","templated":true}]}}