{"id":25547,"date":"2023-05-17T16:06:17","date_gmt":"2023-05-17T14:06:17","guid":{"rendered":"https:\/\/biblioteka.kolobrzeg.pl\/?p=25547"},"modified":"2023-05-23T14:13:50","modified_gmt":"2023-05-23T12:13:50","slug":"spotkanie-dkk-dla-doroslych-33","status":"publish","type":"post","link":"https:\/\/biblioteka.kolobrzeg.pl\/index.php\/2023\/05\/17\/spotkanie-dkk-dla-doroslych-33\/","title":{"rendered":"Spotkanie DKK dla doros\u0142ych"},"content":{"rendered":"<p><a href=\"https:\/\/biblioteka.kolobrzeg.pl\/wp-content\/uploads\/2023\/05\/dkk1705231.jpg\" data-rel=\"lightbox-image-0\" data-rl_title=\"\" data-rl_caption=\"\" title=\"\"><img loading=\"lazy\" decoding=\"async\" class=\"alignleft wp-image-25673 size-thumbnail\" src=\"https:\/\/biblioteka.kolobrzeg.pl\/wp-content\/uploads\/2023\/05\/dkk1705231-150x150.jpg\" alt=\"Spotkanie DKK dla doros\u0142ych\" width=\"150\" height=\"150\" srcset=\"https:\/\/biblioteka.kolobrzeg.pl\/wp-content\/uploads\/2023\/05\/dkk1705231-150x150.jpg 150w, https:\/\/biblioteka.kolobrzeg.pl\/wp-content\/uploads\/2023\/05\/dkk1705231-144x144.jpg 144w\" sizes=\"auto, (max-width: 150px) 100vw, 150px\" \/><\/a>W \u015brod\u0119, 17 maja 2023, Czytelnicy z Dyskusyjnego Klubu Ksi\u0105\u017cki dla doros\u0142ych wymieniali si\u0119 wra\u017ceniami, kt\u00f3re wywo\u0142a\u0142a ksi\u0105\u017cka \u201cKierunek zwiedzania\u201d Marcina Wichy. Dyskutowano o bohaterze przeczytanej pozycji, Kazimierzu Malewiczu, malarzu polskiego pochodzenia, kt\u00f3rego kompozycja suprematyczna z 1916 roku \u201cCzarny kwadrat\u201d osi\u0105gn\u0119\u0142a cen\u0119 60 milion\u00f3w dolar\u00f3w. Mi\u0142o\u015bnicy ksi\u0105\u017cek opowiadali r\u00f3wnie\u017c o pozosta\u0142ych publikacjach Marcina Wichy, w tym o \u201cRzeczach, kt\u00f3rych nie wyrzuci\u0142em\u201d, uhonorowanych Literack\u0105 Nagrod\u0105 Nike w 2018 roku.<!--more--><\/p>\n<p>Na nast\u0119pne spotkanie DKK dla doros\u0142ych po\u0142\u0105czone z wymian\u0105 wra\u017ce\u0144 po przeczytaniu cyklu o Cmentarzu Zapomnianych Ksi\u0105\u017cek Carlosa Ruisa Zaf\u00f3na zapraszamy 14 czerwca 2023 o godzinie 17.30 do Brzozowego Zak\u0105tka przy ul. Brzozowej 9a.<\/p>\n<p>Egzemplarze znajduj\u0105 si\u0119 w Wypo\u017cyczalni Beletrystyki przy ul. Brzozowej 9a.<\/p>\n<p>Kontakt telefoniczny: 943523004<\/p>\n<p>Kontakt mailowy: dkk@biblioteka.kolobrzeg.pl<\/p>\n<p>Program Dyskusyjny Klub Ksi\u0105\u017cki realizowany jest we wsp\u00f3\u0142pracy z Instytutem Ksi\u0105\u017cki i Narodowym Programem Rozwoju Czytelnictwa 2.0<\/p>\n\n\t\t<style type=\"text\/css\">\n\t\t\t#gallery-1 {\n\t\t\t\tmargin: auto;\n\t\t\t}\n\t\t\t#gallery-1 .gallery-item {\n\t\t\t\tfloat: left;\n\t\t\t\tmargin-top: 10px;\n\t\t\t\ttext-align: center;\n\t\t\t\twidth: 20%;\n\t\t\t}\n\t\t\t#gallery-1 img {\n\t\t\t\tborder: 2px solid #cfcfcf;\n\t\t\t}\n\t\t\t#gallery-1 .gallery-caption {\n\t\t\t\tmargin-left: 0;\n\t\t\t}\n\t\t\t\/* see gallery_shortcode() in wp-includes\/media.php *\/\n\t\t<\/style>\n\t\t<div id='gallery-1' class='gallery galleryid-25547 gallery-columns-5 gallery-size-thumbnail'><dl class='gallery-item'>\n\t\t\t<dt class='gallery-icon landscape'>\n\t\t\t\t<a href='https:\/\/biblioteka.kolobrzeg.pl\/wp-content\/uploads\/2023\/05\/dkk1705233.jpg' title=\"\" data-rl_title=\"\" class=\"rl-gallery-link\" data-rl_caption=\"\" data-rel=\"lightbox-gallery-1\"><img loading=\"lazy\" decoding=\"async\" width=\"150\" height=\"150\" src=\"https:\/\/biblioteka.kolobrzeg.pl\/wp-content\/uploads\/2023\/05\/dkk1705233-150x150.jpg\" class=\"attachment-thumbnail size-thumbnail\" alt=\"Spotkanie DKK dla doros\u0142ych\" srcset=\"https:\/\/biblioteka.kolobrzeg.pl\/wp-content\/uploads\/2023\/05\/dkk1705233-150x150.jpg 150w, https:\/\/biblioteka.kolobrzeg.pl\/wp-content\/uploads\/2023\/05\/dkk1705233-144x144.jpg 144w\" sizes=\"auto, (max-width: 150px) 100vw, 150px\" \/><\/a>\n\t\t\t<\/dt><\/dl><dl class='gallery-item'>\n\t\t\t<dt class='gallery-icon landscape'>\n\t\t\t\t<a href='https:\/\/biblioteka.kolobrzeg.pl\/wp-content\/uploads\/2023\/05\/dkk1705234.jpg' title=\"\" data-rl_title=\"\" class=\"rl-gallery-link\" data-rl_caption=\"\" data-rel=\"lightbox-gallery-1\"><img loading=\"lazy\" decoding=\"async\" width=\"150\" height=\"150\" src=\"https:\/\/biblioteka.kolobrzeg.pl\/wp-content\/uploads\/2023\/05\/dkk1705234-150x150.jpg\" class=\"attachment-thumbnail size-thumbnail\" alt=\"Spotkanie DKK dla doros\u0142ych\" srcset=\"https:\/\/biblioteka.kolobrzeg.pl\/wp-content\/uploads\/2023\/05\/dkk1705234-150x150.jpg 150w, https:\/\/biblioteka.kolobrzeg.pl\/wp-content\/uploads\/2023\/05\/dkk1705234-144x144.jpg 144w\" sizes=\"auto, (max-width: 150px) 100vw, 150px\" \/><\/a>\n\t\t\t<\/dt><\/dl><dl class='gallery-item'>\n\t\t\t<dt class='gallery-icon landscape'>\n\t\t\t\t<a href='https:\/\/biblioteka.kolobrzeg.pl\/wp-content\/uploads\/2023\/05\/dkk1705231.jpg' title=\"\" data-rl_title=\"\" class=\"rl-gallery-link\" data-rl_caption=\"\" data-rel=\"lightbox-gallery-1\"><img loading=\"lazy\" decoding=\"async\" width=\"150\" height=\"150\" src=\"https:\/\/biblioteka.kolobrzeg.pl\/wp-content\/uploads\/2023\/05\/dkk1705231-150x150.jpg\" class=\"attachment-thumbnail size-thumbnail\" alt=\"Spotkanie DKK dla doros\u0142ych\" srcset=\"https:\/\/biblioteka.kolobrzeg.pl\/wp-content\/uploads\/2023\/05\/dkk1705231-150x150.jpg 150w, https:\/\/biblioteka.kolobrzeg.pl\/wp-content\/uploads\/2023\/05\/dkk1705231-144x144.jpg 144w\" sizes=\"auto, (max-width: 150px) 100vw, 150px\" \/><\/a>\n\t\t\t<\/dt><\/dl><dl class='gallery-item'>\n\t\t\t<dt class='gallery-icon landscape'>\n\t\t\t\t<a href='https:\/\/biblioteka.kolobrzeg.pl\/wp-content\/uploads\/2023\/05\/dkk1705235.jpg' title=\"\" data-rl_title=\"\" class=\"rl-gallery-link\" data-rl_caption=\"\" data-rel=\"lightbox-gallery-1\"><img loading=\"lazy\" decoding=\"async\" width=\"150\" height=\"150\" src=\"https:\/\/biblioteka.kolobrzeg.pl\/wp-content\/uploads\/2023\/05\/dkk1705235-150x150.jpg\" class=\"attachment-thumbnail size-thumbnail\" alt=\"Spotkanie DKK dla doros\u0142ych\" srcset=\"https:\/\/biblioteka.kolobrzeg.pl\/wp-content\/uploads\/2023\/05\/dkk1705235-150x150.jpg 150w, https:\/\/biblioteka.kolobrzeg.pl\/wp-content\/uploads\/2023\/05\/dkk1705235-144x144.jpg 144w\" sizes=\"auto, (max-width: 150px) 100vw, 150px\" \/><\/a>\n\t\t\t<\/dt><\/dl><dl class='gallery-item'>\n\t\t\t<dt class='gallery-icon landscape'>\n\t\t\t\t<a href='https:\/\/biblioteka.kolobrzeg.pl\/wp-content\/uploads\/2023\/05\/dkk1705232.jpg' title=\"\" data-rl_title=\"\" class=\"rl-gallery-link\" data-rl_caption=\"\" data-rel=\"lightbox-gallery-1\"><img loading=\"lazy\" decoding=\"async\" width=\"150\" height=\"150\" src=\"https:\/\/biblioteka.kolobrzeg.pl\/wp-content\/uploads\/2023\/05\/dkk1705232-150x150.jpg\" class=\"attachment-thumbnail size-thumbnail\" alt=\"Spotkanie DKK dla doros\u0142ych\" srcset=\"https:\/\/biblioteka.kolobrzeg.pl\/wp-content\/uploads\/2023\/05\/dkk1705232-150x150.jpg 150w, https:\/\/biblioteka.kolobrzeg.pl\/wp-content\/uploads\/2023\/05\/dkk1705232-144x144.jpg 144w\" sizes=\"auto, (max-width: 150px) 100vw, 150px\" \/><\/a>\n\t\t\t<\/dt><\/dl><br style=\"clear: both\" \/>\n\t\t<\/div>\n\n","protected":false},"excerpt":{"rendered":"<p>W \u015brod\u0119, 17 maja 2023, Czytelnicy z Dyskusyjnego Klubu Ksi\u0105\u017cki dla doros\u0142ych wymieniali si\u0119 wra\u017ceniami, kt\u00f3re wywo\u0142a\u0142a ksi\u0105\u017cka \u201cKierunek zwiedzania\u201d Marcina Wichy. Dyskutowano o bohaterze przeczytanej pozycji, Kazimierzu Malewiczu, malarzu polskiego pochodzenia, kt\u00f3rego kompozycja suprematyczna z 1916 roku \u201cCzarny kwadrat\u201d osi\u0105gn\u0119\u0142a cen\u0119 60 milion\u00f3w dolar\u00f3w. Mi\u0142o\u015bnicy ksi\u0105\u017cek opowiadali r\u00f3wnie\u017c o pozosta\u0142ych publikacjach Marcina Wichy, w &hellip; <\/p>\n<p><a class=\"more-link block-button\" href=\"https:\/\/biblioteka.kolobrzeg.pl\/index.php\/2023\/05\/17\/spotkanie-dkk-dla-doroslych-33\/\">Kontynuuj czytanie &raquo;<\/a><\/p>\n","protected":false},"author":1,"featured_media":25673,"comment_status":"closed","ping_status":"closed","sticky":false,"template":"","format":"standard","meta":{"jetpack_post_was_ever_published":false,"_jetpack_newsletter_access":"","_jetpack_dont_email_post_to_subs":false,"_jetpack_newsletter_tier_id":0,"_jetpack_memberships_contains_paywalled_content":false,"_jetpack_memberships_contains_paid_content":false,"footnotes":"","jetpack_publicize_message":"","jetpack_publicize_feature_enabled":true,"jetpack_social_post_already_shared":true,"jetpack_social_options":{"image_generator_settings":{"template":"highway","default_image_id":0,"font":"","enabled":false},"version":2}},"categories":[18],"tags":[29,30],"class_list":["post-25547","post","type-post","status-publish","format-standard","has-post-thumbnail","hentry","category-dkk","tag-dkk","tag-spotkanie"],"jetpack_publicize_connections":[],"jetpack_featured_media_url":"https:\/\/biblioteka.kolobrzeg.pl\/wp-content\/uploads\/2023\/05\/dkk1705231.jpg","jetpack_likes_enabled":true,"jetpack_sharing_enabled":true,"_links":{"self":[{"href":"https:\/\/biblioteka.kolobrzeg.pl\/index.php\/wp-json\/wp\/v2\/posts\/25547","targetHints":{"allow":["GET"]}}],"collection":[{"href":"https:\/\/biblioteka.kolobrzeg.pl\/index.php\/wp-json\/wp\/v2\/posts"}],"about":[{"href":"https:\/\/biblioteka.kolobrzeg.pl\/index.php\/wp-json\/wp\/v2\/types\/post"}],"author":[{"embeddable":true,"href":"https:\/\/biblioteka.kolobrzeg.pl\/index.php\/wp-json\/wp\/v2\/users\/1"}],"replies":[{"embeddable":true,"href":"https:\/\/biblioteka.kolobrzeg.pl\/index.php\/wp-json\/wp\/v2\/comments?post=25547"}],"version-history":[{"count":0,"href":"https:\/\/biblioteka.kolobrzeg.pl\/index.php\/wp-json\/wp\/v2\/posts\/25547\/revisions"}],"wp:featuredmedia":[{"embeddable":true,"href":"https:\/\/biblioteka.kolobrzeg.pl\/index.php\/wp-json\/wp\/v2\/media\/25673"}],"wp:attachment":[{"href":"https:\/\/biblioteka.kolobrzeg.pl\/index.php\/wp-json\/wp\/v2\/media?parent=25547"}],"wp:term":[{"taxonomy":"category","embeddable":true,"href":"https:\/\/biblioteka.kolobrzeg.pl\/index.php\/wp-json\/wp\/v2\/categories?post=25547"},{"taxonomy":"post_tag","embeddable":true,"href":"https:\/\/biblioteka.kolobrzeg.pl\/index.php\/wp-json\/wp\/v2\/tags?post=25547"}],"curies":[{"name":"wp","href":"https:\/\/api.w.org\/{rel}","templated":true}]}}