{"id":25646,"date":"2023-05-18T10:30:40","date_gmt":"2023-05-18T08:30:40","guid":{"rendered":"https:\/\/biblioteka.kolobrzeg.pl\/?p=25646"},"modified":"2023-05-22T11:20:27","modified_gmt":"2023-05-22T09:20:27","slug":"czas-na-bajke-5","status":"publish","type":"post","link":"https:\/\/biblioteka.kolobrzeg.pl\/index.php\/2023\/05\/18\/czas-na-bajke-5\/","title":{"rendered":"Czas na bajk\u0119"},"content":{"rendered":"<p><a href=\"https:\/\/biblioteka.kolobrzeg.pl\/wp-content\/uploads\/2023\/05\/czbajka1805231.jpg\" data-rel=\"lightbox-image-0\" data-rl_title=\"\" data-rl_caption=\"\" title=\"\"><img loading=\"lazy\" decoding=\"async\" class=\"alignleft wp-image-25644 size-thumbnail\" src=\"https:\/\/biblioteka.kolobrzeg.pl\/wp-content\/uploads\/2023\/05\/czbajka1805231-150x150.jpg\" alt=\"Czas na bajk\u0119\" width=\"150\" height=\"150\" srcset=\"https:\/\/biblioteka.kolobrzeg.pl\/wp-content\/uploads\/2023\/05\/czbajka1805231-150x150.jpg 150w, https:\/\/biblioteka.kolobrzeg.pl\/wp-content\/uploads\/2023\/05\/czbajka1805231-144x144.jpg 144w\" sizes=\"auto, (max-width: 150px) 100vw, 150px\" \/><\/a>Czwartkowe zaj\u0119cia, \u201eCzas na bajk\u0119\u201d, up\u0142yn\u0119\u0142y pod znakiem \u017c\u00f3\u0142wia. Tempo spotkania nie by\u0142o \u017c\u00f3\u0142wie, wi\u0119c du\u017co si\u0119 wydarzy\u0142o. Na pocz\u0105tek mali Czytelnicy pomogli w czytaniu opowiastki \u201e\u017b\u00f3\u0142w Wiktor na wycieczce\u201d, do kt\u00f3rej tekst napisa\u0142a Irmina \u017bochowska, ilustracje wykona\u0142 Jaros\u0142aw \u017bukowski. Z plasteliny dzieci w wykona\u0142y figurki lub technik\u0105 rozcierania, kolorowe \u017c\u00f3\u0142wiki. Tempo nie zwalnia\u0142o, znale\u017ali\u015bmy czas na plansz\u00f3wk\u0119 \u201eP\u0119dz\u0105ce \u017c\u00f3\u0142wie\u201d XXL .<!--more--><\/p>\n<p>Na kolejne spotkanie zapraszamy <strong>25 maja<\/strong> o godz. 16.00.<\/p>\n","protected":false},"excerpt":{"rendered":"<p>Czwartkowe zaj\u0119cia, \u201eCzas na bajk\u0119\u201d, up\u0142yn\u0119\u0142y pod znakiem \u017c\u00f3\u0142wia. Tempo spotkania nie by\u0142o \u017c\u00f3\u0142wie, wi\u0119c du\u017co si\u0119 wydarzy\u0142o. Na pocz\u0105tek mali Czytelnicy pomogli w czytaniu opowiastki \u201e\u017b\u00f3\u0142w Wiktor na wycieczce\u201d, do kt\u00f3rej tekst napisa\u0142a Irmina \u017bochowska, ilustracje wykona\u0142 Jaros\u0142aw \u017bukowski. Z plasteliny dzieci w wykona\u0142y figurki lub technik\u0105 rozcierania, kolorowe \u017c\u00f3\u0142wiki. Tempo nie zwalnia\u0142o, znale\u017ali\u015bmy &hellip; <\/p>\n<p><a class=\"more-link block-button\" href=\"https:\/\/biblioteka.kolobrzeg.pl\/index.php\/2023\/05\/18\/czas-na-bajke-5\/\">Kontynuuj czytanie &raquo;<\/a><\/p>\n","protected":false},"author":1,"featured_media":25644,"comment_status":"closed","ping_status":"closed","sticky":false,"template":"","format":"standard","meta":{"jetpack_post_was_ever_published":false,"_jetpack_newsletter_access":"","_jetpack_dont_email_post_to_subs":false,"_jetpack_newsletter_tier_id":0,"_jetpack_memberships_contains_paywalled_content":false,"_jetpack_memberships_contains_paid_content":false,"footnotes":"","jetpack_publicize_message":"","jetpack_publicize_feature_enabled":true,"jetpack_social_post_already_shared":true,"jetpack_social_options":{"image_generator_settings":{"template":"highway","default_image_id":0,"font":"","enabled":false},"version":2}},"categories":[1,23],"tags":[518,45],"class_list":["post-25646","post","type-post","status-publish","format-standard","has-post-thumbnail","hentry","category-aktualnosci","category-spotkania_wydarzenia","tag-bajka","tag-dzieci"],"jetpack_publicize_connections":[],"jetpack_featured_media_url":"https:\/\/biblioteka.kolobrzeg.pl\/wp-content\/uploads\/2023\/05\/czbajka1805231.jpg","jetpack_likes_enabled":true,"jetpack_sharing_enabled":true,"_links":{"self":[{"href":"https:\/\/biblioteka.kolobrzeg.pl\/index.php\/wp-json\/wp\/v2\/posts\/25646","targetHints":{"allow":["GET"]}}],"collection":[{"href":"https:\/\/biblioteka.kolobrzeg.pl\/index.php\/wp-json\/wp\/v2\/posts"}],"about":[{"href":"https:\/\/biblioteka.kolobrzeg.pl\/index.php\/wp-json\/wp\/v2\/types\/post"}],"author":[{"embeddable":true,"href":"https:\/\/biblioteka.kolobrzeg.pl\/index.php\/wp-json\/wp\/v2\/users\/1"}],"replies":[{"embeddable":true,"href":"https:\/\/biblioteka.kolobrzeg.pl\/index.php\/wp-json\/wp\/v2\/comments?post=25646"}],"version-history":[{"count":0,"href":"https:\/\/biblioteka.kolobrzeg.pl\/index.php\/wp-json\/wp\/v2\/posts\/25646\/revisions"}],"wp:featuredmedia":[{"embeddable":true,"href":"https:\/\/biblioteka.kolobrzeg.pl\/index.php\/wp-json\/wp\/v2\/media\/25644"}],"wp:attachment":[{"href":"https:\/\/biblioteka.kolobrzeg.pl\/index.php\/wp-json\/wp\/v2\/media?parent=25646"}],"wp:term":[{"taxonomy":"category","embeddable":true,"href":"https:\/\/biblioteka.kolobrzeg.pl\/index.php\/wp-json\/wp\/v2\/categories?post=25646"},{"taxonomy":"post_tag","embeddable":true,"href":"https:\/\/biblioteka.kolobrzeg.pl\/index.php\/wp-json\/wp\/v2\/tags?post=25646"}],"curies":[{"name":"wp","href":"https:\/\/api.w.org\/{rel}","templated":true}]}}