{"id":25829,"date":"2023-06-14T13:14:09","date_gmt":"2023-06-14T11:14:09","guid":{"rendered":"https:\/\/biblioteka.kolobrzeg.pl\/?p=25829"},"modified":"2023-10-31T12:56:03","modified_gmt":"2023-10-31T11:56:03","slug":"spotkanie-dkk-dla-doroslych-34","status":"publish","type":"post","link":"https:\/\/biblioteka.kolobrzeg.pl\/index.php\/2023\/06\/14\/spotkanie-dkk-dla-doroslych-34\/","title":{"rendered":"Spotkanie DKK dla doros\u0142ych"},"content":{"rendered":"<p><a href=\"https:\/\/biblioteka.kolobrzeg.pl\/wp-content\/uploads\/2023\/06\/dkkd140623.jpg\" data-rel=\"lightbox-image-0\" data-rl_title=\"\" data-rl_caption=\"\" title=\"\"><img loading=\"lazy\" decoding=\"async\" class=\"alignleft wp-image-25838 size-thumbnail\" src=\"https:\/\/biblioteka.kolobrzeg.pl\/wp-content\/uploads\/2023\/06\/dkkd140623-150x150.jpg\" alt=\"Spotkanie DKK dla doros\u0142ych\" width=\"150\" height=\"150\" srcset=\"https:\/\/biblioteka.kolobrzeg.pl\/wp-content\/uploads\/2023\/06\/dkkd140623-150x150.jpg 150w, https:\/\/biblioteka.kolobrzeg.pl\/wp-content\/uploads\/2023\/06\/dkkd140623-144x144.jpg 144w\" sizes=\"auto, (max-width: 150px) 100vw, 150px\" \/><\/a>14 czerwca odby\u0142o si\u0119 ostatnie przed wakacjami spotkanie Dyskusyjnego Klubu Ksi\u0105\u017cki dla doros\u0142ych. W kameralnej atmosferze rozmawiali\u015bmy o ksi\u0105\u017ckach Carla Ruiza Zafona z cyklu Cmentarzyska Zapomnianych Ksi\u0105\u017cek. Pozycje te napisane s\u0105 niezwyk\u0142ym j\u0119zykiem, a historie w nich opisane, cho\u0107 cz\u0119sto zdaj\u0105 si\u0119 nierealne, nie pozwalaj\u0105 przej\u015b\u0107 oboj\u0119tnie obok tej lektury.<\/p>\n<p>Na nast\u0119pne spotkanie DKK dla doros\u0142ych zapraszamy 20 wrze\u015bnia o godz. 17.30 w Brzozowym Zak\u0105tku przy ul. Brzozowej 9a &#8211; tematem dyskusji b\u0119dzie Wenecja w literaturze.<\/p>\n<p><!--more--><\/p>\n<p>Egzemplarze w miar\u0119 dost\u0119pno\u015bci znajduj\u0105 si\u0119 w Wypo\u017cyczalni Beletrystyki przy ul. Brzozowej 9a.<\/p>\n<p>Kontakt telefoniczny: 943523004<\/p>\n<p>Kontakt mailowy: dkk@biblioteka.kolobrzeg.pl<\/p>\n<p>Program Dyskusyjny Klub Ksi\u0105\u017cki realizowany jest we wsp\u00f3\u0142pracy z Instytutem Ksi\u0105\u017cki i Narodowym Programem Rozwoju Czytelnictwa 2.0<\/p>\n","protected":false},"excerpt":{"rendered":"<p>14 czerwca odby\u0142o si\u0119 ostatnie przed wakacjami spotkanie Dyskusyjnego Klubu Ksi\u0105\u017cki dla doros\u0142ych. W kameralnej atmosferze rozmawiali\u015bmy o ksi\u0105\u017ckach Carla Ruiza Zafona z cyklu Cmentarzyska Zapomnianych Ksi\u0105\u017cek. Pozycje te napisane s\u0105 niezwyk\u0142ym j\u0119zykiem, a historie w nich opisane, cho\u0107 cz\u0119sto zdaj\u0105 si\u0119 nierealne, nie pozwalaj\u0105 przej\u015b\u0107 oboj\u0119tnie obok tej lektury. Na nast\u0119pne spotkanie DKK dla &hellip; <\/p>\n<p><a class=\"more-link block-button\" href=\"https:\/\/biblioteka.kolobrzeg.pl\/index.php\/2023\/06\/14\/spotkanie-dkk-dla-doroslych-34\/\">Kontynuuj czytanie &raquo;<\/a><\/p>\n","protected":false},"author":1,"featured_media":25838,"comment_status":"closed","ping_status":"closed","sticky":false,"template":"","format":"standard","meta":{"jetpack_post_was_ever_published":false,"_jetpack_newsletter_access":"","_jetpack_dont_email_post_to_subs":false,"_jetpack_newsletter_tier_id":0,"_jetpack_memberships_contains_paywalled_content":false,"_jetpack_memberships_contains_paid_content":false,"footnotes":"","jetpack_publicize_message":"","jetpack_publicize_feature_enabled":true,"jetpack_social_post_already_shared":true,"jetpack_social_options":{"image_generator_settings":{"template":"highway","default_image_id":0,"font":"","enabled":false},"version":2}},"categories":[543,18],"tags":[29,30],"class_list":["post-25829","post","type-post","status-publish","format-standard","has-post-thumbnail","hentry","category-biblioteka-brzozowa","category-dkk","tag-dkk","tag-spotkanie"],"jetpack_publicize_connections":[],"jetpack_featured_media_url":"https:\/\/biblioteka.kolobrzeg.pl\/wp-content\/uploads\/2023\/06\/dkkd140623.jpg","jetpack_likes_enabled":true,"jetpack_sharing_enabled":true,"_links":{"self":[{"href":"https:\/\/biblioteka.kolobrzeg.pl\/index.php\/wp-json\/wp\/v2\/posts\/25829","targetHints":{"allow":["GET"]}}],"collection":[{"href":"https:\/\/biblioteka.kolobrzeg.pl\/index.php\/wp-json\/wp\/v2\/posts"}],"about":[{"href":"https:\/\/biblioteka.kolobrzeg.pl\/index.php\/wp-json\/wp\/v2\/types\/post"}],"author":[{"embeddable":true,"href":"https:\/\/biblioteka.kolobrzeg.pl\/index.php\/wp-json\/wp\/v2\/users\/1"}],"replies":[{"embeddable":true,"href":"https:\/\/biblioteka.kolobrzeg.pl\/index.php\/wp-json\/wp\/v2\/comments?post=25829"}],"version-history":[{"count":0,"href":"https:\/\/biblioteka.kolobrzeg.pl\/index.php\/wp-json\/wp\/v2\/posts\/25829\/revisions"}],"wp:featuredmedia":[{"embeddable":true,"href":"https:\/\/biblioteka.kolobrzeg.pl\/index.php\/wp-json\/wp\/v2\/media\/25838"}],"wp:attachment":[{"href":"https:\/\/biblioteka.kolobrzeg.pl\/index.php\/wp-json\/wp\/v2\/media?parent=25829"}],"wp:term":[{"taxonomy":"category","embeddable":true,"href":"https:\/\/biblioteka.kolobrzeg.pl\/index.php\/wp-json\/wp\/v2\/categories?post=25829"},{"taxonomy":"post_tag","embeddable":true,"href":"https:\/\/biblioteka.kolobrzeg.pl\/index.php\/wp-json\/wp\/v2\/tags?post=25829"}],"curies":[{"name":"wp","href":"https:\/\/api.w.org\/{rel}","templated":true}]}}