{"id":25875,"date":"2023-06-23T10:10:00","date_gmt":"2023-06-23T08:10:00","guid":{"rendered":"https:\/\/biblioteka.kolobrzeg.pl\/?p=25875"},"modified":"2023-08-29T12:46:26","modified_gmt":"2023-08-29T10:46:26","slug":"kolorowe-wakacje","status":"publish","type":"post","link":"https:\/\/biblioteka.kolobrzeg.pl\/index.php\/2023\/06\/23\/kolorowe-wakacje\/","title":{"rendered":"Kolorowe wakacje"},"content":{"rendered":"<p><a href=\"https:\/\/biblioteka.kolobrzeg.pl\/wp-content\/uploads\/2023\/06\/kolorowewakacje230623.jpg\" data-rel=\"lightbox-image-0\" data-rl_title=\"\" data-rl_caption=\"\" title=\"\"><img loading=\"lazy\" decoding=\"async\" class=\"alignleft wp-image-25876 size-thumbnail\" src=\"https:\/\/biblioteka.kolobrzeg.pl\/wp-content\/uploads\/2023\/06\/kolorowewakacje230623-150x150.jpg\" alt=\"Kolorowe wakacje - plakat\" width=\"150\" height=\"150\" srcset=\"https:\/\/biblioteka.kolobrzeg.pl\/wp-content\/uploads\/2023\/06\/kolorowewakacje230623-150x150.jpg 150w, https:\/\/biblioteka.kolobrzeg.pl\/wp-content\/uploads\/2023\/06\/kolorowewakacje230623-144x144.jpg 144w\" sizes=\"auto, (max-width: 150px) 100vw, 150px\" \/><\/a>Kolorowe wakacje w Bibliotece<\/p>\n<p>Wakacje tu\u017c, tu\u017c.<\/p>\n<p>Macie plany jak je sp\u0119dzi\u0107? Je\u015bli nie to mamy dla Was propozycj\u0119 na przygod\u0119 w Bibliotece. Nie zwlekajcie i zg\u0142aszajcie sw\u00f3j udzia\u0142 w naszych zabawach, czas ucieka.<br \/>\nZerknijcie co mamy w ofercie.<\/p>\n<p><a href=\"https:\/\/biblioteka.kolobrzeg.pl\/wp-content\/uploads\/2023\/06\/kolorowe-wakacje.pdf\">Kolorowe wakacje.pdf<\/a><\/p>\n","protected":false},"excerpt":{"rendered":"<p>Kolorowe wakacje w Bibliotece Wakacje tu\u017c, tu\u017c. Macie plany jak je sp\u0119dzi\u0107? Je\u015bli nie to mamy dla Was propozycj\u0119 na przygod\u0119 w Bibliotece. Nie zwlekajcie i zg\u0142aszajcie sw\u00f3j udzia\u0142 w naszych zabawach, czas ucieka. Zerknijcie co mamy w ofercie. Kolorowe wakacje.pdf<\/p>\n","protected":false},"author":1,"featured_media":25876,"comment_status":"closed","ping_status":"closed","sticky":false,"template":"","format":"standard","meta":{"jetpack_post_was_ever_published":false,"_jetpack_newsletter_access":"","_jetpack_dont_email_post_to_subs":false,"_jetpack_newsletter_tier_id":0,"_jetpack_memberships_contains_paywalled_content":false,"_jetpack_memberships_contains_paid_content":false,"footnotes":"","jetpack_publicize_message":"","jetpack_publicize_feature_enabled":true,"jetpack_social_post_already_shared":true,"jetpack_social_options":{"image_generator_settings":{"template":"highway","default_image_id":0,"font":"","enabled":false},"version":2}},"categories":[543,542],"tags":[],"class_list":["post-25875","post","type-post","status-publish","format-standard","has-post-thumbnail","hentry","category-biblioteka-brzozowa","category-biblioteka-glowna"],"jetpack_publicize_connections":[],"jetpack_featured_media_url":"https:\/\/biblioteka.kolobrzeg.pl\/wp-content\/uploads\/2023\/06\/kolorowewakacje230623.jpg","jetpack_likes_enabled":true,"jetpack_sharing_enabled":true,"_links":{"self":[{"href":"https:\/\/biblioteka.kolobrzeg.pl\/index.php\/wp-json\/wp\/v2\/posts\/25875","targetHints":{"allow":["GET"]}}],"collection":[{"href":"https:\/\/biblioteka.kolobrzeg.pl\/index.php\/wp-json\/wp\/v2\/posts"}],"about":[{"href":"https:\/\/biblioteka.kolobrzeg.pl\/index.php\/wp-json\/wp\/v2\/types\/post"}],"author":[{"embeddable":true,"href":"https:\/\/biblioteka.kolobrzeg.pl\/index.php\/wp-json\/wp\/v2\/users\/1"}],"replies":[{"embeddable":true,"href":"https:\/\/biblioteka.kolobrzeg.pl\/index.php\/wp-json\/wp\/v2\/comments?post=25875"}],"version-history":[{"count":0,"href":"https:\/\/biblioteka.kolobrzeg.pl\/index.php\/wp-json\/wp\/v2\/posts\/25875\/revisions"}],"wp:featuredmedia":[{"embeddable":true,"href":"https:\/\/biblioteka.kolobrzeg.pl\/index.php\/wp-json\/wp\/v2\/media\/25876"}],"wp:attachment":[{"href":"https:\/\/biblioteka.kolobrzeg.pl\/index.php\/wp-json\/wp\/v2\/media?parent=25875"}],"wp:term":[{"taxonomy":"category","embeddable":true,"href":"https:\/\/biblioteka.kolobrzeg.pl\/index.php\/wp-json\/wp\/v2\/categories?post=25875"},{"taxonomy":"post_tag","embeddable":true,"href":"https:\/\/biblioteka.kolobrzeg.pl\/index.php\/wp-json\/wp\/v2\/tags?post=25875"}],"curies":[{"name":"wp","href":"https:\/\/api.w.org\/{rel}","templated":true}]}}