{"id":26015,"date":"2023-07-26T11:12:20","date_gmt":"2023-07-26T09:12:20","guid":{"rendered":"https:\/\/biblioteka.kolobrzeg.pl\/?p=26015"},"modified":"2023-07-28T14:31:56","modified_gmt":"2023-07-28T12:31:56","slug":"kolorowe-wakacje-2","status":"publish","type":"post","link":"https:\/\/biblioteka.kolobrzeg.pl\/index.php\/2023\/07\/26\/kolorowe-wakacje-2\/","title":{"rendered":"Kolorowe wakacje"},"content":{"rendered":"<p><a href=\"https:\/\/biblioteka.kolobrzeg.pl\/wp-content\/uploads\/2023\/07\/dzwiekter2607236.jpg\" data-rel=\"lightbox-image-0\" data-rl_title=\"\" data-rl_caption=\"\" title=\"\"><img loading=\"lazy\" decoding=\"async\" class=\"alignleft wp-image-26060 size-thumbnail\" src=\"https:\/\/biblioteka.kolobrzeg.pl\/wp-content\/uploads\/2023\/07\/dzwiekter2607236-150x150.jpg\" alt=\"Kolorowe Wakacje - d\u017awi\u0119koterapia\" width=\"150\" height=\"150\" srcset=\"https:\/\/biblioteka.kolobrzeg.pl\/wp-content\/uploads\/2023\/07\/dzwiekter2607236-150x150.jpg 150w, https:\/\/biblioteka.kolobrzeg.pl\/wp-content\/uploads\/2023\/07\/dzwiekter2607236-144x144.jpg 144w\" sizes=\"auto, (max-width: 150px) 100vw, 150px\" \/><\/a>W \u015brod\u0119, w ramach Kolorowych Wakacji, odby\u0142y si\u0119 wyj\u0105tkowo magiczne zaj\u0119cia. Sesja d\u017awi\u0119koterapii przeprowadzona przez Joann\u0119 Nowick\u0105 okaza\u0142a si\u0119 niezwyk\u0142ym wydarzeniem.<\/p>\n<p>Dzieci nie tylko \u015bwietnie si\u0119 bawi\u0142y, ale mia\u0142y tak\u017ce okazj\u0119 rozwija\u0107 umiej\u0119tno\u015bci skupienia si\u0119, koncentracji, wsp\u00f3\u0142pracy w grupie i doskonali\u0107 sw\u00f3j zmys\u0142 s\u0142uchu.<\/p>\n<p>Wszystko to w przyjaznej i ciep\u0142ej atmosferze, dzi\u0119ki kt\u00f3rej ka\u017cde dziecko mog\u0142o poczu\u0107 jak muzyka wzbogaca nasze \u017cycie!<!--more--><\/p>\n<p>Jeste\u015bmy niezmiernie wdzi\u0119czni za Wasz\u0105 obecno\u015b\u0107 i zaanga\u017cowanie. <\/p>\n\n\t\t<style type=\"text\/css\">\n\t\t\t#gallery-1 {\n\t\t\t\tmargin: auto;\n\t\t\t}\n\t\t\t#gallery-1 .gallery-item {\n\t\t\t\tfloat: left;\n\t\t\t\tmargin-top: 10px;\n\t\t\t\ttext-align: center;\n\t\t\t\twidth: 25%;\n\t\t\t}\n\t\t\t#gallery-1 img {\n\t\t\t\tborder: 2px solid #cfcfcf;\n\t\t\t}\n\t\t\t#gallery-1 .gallery-caption {\n\t\t\t\tmargin-left: 0;\n\t\t\t}\n\t\t\t\/* see gallery_shortcode() in wp-includes\/media.php *\/\n\t\t<\/style>\n\t\t<div id='gallery-1' class='gallery galleryid-26015 gallery-columns-4 gallery-size-thumbnail'><dl class='gallery-item'>\n\t\t\t<dt class='gallery-icon landscape'>\n\t\t\t\t<a href='https:\/\/biblioteka.kolobrzeg.pl\/wp-content\/uploads\/2023\/07\/dzwiekter2607232.jpg' title=\"\" data-rl_title=\"\" class=\"rl-gallery-link\" data-rl_caption=\"\" data-rel=\"lightbox-gallery-1\"><img loading=\"lazy\" decoding=\"async\" width=\"150\" height=\"150\" src=\"https:\/\/biblioteka.kolobrzeg.pl\/wp-content\/uploads\/2023\/07\/dzwiekter2607232-150x150.jpg\" class=\"attachment-thumbnail size-thumbnail\" alt=\"Kolorowe Wakacje - d\u017awi\u0119koterapia\" srcset=\"https:\/\/biblioteka.kolobrzeg.pl\/wp-content\/uploads\/2023\/07\/dzwiekter2607232-150x150.jpg 150w, https:\/\/biblioteka.kolobrzeg.pl\/wp-content\/uploads\/2023\/07\/dzwiekter2607232-144x144.jpg 144w\" sizes=\"auto, (max-width: 150px) 100vw, 150px\" \/><\/a>\n\t\t\t<\/dt><\/dl><dl class='gallery-item'>\n\t\t\t<dt class='gallery-icon landscape'>\n\t\t\t\t<a href='https:\/\/biblioteka.kolobrzeg.pl\/wp-content\/uploads\/2023\/07\/dzwiekter2607233.jpg' title=\"\" data-rl_title=\"\" class=\"rl-gallery-link\" data-rl_caption=\"\" data-rel=\"lightbox-gallery-1\"><img loading=\"lazy\" decoding=\"async\" width=\"150\" height=\"150\" src=\"https:\/\/biblioteka.kolobrzeg.pl\/wp-content\/uploads\/2023\/07\/dzwiekter2607233-150x150.jpg\" class=\"attachment-thumbnail size-thumbnail\" alt=\"Kolorowe Wakacje - d\u017awi\u0119koterapia\" srcset=\"https:\/\/biblioteka.kolobrzeg.pl\/wp-content\/uploads\/2023\/07\/dzwiekter2607233-150x150.jpg 150w, https:\/\/biblioteka.kolobrzeg.pl\/wp-content\/uploads\/2023\/07\/dzwiekter2607233-144x144.jpg 144w\" sizes=\"auto, (max-width: 150px) 100vw, 150px\" \/><\/a>\n\t\t\t<\/dt><\/dl><dl class='gallery-item'>\n\t\t\t<dt class='gallery-icon landscape'>\n\t\t\t\t<a href='https:\/\/biblioteka.kolobrzeg.pl\/wp-content\/uploads\/2023\/07\/dzwiekter2607237.jpg' title=\"\" data-rl_title=\"\" class=\"rl-gallery-link\" data-rl_caption=\"\" data-rel=\"lightbox-gallery-1\"><img loading=\"lazy\" decoding=\"async\" width=\"150\" height=\"150\" src=\"https:\/\/biblioteka.kolobrzeg.pl\/wp-content\/uploads\/2023\/07\/dzwiekter2607237-150x150.jpg\" class=\"attachment-thumbnail size-thumbnail\" alt=\"Kolorowe Wakacje - d\u017awi\u0119koterapia\" srcset=\"https:\/\/biblioteka.kolobrzeg.pl\/wp-content\/uploads\/2023\/07\/dzwiekter2607237-150x150.jpg 150w, https:\/\/biblioteka.kolobrzeg.pl\/wp-content\/uploads\/2023\/07\/dzwiekter2607237-144x144.jpg 144w\" sizes=\"auto, (max-width: 150px) 100vw, 150px\" \/><\/a>\n\t\t\t<\/dt><\/dl><dl class='gallery-item'>\n\t\t\t<dt class='gallery-icon landscape'>\n\t\t\t\t<a href='https:\/\/biblioteka.kolobrzeg.pl\/wp-content\/uploads\/2023\/07\/dzwiekter2607231.jpg' title=\"\" data-rl_title=\"\" class=\"rl-gallery-link\" data-rl_caption=\"\" data-rel=\"lightbox-gallery-1\"><img loading=\"lazy\" decoding=\"async\" width=\"150\" height=\"150\" src=\"https:\/\/biblioteka.kolobrzeg.pl\/wp-content\/uploads\/2023\/07\/dzwiekter2607231-150x150.jpg\" class=\"attachment-thumbnail size-thumbnail\" alt=\"Kolorowe Wakacje - d\u017awi\u0119koterapia\" srcset=\"https:\/\/biblioteka.kolobrzeg.pl\/wp-content\/uploads\/2023\/07\/dzwiekter2607231-150x150.jpg 150w, https:\/\/biblioteka.kolobrzeg.pl\/wp-content\/uploads\/2023\/07\/dzwiekter2607231-144x144.jpg 144w\" sizes=\"auto, (max-width: 150px) 100vw, 150px\" \/><\/a>\n\t\t\t<\/dt><\/dl><br style=\"clear: both\" \/><dl class='gallery-item'>\n\t\t\t<dt class='gallery-icon landscape'>\n\t\t\t\t<a href='https:\/\/biblioteka.kolobrzeg.pl\/wp-content\/uploads\/2023\/07\/dzwiekter2607236.jpg' title=\"\" data-rl_title=\"\" class=\"rl-gallery-link\" data-rl_caption=\"\" data-rel=\"lightbox-gallery-1\"><img loading=\"lazy\" decoding=\"async\" width=\"150\" height=\"150\" src=\"https:\/\/biblioteka.kolobrzeg.pl\/wp-content\/uploads\/2023\/07\/dzwiekter2607236-150x150.jpg\" class=\"attachment-thumbnail size-thumbnail\" alt=\"Kolorowe Wakacje - d\u017awi\u0119koterapia\" srcset=\"https:\/\/biblioteka.kolobrzeg.pl\/wp-content\/uploads\/2023\/07\/dzwiekter2607236-150x150.jpg 150w, https:\/\/biblioteka.kolobrzeg.pl\/wp-content\/uploads\/2023\/07\/dzwiekter2607236-144x144.jpg 144w\" sizes=\"auto, (max-width: 150px) 100vw, 150px\" \/><\/a>\n\t\t\t<\/dt><\/dl><dl class='gallery-item'>\n\t\t\t<dt class='gallery-icon landscape'>\n\t\t\t\t<a href='https:\/\/biblioteka.kolobrzeg.pl\/wp-content\/uploads\/2023\/07\/dzwiekter2607238.jpg' title=\"\" data-rl_title=\"\" class=\"rl-gallery-link\" data-rl_caption=\"\" data-rel=\"lightbox-gallery-1\"><img loading=\"lazy\" decoding=\"async\" width=\"150\" height=\"150\" src=\"https:\/\/biblioteka.kolobrzeg.pl\/wp-content\/uploads\/2023\/07\/dzwiekter2607238-150x150.jpg\" class=\"attachment-thumbnail size-thumbnail\" alt=\"Kolorowe Wakacje - d\u017awi\u0119koterapia\" srcset=\"https:\/\/biblioteka.kolobrzeg.pl\/wp-content\/uploads\/2023\/07\/dzwiekter2607238-150x150.jpg 150w, https:\/\/biblioteka.kolobrzeg.pl\/wp-content\/uploads\/2023\/07\/dzwiekter2607238-144x144.jpg 144w\" sizes=\"auto, (max-width: 150px) 100vw, 150px\" \/><\/a>\n\t\t\t<\/dt><\/dl><dl class='gallery-item'>\n\t\t\t<dt class='gallery-icon landscape'>\n\t\t\t\t<a href='https:\/\/biblioteka.kolobrzeg.pl\/wp-content\/uploads\/2023\/07\/dzwiekter2607235.jpg' title=\"\" data-rl_title=\"\" class=\"rl-gallery-link\" data-rl_caption=\"\" data-rel=\"lightbox-gallery-1\"><img loading=\"lazy\" decoding=\"async\" width=\"150\" height=\"150\" src=\"https:\/\/biblioteka.kolobrzeg.pl\/wp-content\/uploads\/2023\/07\/dzwiekter2607235-150x150.jpg\" class=\"attachment-thumbnail size-thumbnail\" alt=\"Kolorowe Wakacje - d\u017awi\u0119koterapia\" srcset=\"https:\/\/biblioteka.kolobrzeg.pl\/wp-content\/uploads\/2023\/07\/dzwiekter2607235-150x150.jpg 150w, https:\/\/biblioteka.kolobrzeg.pl\/wp-content\/uploads\/2023\/07\/dzwiekter2607235-144x144.jpg 144w\" sizes=\"auto, (max-width: 150px) 100vw, 150px\" \/><\/a>\n\t\t\t<\/dt><\/dl><dl class='gallery-item'>\n\t\t\t<dt class='gallery-icon landscape'>\n\t\t\t\t<a href='https:\/\/biblioteka.kolobrzeg.pl\/wp-content\/uploads\/2023\/07\/dzwiekter2607234.jpg' title=\"\" data-rl_title=\"\" class=\"rl-gallery-link\" data-rl_caption=\"\" data-rel=\"lightbox-gallery-1\"><img loading=\"lazy\" decoding=\"async\" width=\"150\" height=\"150\" src=\"https:\/\/biblioteka.kolobrzeg.pl\/wp-content\/uploads\/2023\/07\/dzwiekter2607234-150x150.jpg\" class=\"attachment-thumbnail size-thumbnail\" alt=\"Kolorowe Wakacje - d\u017awi\u0119koterapia\" srcset=\"https:\/\/biblioteka.kolobrzeg.pl\/wp-content\/uploads\/2023\/07\/dzwiekter2607234-150x150.jpg 150w, https:\/\/biblioteka.kolobrzeg.pl\/wp-content\/uploads\/2023\/07\/dzwiekter2607234-144x144.jpg 144w\" sizes=\"auto, (max-width: 150px) 100vw, 150px\" \/><\/a>\n\t\t\t<\/dt><\/dl><br style=\"clear: both\" \/>\n\t\t<\/div>\n\n","protected":false},"excerpt":{"rendered":"<p>W \u015brod\u0119, w ramach Kolorowych Wakacji, odby\u0142y si\u0119 wyj\u0105tkowo magiczne zaj\u0119cia. Sesja d\u017awi\u0119koterapii przeprowadzona przez Joann\u0119 Nowick\u0105 okaza\u0142a si\u0119 niezwyk\u0142ym wydarzeniem. Dzieci nie tylko \u015bwietnie si\u0119 bawi\u0142y, ale mia\u0142y tak\u017ce okazj\u0119 rozwija\u0107 umiej\u0119tno\u015bci skupienia si\u0119, koncentracji, wsp\u00f3\u0142pracy w grupie i doskonali\u0107 sw\u00f3j zmys\u0142 s\u0142uchu. Wszystko to w przyjaznej i ciep\u0142ej atmosferze, dzi\u0119ki kt\u00f3rej ka\u017cde dziecko &hellip; <\/p>\n<p><a class=\"more-link block-button\" href=\"https:\/\/biblioteka.kolobrzeg.pl\/index.php\/2023\/07\/26\/kolorowe-wakacje-2\/\">Kontynuuj czytanie &raquo;<\/a><\/p>\n","protected":false},"author":1,"featured_media":26060,"comment_status":"closed","ping_status":"closed","sticky":false,"template":"","format":"standard","meta":{"jetpack_post_was_ever_published":false,"_jetpack_newsletter_access":"","_jetpack_dont_email_post_to_subs":false,"_jetpack_newsletter_tier_id":0,"_jetpack_memberships_contains_paywalled_content":false,"_jetpack_memberships_contains_paid_content":false,"footnotes":"","jetpack_publicize_message":"","jetpack_publicize_feature_enabled":true,"jetpack_social_post_already_shared":true,"jetpack_social_options":{"image_generator_settings":{"template":"highway","default_image_id":0,"font":"","enabled":false},"version":2}},"categories":[543,542,541],"tags":[45,167],"class_list":["post-26015","post","type-post","status-publish","format-standard","has-post-thumbnail","hentry","category-biblioteka-brzozowa","category-biblioteka-glowna","category-biblioteka-ogrody","tag-dzieci","tag-wakacje"],"jetpack_publicize_connections":[],"jetpack_featured_media_url":"https:\/\/biblioteka.kolobrzeg.pl\/wp-content\/uploads\/2023\/07\/dzwiekter2607236.jpg","jetpack_likes_enabled":true,"jetpack_sharing_enabled":true,"_links":{"self":[{"href":"https:\/\/biblioteka.kolobrzeg.pl\/index.php\/wp-json\/wp\/v2\/posts\/26015","targetHints":{"allow":["GET"]}}],"collection":[{"href":"https:\/\/biblioteka.kolobrzeg.pl\/index.php\/wp-json\/wp\/v2\/posts"}],"about":[{"href":"https:\/\/biblioteka.kolobrzeg.pl\/index.php\/wp-json\/wp\/v2\/types\/post"}],"author":[{"embeddable":true,"href":"https:\/\/biblioteka.kolobrzeg.pl\/index.php\/wp-json\/wp\/v2\/users\/1"}],"replies":[{"embeddable":true,"href":"https:\/\/biblioteka.kolobrzeg.pl\/index.php\/wp-json\/wp\/v2\/comments?post=26015"}],"version-history":[{"count":0,"href":"https:\/\/biblioteka.kolobrzeg.pl\/index.php\/wp-json\/wp\/v2\/posts\/26015\/revisions"}],"wp:featuredmedia":[{"embeddable":true,"href":"https:\/\/biblioteka.kolobrzeg.pl\/index.php\/wp-json\/wp\/v2\/media\/26060"}],"wp:attachment":[{"href":"https:\/\/biblioteka.kolobrzeg.pl\/index.php\/wp-json\/wp\/v2\/media?parent=26015"}],"wp:term":[{"taxonomy":"category","embeddable":true,"href":"https:\/\/biblioteka.kolobrzeg.pl\/index.php\/wp-json\/wp\/v2\/categories?post=26015"},{"taxonomy":"post_tag","embeddable":true,"href":"https:\/\/biblioteka.kolobrzeg.pl\/index.php\/wp-json\/wp\/v2\/tags?post=26015"}],"curies":[{"name":"wp","href":"https:\/\/api.w.org\/{rel}","templated":true}]}}