{"id":26082,"date":"2023-08-09T11:57:53","date_gmt":"2023-08-09T09:57:53","guid":{"rendered":"https:\/\/biblioteka.kolobrzeg.pl\/?p=26082"},"modified":"2023-08-23T08:33:35","modified_gmt":"2023-08-23T06:33:35","slug":"kolorowe-wakacje-w-bibliotece-2","status":"publish","type":"post","link":"https:\/\/biblioteka.kolobrzeg.pl\/index.php\/2023\/08\/09\/kolorowe-wakacje-w-bibliotece-2\/","title":{"rendered":"Kolorowe Wakacje w Bibliotece"},"content":{"rendered":"<p><a href=\"https:\/\/biblioteka.kolobrzeg.pl\/wp-content\/uploads\/2023\/08\/labpankleks090823.jpg\" data-rel=\"lightbox-image-0\" data-rl_title=\"\" data-rl_caption=\"\" title=\"\"><img loading=\"lazy\" decoding=\"async\" class=\"alignleft wp-image-26083 size-thumbnail\" src=\"https:\/\/biblioteka.kolobrzeg.pl\/wp-content\/uploads\/2023\/08\/labpankleks090823-150x150.jpg\" alt=\"Laboratorium Pana Kleksa przedstawienie\" width=\"150\" height=\"150\" srcset=\"https:\/\/biblioteka.kolobrzeg.pl\/wp-content\/uploads\/2023\/08\/labpankleks090823-150x150.jpg 150w, https:\/\/biblioteka.kolobrzeg.pl\/wp-content\/uploads\/2023\/08\/labpankleks090823-144x144.jpg 144w\" sizes=\"auto, (max-width: 150px) 100vw, 150px\" \/><\/a>Zapraszamy na spektakl teatralny w wykonaniu Kompani Marze\u0144:<\/p>\n<p><strong>Laboratorium Pana Kleksa.<\/strong><\/p>\n<p>Biblioteka G\u0142\u00f3wna ul. J. Frankowskiego 3<br \/>\n\u015aroda <strong>9.08.2023<\/strong> godz. <strong>16.00<\/strong><br \/>\nIlo\u015b\u0107 miejsc ograniczona. Wst\u0119p wolny<!--more--><\/p>\n<p>To ju\u017c ostatnie wakacyjne spotkanie jakie dla Was przygotowali\u015bmy.<br \/>\nZach\u0119camy do udzia\u0142u w fantastycznym przedstawieniu gdzie ekscentryczny kierownik laboratorium docent Pigwa i jego niemniej zwariowana asystentka, zabior\u0105 Pa\u0144stwa na wycieczk\u0119 po technologicznym zapleczu Akademii Pana Kleksa. B\u0119d\u0105 prezentacje wynalazk\u00f3w i du\u017co dymu.<br \/>\nCelem spotkania jest promocja biblioteki jako miejsca spotka\u0144, integracja z r\u00f3wie\u015bnikami oraz dobra zabawa.<\/p>\n<p>To wydarzenie, kt\u00f3re na d\u0142ugo zostanie w pami\u0119ci i pomys\u0142 na rodzinnie sp\u0119dzony czas!<\/p>\n<p>Wi\u0119cej informacji na stronie internetowej Kompani Marze\u0144:<\/p>\n<p>https:\/\/www.kompaniamarzen.pl\/laboratoriumpanakleksa<\/p>\n<p>Program dofinansowany zosta\u0142 przez Gmin\u0119 Miasto Ko\u0142obrzeg w ramach \u015brodk\u00f3w MPPiRPA.<\/p>\n","protected":false},"excerpt":{"rendered":"<p>Zapraszamy na spektakl teatralny w wykonaniu Kompani Marze\u0144: Laboratorium Pana Kleksa. Biblioteka G\u0142\u00f3wna ul. J. Frankowskiego 3 \u015aroda 9.08.2023 godz. 16.00 Ilo\u015b\u0107 miejsc ograniczona. Wst\u0119p wolny<\/p><p><a class=\"more-link block-button\" href=\"https:\/\/biblioteka.kolobrzeg.pl\/index.php\/2023\/08\/09\/kolorowe-wakacje-w-bibliotece-2\/\">Kontynuuj czytanie &raquo;<\/a><\/p>\n","protected":false},"author":1,"featured_media":26083,"comment_status":"closed","ping_status":"closed","sticky":false,"template":"","format":"standard","meta":{"jetpack_post_was_ever_published":false,"_jetpack_newsletter_access":"","_jetpack_dont_email_post_to_subs":false,"_jetpack_newsletter_tier_id":0,"_jetpack_memberships_contains_paywalled_content":false,"_jetpack_memberships_contains_paid_content":false,"footnotes":"","jetpack_publicize_message":"","jetpack_publicize_feature_enabled":true,"jetpack_social_post_already_shared":true,"jetpack_social_options":{"image_generator_settings":{"template":"highway","default_image_id":0,"font":"","enabled":false},"version":2}},"categories":[543,542,541],"tags":[45,167],"class_list":["post-26082","post","type-post","status-publish","format-standard","has-post-thumbnail","hentry","category-biblioteka-brzozowa","category-biblioteka-glowna","category-biblioteka-ogrody","tag-dzieci","tag-wakacje"],"jetpack_publicize_connections":[],"jetpack_featured_media_url":"https:\/\/biblioteka.kolobrzeg.pl\/wp-content\/uploads\/2023\/08\/labpankleks090823.jpg","jetpack_likes_enabled":true,"jetpack_sharing_enabled":true,"_links":{"self":[{"href":"https:\/\/biblioteka.kolobrzeg.pl\/index.php\/wp-json\/wp\/v2\/posts\/26082","targetHints":{"allow":["GET"]}}],"collection":[{"href":"https:\/\/biblioteka.kolobrzeg.pl\/index.php\/wp-json\/wp\/v2\/posts"}],"about":[{"href":"https:\/\/biblioteka.kolobrzeg.pl\/index.php\/wp-json\/wp\/v2\/types\/post"}],"author":[{"embeddable":true,"href":"https:\/\/biblioteka.kolobrzeg.pl\/index.php\/wp-json\/wp\/v2\/users\/1"}],"replies":[{"embeddable":true,"href":"https:\/\/biblioteka.kolobrzeg.pl\/index.php\/wp-json\/wp\/v2\/comments?post=26082"}],"version-history":[{"count":0,"href":"https:\/\/biblioteka.kolobrzeg.pl\/index.php\/wp-json\/wp\/v2\/posts\/26082\/revisions"}],"wp:featuredmedia":[{"embeddable":true,"href":"https:\/\/biblioteka.kolobrzeg.pl\/index.php\/wp-json\/wp\/v2\/media\/26083"}],"wp:attachment":[{"href":"https:\/\/biblioteka.kolobrzeg.pl\/index.php\/wp-json\/wp\/v2\/media?parent=26082"}],"wp:term":[{"taxonomy":"category","embeddable":true,"href":"https:\/\/biblioteka.kolobrzeg.pl\/index.php\/wp-json\/wp\/v2\/categories?post=26082"},{"taxonomy":"post_tag","embeddable":true,"href":"https:\/\/biblioteka.kolobrzeg.pl\/index.php\/wp-json\/wp\/v2\/tags?post=26082"}],"curies":[{"name":"wp","href":"https:\/\/api.w.org\/{rel}","templated":true}]}}