{"id":26260,"date":"2023-09-19T15:02:53","date_gmt":"2023-09-19T13:02:53","guid":{"rendered":"https:\/\/biblioteka.kolobrzeg.pl\/?p=26260"},"modified":"2023-09-21T15:27:55","modified_gmt":"2023-09-21T13:27:55","slug":"transport-literacki-wydarzenia-dla-dzieci","status":"publish","type":"post","link":"https:\/\/biblioteka.kolobrzeg.pl\/index.php\/2023\/09\/19\/transport-literacki-wydarzenia-dla-dzieci\/","title":{"rendered":"TransPort Literacki &#8211; wydarzenia dla dzieci"},"content":{"rendered":"<p><a href=\"https:\/\/biblioteka.kolobrzeg.pl\/wp-content\/uploads\/2023\/09\/transport2.jpg\" data-rel=\"lightbox-image-0\" data-rl_title=\"\" data-rl_caption=\"\" title=\"\"><img loading=\"lazy\" decoding=\"async\" class=\"alignleft wp-image-26257\" src=\"https:\/\/biblioteka.kolobrzeg.pl\/wp-content\/uploads\/2023\/09\/transport2.jpg\" alt=\"Transport literacki dzieciarnia\" width=\"106\" height=\"150\" \/><\/a>Miejska Biblioteka Publiczna w Ko\u0142obrzegu zaprasza serdecznie na wydarzenia dla dzieci zorganizowane podczas festiwalu TransPort Literacki 28.<\/p>\n<p><strong>21 wrze\u015bnia<\/strong> (czwartek) godz. <strong>12.00 i 13.30<\/strong><\/p>\n<p>Biblioteka Ogrody ul.\u017b\u00f3\u0142kiewskiego 6<!--more--><\/p>\n<p>Mi\u0119dzy 21 a 24 wrze\u015bnia w Ko\u0142obrzegu odb\u0119dzie si\u0119 28. edycja najstarszego festiwalu literackiego w Polsce \u2013 TransPortu Literackiego. To mi\u0119dzynarodowe wydarzenie realizowane jest pod patronatem Marsza\u0142ka Wojew\u00f3dztwa Zachodniopomorskiego i Prezydent Miasta Ko\u0142obrzeg , przy wsparciu Ministerstwa Kultury oraz Unii Europejskiej.<\/p>\n<p>W\u015br\u00f3d wydarze\u0144 znalaz\u0142y si\u0119 dwa spotkania przygotowane z my\u015bl\u0105 o m\u0142odych czytelnikach. Odb\u0119d\u0105 si\u0119 one w BIBLIOTECE OGRODY.<\/p>\n<p>W czwartek, 21 wrze\u015bnia o godz. 12:00 zapraszamy na spotkanie z \u201eNiewidk\u0105 i Zobaczyskiem\u201d, kamishibai\u0105 autorstwa Joanny Mueller (tekst) i Joanny \u0141a\u0144cuckiej (ilustracje).<\/p>\n<p>To to opowie\u015b\u0107 o dziewczynce, kt\u00f3ra z nieznanych powod\u00f3w jest zamkni\u0119ta w przestrzeni swojego pokoju, mimo \u017ce marzy o dalekiej podr\u00f3\u017cy. Zjawiaj\u0105 si\u0119 jednak w pokoju Niewidki go\u015bcie z czterech stron \u015bwiata, kt\u00f3rzy opowiadaj\u0105 jej o Wielkim Zobaczysku \u2013 Dziki Zach\u00f3d, Daleki Wsch\u00f3d, Mro\u017ana P\u00f3\u0142noc i Piek\u0105ce Po\u0142udnie. Czy przekonaj\u0105 dziewczynk\u0119, by wyruszy\u0142a w podr\u00f3\u017c? Inn\u0105 zagadk\u0105 jest to, dlaczego bohaterka nie wychodzi ze swojego pokoju. By\u0107 mo\u017ce powodem jest nie\u015bmia\u0142o\u015b\u0107 , a mo\u017ce to strach rodzic\u00f3w?<\/p>\n<p>Odpowiedzi na te pytania (i wiele innych) poszukamy podczas czwartkowego wydarzenia, w kt\u00f3rym udzia\u0142 wezm\u0119 obie autorki. Spotkanie dla dzieci z klas 2-3 szko\u0142y podstawowej.<\/p>\n<p>R\u00f3wnie\u017c w czwartek, o godzinie 13:30 przeniesiemy si\u0119 z kolei do W\u0142och, do \u015bwiata ma\u0142ej Violi, bohaterki ksi\u0105\u017cki \u201eViola i Niebieski\u201d Matteo Bussoli.<\/p>\n<p>Viola, dziewczynka, kt\u00f3ra gra w pi\u0142k\u0119 no\u017cn\u0105, je\u017adzi na hulajnodze i uwielbia ubiera\u0107 si\u0119 na Niebiesko. Viola zapisuje nazwy kolor\u00f3w wielk\u0105 liter\u0105, bo kolory s\u0105 dla niej jak ludzie \u2013 ka\u017cdy jest jedyny w swoim rodzaju. Nie wszyscy jednak si\u0119 z ni\u0105 zgadzaj\u0105, zw\u0142aszcza doro\u015bli. Wielu twierdzi, \u017ce istniej\u0105 rzeczy tylko \u201edla ch\u0142opc\u00f3w\u201d i tylko \u201edla dziewczynek\u201d. Viola nie rozumie tego podzia\u0142u. Pewnego dnia prosi o pomoc tat\u0119, kt\u00f3ry jest malarzem i na kolorach zna si\u0119 jak ma\u0142o kto.<\/p>\n<p>W spotkaniu udzia\u0142 we\u017amie autor \u2013 Matteo Bussola (online), t\u0142umaczka Katarzyna Sk\u00f3rska, a wydarzenie poprowadzi do\u015bwiadczona pedago\u017cka, poetka i joginka \u2013 Joanna Roszak. Spotkanie przewidziane dla dzieci z klas 3-4 szko\u0142y podstawowej.<\/p>\n<p>Serdecznie zapraszamy uczni\u00f3w i uczennice ko\u0142obrzeskich szk\u00f3\u0142 podstawowych do udzia\u0142u w wydarzeniach. Po ka\u017cdym spotkaniu b\u0119dzie okazja do zakupu ksi\u0105\u017cki w promocyjnej cenie i zdobycia autografu autorki \/ ilustratorki \/ t\u0142umaczki.<\/p>\n","protected":false},"excerpt":{"rendered":"<p>Miejska Biblioteka Publiczna w Ko\u0142obrzegu zaprasza serdecznie na wydarzenia dla dzieci zorganizowane podczas festiwalu TransPort Literacki 28. 21 wrze\u015bnia (czwartek) godz. 12.00 i 13.30 Biblioteka Ogrody ul.\u017b\u00f3\u0142kiewskiego 6<\/p><p><a class=\"more-link block-button\" href=\"https:\/\/biblioteka.kolobrzeg.pl\/index.php\/2023\/09\/19\/transport-literacki-wydarzenia-dla-dzieci\/\">Kontynuuj czytanie &raquo;<\/a><\/p>\n","protected":false},"author":1,"featured_media":26257,"comment_status":"closed","ping_status":"closed","sticky":false,"template":"","format":"standard","meta":{"jetpack_post_was_ever_published":false,"_jetpack_newsletter_access":"","_jetpack_dont_email_post_to_subs":false,"_jetpack_newsletter_tier_id":0,"_jetpack_memberships_contains_paywalled_content":false,"_jetpack_memberships_contains_paid_content":false,"footnotes":"","jetpack_publicize_message":"","jetpack_publicize_feature_enabled":true,"jetpack_social_post_already_shared":true,"jetpack_social_options":{"image_generator_settings":{"template":"highway","default_image_id":0,"font":"","enabled":false},"version":2}},"categories":[541],"tags":[],"class_list":["post-26260","post","type-post","status-publish","format-standard","has-post-thumbnail","hentry","category-biblioteka-ogrody"],"jetpack_publicize_connections":[],"jetpack_featured_media_url":"https:\/\/biblioteka.kolobrzeg.pl\/wp-content\/uploads\/2023\/09\/transport2.jpg","jetpack_likes_enabled":true,"jetpack_sharing_enabled":true,"_links":{"self":[{"href":"https:\/\/biblioteka.kolobrzeg.pl\/index.php\/wp-json\/wp\/v2\/posts\/26260","targetHints":{"allow":["GET"]}}],"collection":[{"href":"https:\/\/biblioteka.kolobrzeg.pl\/index.php\/wp-json\/wp\/v2\/posts"}],"about":[{"href":"https:\/\/biblioteka.kolobrzeg.pl\/index.php\/wp-json\/wp\/v2\/types\/post"}],"author":[{"embeddable":true,"href":"https:\/\/biblioteka.kolobrzeg.pl\/index.php\/wp-json\/wp\/v2\/users\/1"}],"replies":[{"embeddable":true,"href":"https:\/\/biblioteka.kolobrzeg.pl\/index.php\/wp-json\/wp\/v2\/comments?post=26260"}],"version-history":[{"count":0,"href":"https:\/\/biblioteka.kolobrzeg.pl\/index.php\/wp-json\/wp\/v2\/posts\/26260\/revisions"}],"wp:featuredmedia":[{"embeddable":true,"href":"https:\/\/biblioteka.kolobrzeg.pl\/index.php\/wp-json\/wp\/v2\/media\/26257"}],"wp:attachment":[{"href":"https:\/\/biblioteka.kolobrzeg.pl\/index.php\/wp-json\/wp\/v2\/media?parent=26260"}],"wp:term":[{"taxonomy":"category","embeddable":true,"href":"https:\/\/biblioteka.kolobrzeg.pl\/index.php\/wp-json\/wp\/v2\/categories?post=26260"},{"taxonomy":"post_tag","embeddable":true,"href":"https:\/\/biblioteka.kolobrzeg.pl\/index.php\/wp-json\/wp\/v2\/tags?post=26260"}],"curies":[{"name":"wp","href":"https:\/\/api.w.org\/{rel}","templated":true}]}}