{"id":2767,"date":"2017-07-05T13:49:17","date_gmt":"2017-07-05T11:49:17","guid":{"rendered":"https:\/\/biblioteka.kolobrzeg.pl\/?p=2767"},"modified":"2017-07-05T13:55:19","modified_gmt":"2017-07-05T11:55:19","slug":"ksiazka-miesiaca-ibuk-libra-8","status":"publish","type":"post","link":"https:\/\/biblioteka.kolobrzeg.pl\/index.php\/2017\/07\/05\/ksiazka-miesiaca-ibuk-libra-8\/","title":{"rendered":"Ksi\u0105\u017cka miesi\u0105ca IBUK Libra"},"content":{"rendered":"<p style=\"text-align: left;\"><a href=\"https:\/\/biblioteka.kolobrzeg.pl\/wp-content\/uploads\/2017\/07\/ibuk072017.jpg\" data-rel=\"lightbox-image-0\" data-rl_title=\"\" data-rl_caption=\"\" title=\"\"><img loading=\"lazy\" decoding=\"async\" class=\"alignleft wp-image-2768\" src=\"https:\/\/biblioteka.kolobrzeg.pl\/wp-content\/uploads\/2017\/07\/ibuk072017.jpg\" alt=\"Ksi\u0105\u017cka miesi\u0105ca Ibuk Libra\" width=\"105\" height=\"150\" srcset=\"https:\/\/biblioteka.kolobrzeg.pl\/wp-content\/uploads\/2017\/07\/ibuk072017.jpg 250w, https:\/\/biblioteka.kolobrzeg.pl\/wp-content\/uploads\/2017\/07\/ibuk072017-211x300.jpg 211w\" sizes=\"auto, (max-width: 105px) 100vw, 105px\" \/><\/a>W ramach akcji \u201ePrezent od IBUK Libra\u201d, proponujemy ksi\u0105\u017ck\u0119<strong> Cz\u0142owiek i pies. O g\u0142askaniu, stresie i oksytocynie<\/strong>, autorstwa Christopha Junga i Danieli P\u00f6rtl<!--more--><\/p>\n<p style=\"text-align: left;\">\u2022 Co jest tak niezwyk\u0142ego w przyja\u017ani mi\u0119dzy psem a cz\u0142owiekiem?<br \/>\n\u2022 Jaki sens kryj\u0105 te wszystkie historie o psach, kt\u00f3re pono\u0107 czytaj\u0105 w my\u015blach, pods\u0142uchuj\u0105 nasze rozmowy przy kawie i znikaj\u0105 b\u0142yskawicznie, gdy wspomni si\u0119 o czym\u015b nieprzyjemnym, jak na przyk\u0142ad wizyta u weterynarza?<br \/>\n\u2022 Czy relacja cz\u0142owieka i psa jest naprawd\u0119 czym\u015b wyj\u0105tkowym, czy jedynie \u2013 patrz\u0105c z zimnym dystansem \u2013 wyolbrzymion\u0105 przez ludzi, w gruncie rzeczy ca\u0142kiem \u201eb\u0142ah\u0105\u201d spraw\u0105? Mniej wi\u0119cej tak samo \u201eb\u0142ah\u0105\u201d, jak relacja z wieloma innymi zwierz\u0119tami, kt\u00f3re czuj\u0105 si\u0119 pod nasz\u0105 opiek\u0105 lepiej lub gorzej.<br \/>\n\u2022 Czy pies jest \u201eszcz\u0119\u015bliwy\u201d ze swojego \u017cycia w rodzinie sk\u0142adaj\u0105cej si\u0119 jedynie tylko z ludzi i czego potrzebuje, \u017ceby by\u0107 \u201eszcz\u0119\u015bliwym\u201d? A czego potrzebuj\u0105 jego pan i pani, \u017ceby by\u0107 r\u00f3wnie \u201eszcz\u0119\u015bliwymi\u201d?<\/p>\n<p>Christoph Jung i Daniela P\u00f6rtl poszukuj\u0105 odpowiedzi na te pytania i opowiadaj\u0105 o kulisach szczeg\u00f3lnego partnerstwa mi\u0119dzy cz\u0142owiekiem i psem. Obja\u015bniaj\u0105, dlaczego kochamy psy i w jaki spos\u00f3b nasza wsp\u00f3lna historia sprawia, \u017ce nie da si\u0119 m\u00f3wi\u0107 o psach, nie m\u00f3wi\u0105c o ludziach. A tak\u017ce odwrotnie: nie mo\u017cemy m\u00f3wi\u0107 o ludziach, nie wspominaj\u0105c o psach.<\/p>\n<p>Zach\u0119camy do lektury!<br \/>\n<a href=\"http:\/\/libra.ibuk.pl\/\">http:\/\/libra.ibuk.pl\/<\/a><\/p>\n<p>&nbsp;<\/p>\n<p>Przypominamy, aby otrzyma\u0107 kod PIN umo\u017cliwiaj\u0105cy dost\u0119p do ksi\u0105\u017cek elektronicznych w domu (lub bibliotece) nale\u017cy:<\/p>\n<ol>\n<li>napisa\u0107 e-maila na adres (ibukkg@biblioteka.kolobrzeg.pl) podaj\u0105c swoje imi\u0119, nazwisko oraz numer karty bibliotecznej.<\/li>\n<li>lub odebra\u0107 go osobi\u015bcie w Czytelni, ul. J. Frankowskiego 3 (I pi\u0119tro) w godzinach pracy Biblioteki.<\/li>\n<\/ol>\n","protected":false},"excerpt":{"rendered":"<p>W ramach akcji \u201ePrezent od IBUK Libra\u201d, proponujemy ksi\u0105\u017ck\u0119 Cz\u0142owiek i pies. O g\u0142askaniu, stresie i oksytocynie, autorstwa Christopha Junga i Danieli P\u00f6rtl<\/p><p><a class=\"more-link block-button\" href=\"https:\/\/biblioteka.kolobrzeg.pl\/index.php\/2017\/07\/05\/ksiazka-miesiaca-ibuk-libra-8\/\">Kontynuuj czytanie &raquo;<\/a><\/p>\n","protected":false},"author":1,"featured_media":2768,"comment_status":"closed","ping_status":"closed","sticky":false,"template":"","format":"standard","meta":{"jetpack_post_was_ever_published":false,"_jetpack_newsletter_access":"","_jetpack_dont_email_post_to_subs":false,"_jetpack_newsletter_tier_id":0,"_jetpack_memberships_contains_paywalled_content":false,"_jetpack_memberships_contains_paid_content":false,"footnotes":"","jetpack_publicize_message":"","jetpack_publicize_feature_enabled":true,"jetpack_social_post_already_shared":true,"jetpack_social_options":{"image_generator_settings":{"template":"highway","default_image_id":0,"font":"","enabled":false},"version":2}},"categories":[1],"tags":[67,69,68,70],"class_list":["post-2767","post","type-post","status-publish","format-standard","has-post-thumbnail","hentry","category-aktualnosci","tag-ibuk","tag-ksiazka","tag-libra","tag-miesiaca"],"jetpack_publicize_connections":[],"jetpack_featured_media_url":"https:\/\/biblioteka.kolobrzeg.pl\/wp-content\/uploads\/2017\/07\/ibuk072017.jpg","jetpack_likes_enabled":true,"jetpack_sharing_enabled":true,"_links":{"self":[{"href":"https:\/\/biblioteka.kolobrzeg.pl\/index.php\/wp-json\/wp\/v2\/posts\/2767","targetHints":{"allow":["GET"]}}],"collection":[{"href":"https:\/\/biblioteka.kolobrzeg.pl\/index.php\/wp-json\/wp\/v2\/posts"}],"about":[{"href":"https:\/\/biblioteka.kolobrzeg.pl\/index.php\/wp-json\/wp\/v2\/types\/post"}],"author":[{"embeddable":true,"href":"https:\/\/biblioteka.kolobrzeg.pl\/index.php\/wp-json\/wp\/v2\/users\/1"}],"replies":[{"embeddable":true,"href":"https:\/\/biblioteka.kolobrzeg.pl\/index.php\/wp-json\/wp\/v2\/comments?post=2767"}],"version-history":[{"count":0,"href":"https:\/\/biblioteka.kolobrzeg.pl\/index.php\/wp-json\/wp\/v2\/posts\/2767\/revisions"}],"wp:featuredmedia":[{"embeddable":true,"href":"https:\/\/biblioteka.kolobrzeg.pl\/index.php\/wp-json\/wp\/v2\/media\/2768"}],"wp:attachment":[{"href":"https:\/\/biblioteka.kolobrzeg.pl\/index.php\/wp-json\/wp\/v2\/media?parent=2767"}],"wp:term":[{"taxonomy":"category","embeddable":true,"href":"https:\/\/biblioteka.kolobrzeg.pl\/index.php\/wp-json\/wp\/v2\/categories?post=2767"},{"taxonomy":"post_tag","embeddable":true,"href":"https:\/\/biblioteka.kolobrzeg.pl\/index.php\/wp-json\/wp\/v2\/tags?post=2767"}],"curies":[{"name":"wp","href":"https:\/\/api.w.org\/{rel}","templated":true}]}}