{"id":29059,"date":"2024-08-01T15:39:00","date_gmt":"2024-08-01T13:39:00","guid":{"rendered":"https:\/\/biblioteka.kolobrzeg.pl\/?p=29059"},"modified":"2024-08-29T14:46:15","modified_gmt":"2024-08-29T12:46:15","slug":"dofinansowanie","status":"publish","type":"post","link":"https:\/\/biblioteka.kolobrzeg.pl\/index.php\/2024\/08\/01\/dofinansowanie\/","title":{"rendered":"Dofinansowanie"},"content":{"rendered":"<div class=\"wp-block-image\">\n<div class=\"wp-block-image\">\n<div class=\"wp-block-image\"><a href=\"https:\/\/biblioteka.kolobrzeg.pl\/wp-content\/uploads\/2024\/05\/mkidnm4.jpg\" data-rel=\"lightbox-image-0\" data-rl_title=\"\" data-rl_caption=\"\" title=\"\"><img loading=\"lazy\" decoding=\"async\" class=\"wpa-warning wpa-suspicious-alt alignleft wp-image-29067\" src=\"https:\/\/biblioteka.kolobrzeg.pl\/wp-content\/uploads\/2024\/05\/mkidnm4.jpg\" alt=\"MKiDN logo\" width=\"200\" height=\"150\" data-warning=\"Suspicious alt text\" srcset=\"https:\/\/biblioteka.kolobrzeg.pl\/wp-content\/uploads\/2024\/05\/mkidnm4.jpg 800w, https:\/\/biblioteka.kolobrzeg.pl\/wp-content\/uploads\/2024\/05\/mkidnm4-768x576.jpg 768w\" sizes=\"auto, (max-width: 200px) 100vw, 200px\" \/><\/a><\/div>\n<\/div>\n<\/div>\n<div class=\"wp-block-image\">Zadanie &#8222;Poszerzamy horyzonty dla Was i dla Nas&#8221; dofinansowano w ramach programu rz\u0105dowego Partnerstwo dla ksi\u0105\u017cki ze \u015brodk\u00f3w Ministra Kultury i Dziedzictwa Narodowego pochodz\u0105cych z Funduszu Promocji Kultury.<\/div>\n<p>Kwota dofinansowania: 19 875,00 z\u0142.<\/p>\n","protected":false},"excerpt":{"rendered":"<p>Zadanie &#8222;Poszerzamy horyzonty dla Was i dla Nas&#8221; dofinansowano w ramach programu rz\u0105dowego Partnerstwo dla ksi\u0105\u017cki ze \u015brodk\u00f3w Ministra Kultury i Dziedzictwa Narodowego pochodz\u0105cych z Funduszu Promocji Kultury. Kwota dofinansowania: 19 875,00 z\u0142.<\/p>\n","protected":false},"author":1,"featured_media":29067,"comment_status":"closed","ping_status":"closed","sticky":true,"template":"","format":"standard","meta":{"jetpack_post_was_ever_published":false,"_jetpack_newsletter_access":"","_jetpack_dont_email_post_to_subs":false,"_jetpack_newsletter_tier_id":0,"_jetpack_memberships_contains_paywalled_content":false,"_jetpack_memberships_contains_paid_content":false,"footnotes":"","jetpack_publicize_message":"","jetpack_publicize_feature_enabled":true,"jetpack_social_post_already_shared":true,"jetpack_social_options":{"image_generator_settings":{"template":"highway","default_image_id":0,"font":"","enabled":false},"version":2}},"categories":[1,15],"tags":[],"class_list":["post-29059","post","type-post","status-publish","format-standard","has-post-thumbnail","hentry","category-aktualnosci","category-mkidn"],"jetpack_publicize_connections":[],"jetpack_featured_media_url":"https:\/\/biblioteka.kolobrzeg.pl\/wp-content\/uploads\/2024\/05\/mkidnm4.jpg","jetpack_likes_enabled":true,"jetpack_sharing_enabled":true,"_links":{"self":[{"href":"https:\/\/biblioteka.kolobrzeg.pl\/index.php\/wp-json\/wp\/v2\/posts\/29059","targetHints":{"allow":["GET"]}}],"collection":[{"href":"https:\/\/biblioteka.kolobrzeg.pl\/index.php\/wp-json\/wp\/v2\/posts"}],"about":[{"href":"https:\/\/biblioteka.kolobrzeg.pl\/index.php\/wp-json\/wp\/v2\/types\/post"}],"author":[{"embeddable":true,"href":"https:\/\/biblioteka.kolobrzeg.pl\/index.php\/wp-json\/wp\/v2\/users\/1"}],"replies":[{"embeddable":true,"href":"https:\/\/biblioteka.kolobrzeg.pl\/index.php\/wp-json\/wp\/v2\/comments?post=29059"}],"version-history":[{"count":0,"href":"https:\/\/biblioteka.kolobrzeg.pl\/index.php\/wp-json\/wp\/v2\/posts\/29059\/revisions"}],"wp:featuredmedia":[{"embeddable":true,"href":"https:\/\/biblioteka.kolobrzeg.pl\/index.php\/wp-json\/wp\/v2\/media\/29067"}],"wp:attachment":[{"href":"https:\/\/biblioteka.kolobrzeg.pl\/index.php\/wp-json\/wp\/v2\/media?parent=29059"}],"wp:term":[{"taxonomy":"category","embeddable":true,"href":"https:\/\/biblioteka.kolobrzeg.pl\/index.php\/wp-json\/wp\/v2\/categories?post=29059"},{"taxonomy":"post_tag","embeddable":true,"href":"https:\/\/biblioteka.kolobrzeg.pl\/index.php\/wp-json\/wp\/v2\/tags?post=29059"}],"curies":[{"name":"wp","href":"https:\/\/api.w.org\/{rel}","templated":true}]}}