{"id":29826,"date":"2024-08-26T11:56:35","date_gmt":"2024-08-26T09:56:35","guid":{"rendered":"https:\/\/biblioteka.kolobrzeg.pl\/?p=29826"},"modified":"2024-08-26T12:00:13","modified_gmt":"2024-08-26T10:00:13","slug":"dofinansowanie-2","status":"publish","type":"post","link":"https:\/\/biblioteka.kolobrzeg.pl\/index.php\/2024\/08\/26\/dofinansowanie-2\/","title":{"rendered":"Dofinansowanie"},"content":{"rendered":"<div class=\"wp-block-image\"><a href=\"https:\/\/biblioteka.kolobrzeg.pl\/wp-content\/uploads\/2024\/08\/nprc2024.jpg\" data-rel=\"lightbox-image-0\" data-rl_title=\"\" data-rl_caption=\"\" title=\"\"><img loading=\"lazy\" decoding=\"async\" class=\"wpa-warning wpa-image-missing-alt wp-image-29827 alignleft\" src=\"https:\/\/biblioteka.kolobrzeg.pl\/wp-content\/uploads\/2024\/08\/nprc2024.jpg\" alt=\"\" width=\"150\" height=\"58\" data-warning=\"Missing alt text\" srcset=\"https:\/\/biblioteka.kolobrzeg.pl\/wp-content\/uploads\/2024\/08\/nprc2024.jpg 1000w, https:\/\/biblioteka.kolobrzeg.pl\/wp-content\/uploads\/2024\/08\/nprc2024-768x298.jpg 768w\" sizes=\"auto, (max-width: 150px) 100vw, 150px\" \/><\/a><\/div>\n<p>Miejska Biblioteka Publiczna im. Galla Anonima w Ko\u0142obrzegu otrzyma\u0142a dofinansowanie w wysoko\u015bci 48 461 z\u0142 w ramach Programu Wieloletniego \u201eNarodowy Program Rozwoju Czytelnictwa 2.0 na lata 2021\u20132025\u201d Priorytet 1. Poprawa oferty bibliotek publicznych Kierunek Interwencji 1.1. Zakup i zdalny dost\u0119p do nowo\u015bci wydawniczych.<!--more--><\/p>\n<p><a href=\"https:\/\/biblioteka.kolobrzeg.pl\/wp-content\/uploads\/2024\/08\/nprc2024.jpg\" data-rel=\"lightbox-image-1\" data-rl_title=\"\" data-rl_caption=\"\" title=\"\"><img loading=\"lazy\" decoding=\"async\" class=\"aligncenter size-full wp-image-29827\" src=\"https:\/\/biblioteka.kolobrzeg.pl\/wp-content\/uploads\/2024\/08\/nprc2024.jpg\" alt=\"Narodowy Program Rozwoju Czytelnictwa\" width=\"1000\" height=\"388\" srcset=\"https:\/\/biblioteka.kolobrzeg.pl\/wp-content\/uploads\/2024\/08\/nprc2024.jpg 1000w, https:\/\/biblioteka.kolobrzeg.pl\/wp-content\/uploads\/2024\/08\/nprc2024-768x298.jpg 768w\" sizes=\"auto, (max-width: 1000px) 100vw, 1000px\" \/><\/a><\/p>\n","protected":false},"excerpt":{"rendered":"<p>Miejska Biblioteka Publiczna im. Galla Anonima w Ko\u0142obrzegu otrzyma\u0142a dofinansowanie w wysoko\u015bci 48 461 z\u0142 w ramach Programu Wieloletniego \u201eNarodowy Program Rozwoju Czytelnictwa 2.0 na lata 2021\u20132025\u201d Priorytet 1. Poprawa oferty bibliotek publicznych Kierunek Interwencji 1.1. Zakup i zdalny dost\u0119p do nowo\u015bci wydawniczych.<\/p><p><a class=\"more-link block-button\" href=\"https:\/\/biblioteka.kolobrzeg.pl\/index.php\/2024\/08\/26\/dofinansowanie-2\/\">Kontynuuj czytanie &raquo;<\/a><\/p>\n","protected":false},"author":1,"featured_media":29827,"comment_status":"closed","ping_status":"closed","sticky":false,"template":"","format":"standard","meta":{"jetpack_post_was_ever_published":false,"_jetpack_newsletter_access":"","_jetpack_dont_email_post_to_subs":false,"_jetpack_newsletter_tier_id":0,"_jetpack_memberships_contains_paywalled_content":false,"_jetpack_memberships_contains_paid_content":false,"footnotes":"","jetpack_publicize_message":"","jetpack_publicize_feature_enabled":true,"jetpack_social_post_already_shared":true,"jetpack_social_options":{"image_generator_settings":{"template":"highway","default_image_id":0,"font":"","enabled":false},"version":2}},"categories":[485],"tags":[],"class_list":["post-29826","post","type-post","status-publish","format-standard","has-post-thumbnail","hentry","category-nprc-2-0"],"jetpack_publicize_connections":[],"jetpack_featured_media_url":"https:\/\/biblioteka.kolobrzeg.pl\/wp-content\/uploads\/2024\/08\/nprc2024.jpg","jetpack_likes_enabled":true,"jetpack_sharing_enabled":true,"_links":{"self":[{"href":"https:\/\/biblioteka.kolobrzeg.pl\/index.php\/wp-json\/wp\/v2\/posts\/29826","targetHints":{"allow":["GET"]}}],"collection":[{"href":"https:\/\/biblioteka.kolobrzeg.pl\/index.php\/wp-json\/wp\/v2\/posts"}],"about":[{"href":"https:\/\/biblioteka.kolobrzeg.pl\/index.php\/wp-json\/wp\/v2\/types\/post"}],"author":[{"embeddable":true,"href":"https:\/\/biblioteka.kolobrzeg.pl\/index.php\/wp-json\/wp\/v2\/users\/1"}],"replies":[{"embeddable":true,"href":"https:\/\/biblioteka.kolobrzeg.pl\/index.php\/wp-json\/wp\/v2\/comments?post=29826"}],"version-history":[{"count":0,"href":"https:\/\/biblioteka.kolobrzeg.pl\/index.php\/wp-json\/wp\/v2\/posts\/29826\/revisions"}],"wp:featuredmedia":[{"embeddable":true,"href":"https:\/\/biblioteka.kolobrzeg.pl\/index.php\/wp-json\/wp\/v2\/media\/29827"}],"wp:attachment":[{"href":"https:\/\/biblioteka.kolobrzeg.pl\/index.php\/wp-json\/wp\/v2\/media?parent=29826"}],"wp:term":[{"taxonomy":"category","embeddable":true,"href":"https:\/\/biblioteka.kolobrzeg.pl\/index.php\/wp-json\/wp\/v2\/categories?post=29826"},{"taxonomy":"post_tag","embeddable":true,"href":"https:\/\/biblioteka.kolobrzeg.pl\/index.php\/wp-json\/wp\/v2\/tags?post=29826"}],"curies":[{"name":"wp","href":"https:\/\/api.w.org\/{rel}","templated":true}]}}