{"id":30122,"date":"2024-10-16T14:22:46","date_gmt":"2024-10-16T12:22:46","guid":{"rendered":"https:\/\/biblioteka.kolobrzeg.pl\/?p=30122"},"modified":"2024-10-17T14:53:43","modified_gmt":"2024-10-17T12:53:43","slug":"spotkanie-autorskie-53","status":"publish","type":"post","link":"https:\/\/biblioteka.kolobrzeg.pl\/index.php\/2024\/10\/16\/spotkanie-autorskie-53\/","title":{"rendered":"Spotkanie autorskie"},"content":{"rendered":"<p><a href=\"https:\/\/biblioteka.kolobrzeg.pl\/wp-content\/uploads\/2024\/10\/spotsiembieda1610244.jpg\" data-rel=\"lightbox-image-0\" data-rl_title=\"\" data-rl_caption=\"\" title=\"\"><img loading=\"lazy\" decoding=\"async\" class=\"alignleft wp-image-30225 size-thumbnail\" src=\"https:\/\/biblioteka.kolobrzeg.pl\/wp-content\/uploads\/2024\/10\/spotsiembieda1610244-150x150.jpg\" alt=\"Spotkanie autorskie z Maciejem Siembied\u0105\" width=\"150\" height=\"150\" srcset=\"https:\/\/biblioteka.kolobrzeg.pl\/wp-content\/uploads\/2024\/10\/spotsiembieda1610244-150x150.jpg 150w, https:\/\/biblioteka.kolobrzeg.pl\/wp-content\/uploads\/2024\/10\/spotsiembieda1610244-144x144.jpg 144w\" sizes=\"auto, (max-width: 150px) 100vw, 150px\" \/><\/a>Super ksi\u0119\u017cyc za oknem, a w Bibliotece supergwiazda.<\/p>\n<p>Mieli\u015bmy ogromn\u0105 przyjemno\u015b\u0107 go\u015bci\u0107 pisarza Macieja Siembied\u0119.<br \/>Spotkanie zgromadzi\u0142o wielu mi\u0142o\u015bnik\u00f3w ksi\u0105\u017cek z w\u0105tkiem kryminalnym i historycznym. Autor zabra\u0142 nas w niesamowit\u0105 podr\u00f3\u017c po \u015bwiecie swoich ksi\u0105\u017cek, zdradzaj\u0105c m.in. w jaki spos\u00f3b wplata fakty historyczne w fabu\u0142\u0119 swoich powie\u015bci.<!--more--><\/p>\n<p>Spotkanie tym bardziej gor\u0105ce, bo dotycz\u0105ce najnowszej powie\u015b\u0107 autora pt. &#8222;Kairos&#8221;, kt\u00f3ra premier\u0119 mia\u0142a 9 pa\u017adziernika.<\/p>\n<p>Ze spotkania wyszli\u015bmy z u\u015bmiechem na twarzy i bogatsi o nowe, inspiruj\u0105ce do\u015bwiadczenia czytelnicze.<\/p>\n<p>Dzi\u0119kujemy Panu Maciejowi za to wyj\u0105tkowe wydarzenie, a wszystkim uczestnikom za przybycie.<\/p>\n<p>Ma\u0142gosiu Maj wielkie dzi\u0119ki za pi\u0119knie poprowadzon\u0105 rozmow\u0119.\u00a0<\/p>\n\n\t\t<style type=\"text\/css\">\n\t\t\t#gallery-1 {\n\t\t\t\tmargin: auto;\n\t\t\t}\n\t\t\t#gallery-1 .gallery-item {\n\t\t\t\tfloat: left;\n\t\t\t\tmargin-top: 10px;\n\t\t\t\ttext-align: center;\n\t\t\t\twidth: 16%;\n\t\t\t}\n\t\t\t#gallery-1 img {\n\t\t\t\tborder: 2px solid #cfcfcf;\n\t\t\t}\n\t\t\t#gallery-1 .gallery-caption {\n\t\t\t\tmargin-left: 0;\n\t\t\t}\n\t\t\t\/* see gallery_shortcode() in wp-includes\/media.php *\/\n\t\t<\/style>\n\t\t<div id='gallery-1' class='gallery galleryid-30122 gallery-columns-6 gallery-size-thumbnail'><dl class='gallery-item'>\n\t\t\t<dt class='gallery-icon landscape'>\n\t\t\t\t<a href='https:\/\/biblioteka.kolobrzeg.pl\/wp-content\/uploads\/2024\/10\/spotsiembieda1610241.jpg' title=\"\" data-rl_title=\"\" class=\"rl-gallery-link\" data-rl_caption=\"\" data-rel=\"lightbox-gallery-1\"><img loading=\"lazy\" decoding=\"async\" width=\"150\" height=\"150\" src=\"https:\/\/biblioteka.kolobrzeg.pl\/wp-content\/uploads\/2024\/10\/spotsiembieda1610241-150x150.jpg\" class=\"attachment-thumbnail size-thumbnail\" alt=\"Spotkanie autorskie z Maciejem Siembied\u0105\" srcset=\"https:\/\/biblioteka.kolobrzeg.pl\/wp-content\/uploads\/2024\/10\/spotsiembieda1610241-150x150.jpg 150w, https:\/\/biblioteka.kolobrzeg.pl\/wp-content\/uploads\/2024\/10\/spotsiembieda1610241-144x144.jpg 144w\" sizes=\"auto, (max-width: 150px) 100vw, 150px\" \/><\/a>\n\t\t\t<\/dt><\/dl><dl class='gallery-item'>\n\t\t\t<dt class='gallery-icon landscape'>\n\t\t\t\t<a href='https:\/\/biblioteka.kolobrzeg.pl\/wp-content\/uploads\/2024\/10\/spotsiembieda1610245.jpg' title=\"\" data-rl_title=\"\" class=\"rl-gallery-link\" data-rl_caption=\"\" data-rel=\"lightbox-gallery-1\"><img loading=\"lazy\" decoding=\"async\" width=\"150\" height=\"150\" src=\"https:\/\/biblioteka.kolobrzeg.pl\/wp-content\/uploads\/2024\/10\/spotsiembieda1610245-150x150.jpg\" class=\"attachment-thumbnail size-thumbnail\" alt=\"Spotkanie autorskie z Maciejem Siembied\u0105\" srcset=\"https:\/\/biblioteka.kolobrzeg.pl\/wp-content\/uploads\/2024\/10\/spotsiembieda1610245-150x150.jpg 150w, https:\/\/biblioteka.kolobrzeg.pl\/wp-content\/uploads\/2024\/10\/spotsiembieda1610245-144x144.jpg 144w\" sizes=\"auto, (max-width: 150px) 100vw, 150px\" \/><\/a>\n\t\t\t<\/dt><\/dl><dl class='gallery-item'>\n\t\t\t<dt class='gallery-icon landscape'>\n\t\t\t\t<a href='https:\/\/biblioteka.kolobrzeg.pl\/wp-content\/uploads\/2024\/10\/spotsiembieda1610244.jpg' title=\"\" data-rl_title=\"\" class=\"rl-gallery-link\" data-rl_caption=\"\" data-rel=\"lightbox-gallery-1\"><img loading=\"lazy\" decoding=\"async\" width=\"150\" height=\"150\" src=\"https:\/\/biblioteka.kolobrzeg.pl\/wp-content\/uploads\/2024\/10\/spotsiembieda1610244-150x150.jpg\" class=\"attachment-thumbnail size-thumbnail\" alt=\"Spotkanie autorskie z Maciejem Siembied\u0105\" srcset=\"https:\/\/biblioteka.kolobrzeg.pl\/wp-content\/uploads\/2024\/10\/spotsiembieda1610244-150x150.jpg 150w, https:\/\/biblioteka.kolobrzeg.pl\/wp-content\/uploads\/2024\/10\/spotsiembieda1610244-144x144.jpg 144w\" sizes=\"auto, (max-width: 150px) 100vw, 150px\" \/><\/a>\n\t\t\t<\/dt><\/dl><dl class='gallery-item'>\n\t\t\t<dt class='gallery-icon landscape'>\n\t\t\t\t<a href='https:\/\/biblioteka.kolobrzeg.pl\/wp-content\/uploads\/2024\/10\/spotsiembieda1610243.jpg' title=\"\" data-rl_title=\"\" class=\"rl-gallery-link\" data-rl_caption=\"\" data-rel=\"lightbox-gallery-1\"><img loading=\"lazy\" decoding=\"async\" width=\"150\" height=\"150\" src=\"https:\/\/biblioteka.kolobrzeg.pl\/wp-content\/uploads\/2024\/10\/spotsiembieda1610243-150x150.jpg\" class=\"attachment-thumbnail size-thumbnail\" alt=\"Spotkanie autorskie z Maciejem Siembied\u0105\" srcset=\"https:\/\/biblioteka.kolobrzeg.pl\/wp-content\/uploads\/2024\/10\/spotsiembieda1610243-150x150.jpg 150w, https:\/\/biblioteka.kolobrzeg.pl\/wp-content\/uploads\/2024\/10\/spotsiembieda1610243-144x144.jpg 144w\" sizes=\"auto, (max-width: 150px) 100vw, 150px\" \/><\/a>\n\t\t\t<\/dt><\/dl><dl class='gallery-item'>\n\t\t\t<dt class='gallery-icon landscape'>\n\t\t\t\t<a href='https:\/\/biblioteka.kolobrzeg.pl\/wp-content\/uploads\/2024\/10\/spotsiembieda1610242.jpg' title=\"\" data-rl_title=\"\" class=\"rl-gallery-link\" data-rl_caption=\"\" data-rel=\"lightbox-gallery-1\"><img loading=\"lazy\" decoding=\"async\" width=\"150\" height=\"150\" src=\"https:\/\/biblioteka.kolobrzeg.pl\/wp-content\/uploads\/2024\/10\/spotsiembieda1610242-150x150.jpg\" class=\"attachment-thumbnail size-thumbnail\" alt=\"Spotkanie autorskie z Maciejem Siembied\u0105\" srcset=\"https:\/\/biblioteka.kolobrzeg.pl\/wp-content\/uploads\/2024\/10\/spotsiembieda1610242-150x150.jpg 150w, https:\/\/biblioteka.kolobrzeg.pl\/wp-content\/uploads\/2024\/10\/spotsiembieda1610242-144x144.jpg 144w\" sizes=\"auto, (max-width: 150px) 100vw, 150px\" \/><\/a>\n\t\t\t<\/dt><\/dl><dl class='gallery-item'>\n\t\t\t<dt class='gallery-icon landscape'>\n\t\t\t\t<a href='https:\/\/biblioteka.kolobrzeg.pl\/wp-content\/uploads\/2024\/10\/spotsiembieda161024.jpg' title=\"\" data-rl_title=\"\" class=\"rl-gallery-link\" data-rl_caption=\"\" data-rel=\"lightbox-gallery-1\"><img loading=\"lazy\" decoding=\"async\" width=\"150\" height=\"150\" src=\"https:\/\/biblioteka.kolobrzeg.pl\/wp-content\/uploads\/2024\/10\/spotsiembieda161024-150x150.jpg\" class=\"attachment-thumbnail size-thumbnail\" alt=\"Spotkanie autorskie Maciej Siembieda\" srcset=\"https:\/\/biblioteka.kolobrzeg.pl\/wp-content\/uploads\/2024\/10\/spotsiembieda161024-150x150.jpg 150w, https:\/\/biblioteka.kolobrzeg.pl\/wp-content\/uploads\/2024\/10\/spotsiembieda161024-144x144.jpg 144w\" sizes=\"auto, (max-width: 150px) 100vw, 150px\" \/><\/a>\n\t\t\t<\/dt><\/dl><br style=\"clear: both\" \/>\n\t\t<\/div>\n\n","protected":false},"excerpt":{"rendered":"<p>Super ksi\u0119\u017cyc za oknem, a w Bibliotece supergwiazda. Mieli\u015bmy ogromn\u0105 przyjemno\u015b\u0107 go\u015bci\u0107 pisarza Macieja Siembied\u0119.Spotkanie zgromadzi\u0142o wielu mi\u0142o\u015bnik\u00f3w ksi\u0105\u017cek z w\u0105tkiem kryminalnym i historycznym. Autor zabra\u0142 nas w niesamowit\u0105 podr\u00f3\u017c po \u015bwiecie swoich ksi\u0105\u017cek, zdradzaj\u0105c m.in. w jaki spos\u00f3b wplata fakty historyczne w fabu\u0142\u0119 swoich powie\u015bci.<\/p><p><a class=\"more-link block-button\" href=\"https:\/\/biblioteka.kolobrzeg.pl\/index.php\/2024\/10\/16\/spotkanie-autorskie-53\/\">Kontynuuj czytanie &raquo;<\/a><\/p>\n","protected":false},"author":1,"featured_media":30225,"comment_status":"closed","ping_status":"closed","sticky":false,"template":"","format":"standard","meta":{"jetpack_post_was_ever_published":false,"_jetpack_newsletter_access":"","_jetpack_dont_email_post_to_subs":false,"_jetpack_newsletter_tier_id":0,"_jetpack_memberships_contains_paywalled_content":false,"_jetpack_memberships_contains_paid_content":false,"footnotes":"","jetpack_publicize_message":"","jetpack_publicize_feature_enabled":true,"jetpack_social_post_already_shared":true,"jetpack_social_options":{"image_generator_settings":{"template":"highway","default_image_id":0,"font":"","enabled":false},"version":2}},"categories":[21],"tags":[],"class_list":["post-30122","post","type-post","status-publish","format-standard","has-post-thumbnail","hentry","category-spotkania"],"jetpack_publicize_connections":[],"jetpack_featured_media_url":"https:\/\/biblioteka.kolobrzeg.pl\/wp-content\/uploads\/2024\/10\/spotsiembieda1610244.jpg","jetpack_likes_enabled":true,"jetpack_sharing_enabled":true,"_links":{"self":[{"href":"https:\/\/biblioteka.kolobrzeg.pl\/index.php\/wp-json\/wp\/v2\/posts\/30122","targetHints":{"allow":["GET"]}}],"collection":[{"href":"https:\/\/biblioteka.kolobrzeg.pl\/index.php\/wp-json\/wp\/v2\/posts"}],"about":[{"href":"https:\/\/biblioteka.kolobrzeg.pl\/index.php\/wp-json\/wp\/v2\/types\/post"}],"author":[{"embeddable":true,"href":"https:\/\/biblioteka.kolobrzeg.pl\/index.php\/wp-json\/wp\/v2\/users\/1"}],"replies":[{"embeddable":true,"href":"https:\/\/biblioteka.kolobrzeg.pl\/index.php\/wp-json\/wp\/v2\/comments?post=30122"}],"version-history":[{"count":0,"href":"https:\/\/biblioteka.kolobrzeg.pl\/index.php\/wp-json\/wp\/v2\/posts\/30122\/revisions"}],"wp:featuredmedia":[{"embeddable":true,"href":"https:\/\/biblioteka.kolobrzeg.pl\/index.php\/wp-json\/wp\/v2\/media\/30225"}],"wp:attachment":[{"href":"https:\/\/biblioteka.kolobrzeg.pl\/index.php\/wp-json\/wp\/v2\/media?parent=30122"}],"wp:term":[{"taxonomy":"category","embeddable":true,"href":"https:\/\/biblioteka.kolobrzeg.pl\/index.php\/wp-json\/wp\/v2\/categories?post=30122"},{"taxonomy":"post_tag","embeddable":true,"href":"https:\/\/biblioteka.kolobrzeg.pl\/index.php\/wp-json\/wp\/v2\/tags?post=30122"}],"curies":[{"name":"wp","href":"https:\/\/api.w.org\/{rel}","templated":true}]}}