{"id":30341,"date":"2024-10-24T11:56:32","date_gmt":"2024-10-24T09:56:32","guid":{"rendered":"https:\/\/biblioteka.kolobrzeg.pl\/?p=30341"},"modified":"2024-11-06T12:06:31","modified_gmt":"2024-11-06T11:06:31","slug":"szkolenie","status":"publish","type":"post","link":"https:\/\/biblioteka.kolobrzeg.pl\/index.php\/2024\/10\/24\/szkolenie\/","title":{"rendered":"Szkolenie"},"content":{"rendered":"<p><a href=\"https:\/\/biblioteka.kolobrzeg.pl\/wp-content\/uploads\/2024\/11\/szkolenie2410243.jpg\" data-rel=\"lightbox-image-0\" data-rl_title=\"\" data-rl_caption=\"\" title=\"\"><img loading=\"lazy\" decoding=\"async\" class=\"alignleft wp-image-30346 size-thumbnail\" src=\"https:\/\/biblioteka.kolobrzeg.pl\/wp-content\/uploads\/2024\/11\/szkolenie2410243-150x150.jpg\" alt=\"Szkolenie pracownik\u00f3w Biblioteki\" width=\"150\" height=\"150\" srcset=\"https:\/\/biblioteka.kolobrzeg.pl\/wp-content\/uploads\/2024\/11\/szkolenie2410243-150x150.jpg 150w, https:\/\/biblioteka.kolobrzeg.pl\/wp-content\/uploads\/2024\/11\/szkolenie2410243-144x144.jpg 144w\" sizes=\"auto, (max-width: 150px) 100vw, 150px\" \/><\/a>Zaufanie, otwarta komunikacja, zaanga\u017cowanie, odpowiedzialno\u015b\u0107 i wsp\u00f3lne cele \u2013 to fundamenty, na kt\u00f3rych budujemy efektywno\u015b\u0107 naszego zespo\u0142u. W\u0142a\u015bnie zako\u0144czyli\u015bmy szkolenie \u201eKomunikacja w zespole\u201d, kt\u00f3re poprowadzi\u0142 Rafa\u0142 Ignasiak.<!--more--><\/p>\n<p>Spotkanie by\u0142o pe\u0142ne cennych wskaz\u00f3wek dotycz\u0105cych:<\/p>\n<p>Jak rozmawia\u0107 o trudnych sprawach, aby wzmacnia\u0107 zaufanie i otwarto\u015b\u0107.<\/p>\n<p>Dlaczego konstruktywne spory mog\u0105 przyczynia\u0107 si\u0119 do lepszej wsp\u00f3\u0142pracy.<\/p>\n<p>Roli s\u0142uchania \u2013 jak nasze s\u0142owa i dzia\u0142ania wp\u0142ywaj\u0105 na innych.<\/p>\n<p>Ka\u017cdy z nas wnosi do zespo\u0142u co\u015b wyj\u0105tkowego, a umiej\u0119tno\u015b\u0107 komunikacji jest kluczowa, aby\u015bmy razem osi\u0105gali nasze cele. Nawet trudne rozmowy mog\u0105 budowa\u0107, a nie dzieli\u0107 \u2013 o ile prowadzone s\u0105 w duchu otwarto\u015bci i szacunku. <\/p>\n<p>Dzi\u0119kujemy Rafa\u0142owi Ignasiakowi za profesjonalizm, wsp\u00f3lny czas i nauk\u0119. Wierzymy, \u017ce zdobyte umiej\u0119tno\u015bci pozwol\u0105 nam dzia\u0142a\u0107 jeszcze lepiej w naszym \u015brodowisku bibliotekarskim.<\/p>\n<p>Szkolenie odby\u0142o si\u0119 w ramach zadania \u201eBiblioteka naturalnie\u201d, kt\u00f3re stanowi cz\u0119\u015b\u0107 projektu BLISKO \u2013 Biblioteka | Lokalno\u015b\u0107 | Inicjatywy | Spo\u0142eczno\u015b\u0107 | Kooperacja | Oddolno\u015b\u0107, Priorytet 4 Narodowego Programu Rozwoju Czytelnictwa 2.0 na lata 2021-2025. <\/p>\n<p>Dofinansowano ze \u015brodk\u00f3w Ministerstwo Kultury i Dziedzictwa Narodowego w ramach realizacji Narodowego Programu Rozwoju Czytelnictwa 2.0 na lata 2021-2025.<\/p>\n\n\t\t<style type=\"text\/css\">\n\t\t\t#gallery-1 {\n\t\t\t\tmargin: auto;\n\t\t\t}\n\t\t\t#gallery-1 .gallery-item {\n\t\t\t\tfloat: left;\n\t\t\t\tmargin-top: 10px;\n\t\t\t\ttext-align: center;\n\t\t\t\twidth: 20%;\n\t\t\t}\n\t\t\t#gallery-1 img {\n\t\t\t\tborder: 2px solid #cfcfcf;\n\t\t\t}\n\t\t\t#gallery-1 .gallery-caption {\n\t\t\t\tmargin-left: 0;\n\t\t\t}\n\t\t\t\/* see gallery_shortcode() in wp-includes\/media.php *\/\n\t\t<\/style>\n\t\t<div id='gallery-1' class='gallery galleryid-30341 gallery-columns-5 gallery-size-thumbnail'><dl class='gallery-item'>\n\t\t\t<dt class='gallery-icon landscape'>\n\t\t\t\t<a href='https:\/\/biblioteka.kolobrzeg.pl\/wp-content\/uploads\/2024\/11\/szkolenie2410243.jpg' title=\"\" data-rl_title=\"\" class=\"rl-gallery-link\" data-rl_caption=\"\" data-rel=\"lightbox-gallery-1\"><img loading=\"lazy\" decoding=\"async\" width=\"150\" height=\"150\" src=\"https:\/\/biblioteka.kolobrzeg.pl\/wp-content\/uploads\/2024\/11\/szkolenie2410243-150x150.jpg\" class=\"attachment-thumbnail size-thumbnail\" alt=\"Szkolenie pracownik\u00f3w Biblioteki\" srcset=\"https:\/\/biblioteka.kolobrzeg.pl\/wp-content\/uploads\/2024\/11\/szkolenie2410243-150x150.jpg 150w, https:\/\/biblioteka.kolobrzeg.pl\/wp-content\/uploads\/2024\/11\/szkolenie2410243-144x144.jpg 144w\" sizes=\"auto, (max-width: 150px) 100vw, 150px\" \/><\/a>\n\t\t\t<\/dt><\/dl><dl class='gallery-item'>\n\t\t\t<dt class='gallery-icon landscape'>\n\t\t\t\t<a href='https:\/\/biblioteka.kolobrzeg.pl\/wp-content\/uploads\/2024\/11\/szkolenie2410242.jpg' title=\"\" data-rl_title=\"\" class=\"rl-gallery-link\" data-rl_caption=\"\" data-rel=\"lightbox-gallery-1\"><img loading=\"lazy\" decoding=\"async\" width=\"150\" height=\"150\" src=\"https:\/\/biblioteka.kolobrzeg.pl\/wp-content\/uploads\/2024\/11\/szkolenie2410242-150x150.jpg\" class=\"attachment-thumbnail size-thumbnail\" alt=\"Szkolenie pracownik\u00f3w Biblioteki\" srcset=\"https:\/\/biblioteka.kolobrzeg.pl\/wp-content\/uploads\/2024\/11\/szkolenie2410242-150x150.jpg 150w, https:\/\/biblioteka.kolobrzeg.pl\/wp-content\/uploads\/2024\/11\/szkolenie2410242-144x144.jpg 144w\" sizes=\"auto, (max-width: 150px) 100vw, 150px\" \/><\/a>\n\t\t\t<\/dt><\/dl><dl class='gallery-item'>\n\t\t\t<dt class='gallery-icon landscape'>\n\t\t\t\t<a href='https:\/\/biblioteka.kolobrzeg.pl\/wp-content\/uploads\/2024\/11\/szkolenie2410241.jpg' title=\"\" data-rl_title=\"\" class=\"rl-gallery-link\" data-rl_caption=\"\" data-rel=\"lightbox-gallery-1\"><img loading=\"lazy\" decoding=\"async\" width=\"150\" height=\"150\" src=\"https:\/\/biblioteka.kolobrzeg.pl\/wp-content\/uploads\/2024\/11\/szkolenie2410241-150x150.jpg\" class=\"attachment-thumbnail size-thumbnail\" alt=\"Szkolenie pracownik\u00f3w Biblioteki\" srcset=\"https:\/\/biblioteka.kolobrzeg.pl\/wp-content\/uploads\/2024\/11\/szkolenie2410241-150x150.jpg 150w, https:\/\/biblioteka.kolobrzeg.pl\/wp-content\/uploads\/2024\/11\/szkolenie2410241-144x144.jpg 144w\" sizes=\"auto, (max-width: 150px) 100vw, 150px\" \/><\/a>\n\t\t\t<\/dt><\/dl><dl class='gallery-item'>\n\t\t\t<dt class='gallery-icon landscape'>\n\t\t\t\t<a href='https:\/\/biblioteka.kolobrzeg.pl\/wp-content\/uploads\/2024\/11\/szkolenie2410245.jpg' title=\"\" data-rl_title=\"\" class=\"rl-gallery-link\" data-rl_caption=\"\" data-rel=\"lightbox-gallery-1\"><img loading=\"lazy\" decoding=\"async\" width=\"150\" height=\"150\" src=\"https:\/\/biblioteka.kolobrzeg.pl\/wp-content\/uploads\/2024\/11\/szkolenie2410245-150x150.jpg\" class=\"attachment-thumbnail size-thumbnail\" alt=\"Szkolenie pracownik\u00f3w Biblioteki\" srcset=\"https:\/\/biblioteka.kolobrzeg.pl\/wp-content\/uploads\/2024\/11\/szkolenie2410245-150x150.jpg 150w, https:\/\/biblioteka.kolobrzeg.pl\/wp-content\/uploads\/2024\/11\/szkolenie2410245-144x144.jpg 144w\" sizes=\"auto, (max-width: 150px) 100vw, 150px\" \/><\/a>\n\t\t\t<\/dt><\/dl><dl class='gallery-item'>\n\t\t\t<dt class='gallery-icon landscape'>\n\t\t\t\t<a href='https:\/\/biblioteka.kolobrzeg.pl\/wp-content\/uploads\/2024\/11\/szkolenie2410244.jpg' title=\"\" data-rl_title=\"\" class=\"rl-gallery-link\" data-rl_caption=\"\" data-rel=\"lightbox-gallery-1\"><img loading=\"lazy\" decoding=\"async\" width=\"150\" height=\"150\" src=\"https:\/\/biblioteka.kolobrzeg.pl\/wp-content\/uploads\/2024\/11\/szkolenie2410244-150x150.jpg\" class=\"attachment-thumbnail size-thumbnail\" alt=\"Szkolenie pracownik\u00f3w Biblioteki\" srcset=\"https:\/\/biblioteka.kolobrzeg.pl\/wp-content\/uploads\/2024\/11\/szkolenie2410244-150x150.jpg 150w, https:\/\/biblioteka.kolobrzeg.pl\/wp-content\/uploads\/2024\/11\/szkolenie2410244-144x144.jpg 144w\" sizes=\"auto, (max-width: 150px) 100vw, 150px\" \/><\/a>\n\t\t\t<\/dt><\/dl><br style=\"clear: both\" \/>\n\t\t<\/div>\n\n","protected":false},"excerpt":{"rendered":"<p>Zaufanie, otwarta komunikacja, zaanga\u017cowanie, odpowiedzialno\u015b\u0107 i wsp\u00f3lne cele \u2013 to fundamenty, na kt\u00f3rych budujemy efektywno\u015b\u0107 naszego zespo\u0142u. W\u0142a\u015bnie zako\u0144czyli\u015bmy szkolenie \u201eKomunikacja w zespole\u201d, kt\u00f3re poprowadzi\u0142 Rafa\u0142 Ignasiak.<\/p><p><a class=\"more-link block-button\" href=\"https:\/\/biblioteka.kolobrzeg.pl\/index.php\/2024\/10\/24\/szkolenie\/\">Kontynuuj czytanie &raquo;<\/a><\/p>\n","protected":false},"author":1,"featured_media":30346,"comment_status":"closed","ping_status":"closed","sticky":false,"template":"","format":"standard","meta":{"jetpack_post_was_ever_published":false,"_jetpack_newsletter_access":"","_jetpack_dont_email_post_to_subs":false,"_jetpack_newsletter_tier_id":0,"_jetpack_memberships_contains_paywalled_content":false,"_jetpack_memberships_contains_paid_content":false,"footnotes":"","jetpack_publicize_message":"","jetpack_publicize_feature_enabled":true,"jetpack_social_post_already_shared":true,"jetpack_social_options":{"image_generator_settings":{"template":"highway","default_image_id":0,"font":"","enabled":false},"version":2}},"categories":[542,579],"tags":[587],"class_list":["post-30341","post","type-post","status-publish","format-standard","has-post-thumbnail","hentry","category-biblioteka-glowna","category-biblioteka-naturalnie","tag-szkolenie"],"jetpack_publicize_connections":[],"jetpack_featured_media_url":"https:\/\/biblioteka.kolobrzeg.pl\/wp-content\/uploads\/2024\/11\/szkolenie2410243.jpg","jetpack_likes_enabled":true,"jetpack_sharing_enabled":true,"_links":{"self":[{"href":"https:\/\/biblioteka.kolobrzeg.pl\/index.php\/wp-json\/wp\/v2\/posts\/30341","targetHints":{"allow":["GET"]}}],"collection":[{"href":"https:\/\/biblioteka.kolobrzeg.pl\/index.php\/wp-json\/wp\/v2\/posts"}],"about":[{"href":"https:\/\/biblioteka.kolobrzeg.pl\/index.php\/wp-json\/wp\/v2\/types\/post"}],"author":[{"embeddable":true,"href":"https:\/\/biblioteka.kolobrzeg.pl\/index.php\/wp-json\/wp\/v2\/users\/1"}],"replies":[{"embeddable":true,"href":"https:\/\/biblioteka.kolobrzeg.pl\/index.php\/wp-json\/wp\/v2\/comments?post=30341"}],"version-history":[{"count":0,"href":"https:\/\/biblioteka.kolobrzeg.pl\/index.php\/wp-json\/wp\/v2\/posts\/30341\/revisions"}],"wp:featuredmedia":[{"embeddable":true,"href":"https:\/\/biblioteka.kolobrzeg.pl\/index.php\/wp-json\/wp\/v2\/media\/30346"}],"wp:attachment":[{"href":"https:\/\/biblioteka.kolobrzeg.pl\/index.php\/wp-json\/wp\/v2\/media?parent=30341"}],"wp:term":[{"taxonomy":"category","embeddable":true,"href":"https:\/\/biblioteka.kolobrzeg.pl\/index.php\/wp-json\/wp\/v2\/categories?post=30341"},{"taxonomy":"post_tag","embeddable":true,"href":"https:\/\/biblioteka.kolobrzeg.pl\/index.php\/wp-json\/wp\/v2\/tags?post=30341"}],"curies":[{"name":"wp","href":"https:\/\/api.w.org\/{rel}","templated":true}]}}