{"id":30425,"date":"2024-11-23T15:38:07","date_gmt":"2024-11-23T14:38:07","guid":{"rendered":"https:\/\/biblioteka.kolobrzeg.pl\/?p=30425"},"modified":"2024-12-12T11:30:33","modified_gmt":"2024-12-12T10:30:33","slug":"spotkanie-autorskie-56","status":"publish","type":"post","link":"https:\/\/biblioteka.kolobrzeg.pl\/index.php\/2024\/11\/23\/spotkanie-autorskie-56\/","title":{"rendered":"Spotkanie autorskie"},"content":{"rendered":"<p><a href=\"https:\/\/biblioteka.kolobrzeg.pl\/wp-content\/uploads\/2024\/11\/spotkubicka2311243.jpg\" data-rel=\"lightbox-image-0\" data-rl_title=\"\" data-rl_caption=\"\" title=\"\"><img loading=\"lazy\" decoding=\"async\" class=\"alignleft wp-image-30502 size-thumbnail\" src=\"https:\/\/biblioteka.kolobrzeg.pl\/wp-content\/uploads\/2024\/11\/spotkubicka2311243-150x150.jpg\" alt=\"Spotkanie Julia Kubicka\" width=\"150\" height=\"150\" srcset=\"https:\/\/biblioteka.kolobrzeg.pl\/wp-content\/uploads\/2024\/11\/spotkubicka2311243-150x150.jpg 150w, https:\/\/biblioteka.kolobrzeg.pl\/wp-content\/uploads\/2024\/11\/spotkubicka2311243-144x144.jpg 144w\" sizes=\"auto, (max-width: 150px) 100vw, 150px\" \/><\/a>Kolejne fantastyczne spotkanie z autork\u0105 literatury m\u0142odzie\u017cowej Juli\u0105 Kubick\u0105.<br \/>Julia to utalentowana pisarka, kt\u00f3ra wzbudzi\u0142a swoimi ksi\u0105\u017ckami zainteresowanie wielu os\u00f3b. Ka\u017cdy kto by\u0142 na spotkaniu, m\u00f3g\u0142 zada\u0107 nurtuj\u0105ce pytanie, pos\u0142ucha\u0107 o losach bohater\u00f3w, a tak\u017ce planach autorki na przysz\u0142o\u015b\u0107.<!--more--><\/p>\n<p>Spotkanie, w spos\u00f3b mega profesjonalny, poprowadzi\u0142y dwie \u015bwietne dziewczyny Martyna i Julia, za co serdeczne dzi\u0119ki.<\/p>\n<p>Uczestnicy wydarzenia, poprzez zakup ksi\u0105\u017cek Julii, wsparli akcj\u0119 pomocy dla powodzian. Za co, serdecznie w imieniu naszego go\u015bcia oraz swoim dzi\u0119kujemy.<\/p>\n<p>Spotkanie rewelacyjne, dzi\u0119ki \u017ce byli\u015bcie.<\/p>\n\n\n<div style=\"height:21px\" aria-hidden=\"true\" class=\"wp-block-spacer\"><\/div>\n\n\n\n\t\t<style type=\"text\/css\">\n\t\t\t#gallery-1 {\n\t\t\t\tmargin: auto;\n\t\t\t}\n\t\t\t#gallery-1 .gallery-item {\n\t\t\t\tfloat: left;\n\t\t\t\tmargin-top: 10px;\n\t\t\t\ttext-align: center;\n\t\t\t\twidth: 25%;\n\t\t\t}\n\t\t\t#gallery-1 img {\n\t\t\t\tborder: 2px solid #cfcfcf;\n\t\t\t}\n\t\t\t#gallery-1 .gallery-caption {\n\t\t\t\tmargin-left: 0;\n\t\t\t}\n\t\t\t\/* see gallery_shortcode() in wp-includes\/media.php *\/\n\t\t<\/style>\n\t\t<div id='gallery-1' class='gallery galleryid-30425 gallery-columns-4 gallery-size-thumbnail'><dl class='gallery-item'>\n\t\t\t<dt class='gallery-icon landscape'>\n\t\t\t\t<a href='https:\/\/biblioteka.kolobrzeg.pl\/wp-content\/uploads\/2024\/11\/spotkubicka2311243.jpg' title=\"\" data-rl_title=\"\" class=\"rl-gallery-link\" data-rl_caption=\"\" data-rel=\"lightbox-gallery-1\"><img loading=\"lazy\" decoding=\"async\" width=\"150\" height=\"150\" src=\"https:\/\/biblioteka.kolobrzeg.pl\/wp-content\/uploads\/2024\/11\/spotkubicka2311243-150x150.jpg\" class=\"attachment-thumbnail size-thumbnail\" alt=\"Spotkanie Julia Kubicka\" srcset=\"https:\/\/biblioteka.kolobrzeg.pl\/wp-content\/uploads\/2024\/11\/spotkubicka2311243-150x150.jpg 150w, https:\/\/biblioteka.kolobrzeg.pl\/wp-content\/uploads\/2024\/11\/spotkubicka2311243-144x144.jpg 144w\" sizes=\"auto, (max-width: 150px) 100vw, 150px\" \/><\/a>\n\t\t\t<\/dt><\/dl><dl class='gallery-item'>\n\t\t\t<dt class='gallery-icon landscape'>\n\t\t\t\t<a href='https:\/\/biblioteka.kolobrzeg.pl\/wp-content\/uploads\/2024\/11\/spotkubicka2311242.jpg' title=\"\" data-rl_title=\"\" class=\"rl-gallery-link\" data-rl_caption=\"\" data-rel=\"lightbox-gallery-1\"><img loading=\"lazy\" decoding=\"async\" width=\"150\" height=\"150\" src=\"https:\/\/biblioteka.kolobrzeg.pl\/wp-content\/uploads\/2024\/11\/spotkubicka2311242-150x150.jpg\" class=\"attachment-thumbnail size-thumbnail\" alt=\"Spotkanie Julia Kubicka\" srcset=\"https:\/\/biblioteka.kolobrzeg.pl\/wp-content\/uploads\/2024\/11\/spotkubicka2311242-150x150.jpg 150w, https:\/\/biblioteka.kolobrzeg.pl\/wp-content\/uploads\/2024\/11\/spotkubicka2311242-144x144.jpg 144w\" sizes=\"auto, (max-width: 150px) 100vw, 150px\" \/><\/a>\n\t\t\t<\/dt><\/dl><dl class='gallery-item'>\n\t\t\t<dt class='gallery-icon landscape'>\n\t\t\t\t<a href='https:\/\/biblioteka.kolobrzeg.pl\/wp-content\/uploads\/2024\/11\/spotkubicka2311241.jpg' title=\"\" data-rl_title=\"\" class=\"rl-gallery-link\" data-rl_caption=\"\" data-rel=\"lightbox-gallery-1\"><img loading=\"lazy\" decoding=\"async\" width=\"150\" height=\"150\" src=\"https:\/\/biblioteka.kolobrzeg.pl\/wp-content\/uploads\/2024\/11\/spotkubicka2311241-150x150.jpg\" class=\"attachment-thumbnail size-thumbnail\" alt=\"Spotkanie Julia Kubicka\" srcset=\"https:\/\/biblioteka.kolobrzeg.pl\/wp-content\/uploads\/2024\/11\/spotkubicka2311241-150x150.jpg 150w, https:\/\/biblioteka.kolobrzeg.pl\/wp-content\/uploads\/2024\/11\/spotkubicka2311241-144x144.jpg 144w\" sizes=\"auto, (max-width: 150px) 100vw, 150px\" \/><\/a>\n\t\t\t<\/dt><\/dl><dl class='gallery-item'>\n\t\t\t<dt class='gallery-icon landscape'>\n\t\t\t\t<a href='https:\/\/biblioteka.kolobrzeg.pl\/wp-content\/uploads\/2024\/11\/spotkubicka2311246.jpg' title=\"\" data-rl_title=\"\" class=\"rl-gallery-link\" data-rl_caption=\"\" data-rel=\"lightbox-gallery-1\"><img loading=\"lazy\" decoding=\"async\" width=\"150\" height=\"150\" src=\"https:\/\/biblioteka.kolobrzeg.pl\/wp-content\/uploads\/2024\/11\/spotkubicka2311246-150x150.jpg\" class=\"attachment-thumbnail size-thumbnail\" alt=\"Spotkanie Julia Kubicka\" srcset=\"https:\/\/biblioteka.kolobrzeg.pl\/wp-content\/uploads\/2024\/11\/spotkubicka2311246-150x150.jpg 150w, https:\/\/biblioteka.kolobrzeg.pl\/wp-content\/uploads\/2024\/11\/spotkubicka2311246-144x144.jpg 144w\" sizes=\"auto, (max-width: 150px) 100vw, 150px\" \/><\/a>\n\t\t\t<\/dt><\/dl><br style=\"clear: both\" \/><dl class='gallery-item'>\n\t\t\t<dt class='gallery-icon landscape'>\n\t\t\t\t<a href='https:\/\/biblioteka.kolobrzeg.pl\/wp-content\/uploads\/2024\/11\/spotkubicka2311245.jpg' title=\"\" data-rl_title=\"\" class=\"rl-gallery-link\" data-rl_caption=\"\" data-rel=\"lightbox-gallery-1\"><img loading=\"lazy\" decoding=\"async\" width=\"150\" height=\"150\" src=\"https:\/\/biblioteka.kolobrzeg.pl\/wp-content\/uploads\/2024\/11\/spotkubicka2311245-150x150.jpg\" class=\"attachment-thumbnail size-thumbnail\" alt=\"Spotkanie Julia Kubicka\" srcset=\"https:\/\/biblioteka.kolobrzeg.pl\/wp-content\/uploads\/2024\/11\/spotkubicka2311245-150x150.jpg 150w, https:\/\/biblioteka.kolobrzeg.pl\/wp-content\/uploads\/2024\/11\/spotkubicka2311245-144x144.jpg 144w\" sizes=\"auto, (max-width: 150px) 100vw, 150px\" \/><\/a>\n\t\t\t<\/dt><\/dl><dl class='gallery-item'>\n\t\t\t<dt class='gallery-icon landscape'>\n\t\t\t\t<a href='https:\/\/biblioteka.kolobrzeg.pl\/wp-content\/uploads\/2024\/11\/spotkubicka2311244.jpg' title=\"\" data-rl_title=\"\" class=\"rl-gallery-link\" data-rl_caption=\"\" data-rel=\"lightbox-gallery-1\"><img loading=\"lazy\" decoding=\"async\" width=\"150\" height=\"150\" src=\"https:\/\/biblioteka.kolobrzeg.pl\/wp-content\/uploads\/2024\/11\/spotkubicka2311244-150x150.jpg\" class=\"attachment-thumbnail size-thumbnail\" alt=\"Spotkanie Julia Kubicka\" srcset=\"https:\/\/biblioteka.kolobrzeg.pl\/wp-content\/uploads\/2024\/11\/spotkubicka2311244-150x150.jpg 150w, https:\/\/biblioteka.kolobrzeg.pl\/wp-content\/uploads\/2024\/11\/spotkubicka2311244-144x144.jpg 144w\" sizes=\"auto, (max-width: 150px) 100vw, 150px\" \/><\/a>\n\t\t\t<\/dt><\/dl><dl class='gallery-item'>\n\t\t\t<dt class='gallery-icon landscape'>\n\t\t\t\t<a href='https:\/\/biblioteka.kolobrzeg.pl\/wp-content\/uploads\/2024\/11\/kubicka231124.jpg' title=\"\" data-rl_title=\"\" class=\"rl-gallery-link\" data-rl_caption=\"\" data-rel=\"lightbox-gallery-1\"><img loading=\"lazy\" decoding=\"async\" width=\"150\" height=\"150\" src=\"https:\/\/biblioteka.kolobrzeg.pl\/wp-content\/uploads\/2024\/11\/kubicka231124-150x150.jpg\" class=\"attachment-thumbnail size-thumbnail\" alt=\"Julia Kubicka spotkanie autorskie plakat\" srcset=\"https:\/\/biblioteka.kolobrzeg.pl\/wp-content\/uploads\/2024\/11\/kubicka231124-150x150.jpg 150w, https:\/\/biblioteka.kolobrzeg.pl\/wp-content\/uploads\/2024\/11\/kubicka231124-144x144.jpg 144w\" sizes=\"auto, (max-width: 150px) 100vw, 150px\" \/><\/a>\n\t\t\t<\/dt><\/dl>\n\t\t\t<br style='clear: both' \/>\n\t\t<\/div>\n","protected":false},"excerpt":{"rendered":"<p>Kolejne fantastyczne spotkanie z autork\u0105 literatury m\u0142odzie\u017cowej Juli\u0105 Kubick\u0105.Julia to utalentowana pisarka, kt\u00f3ra wzbudzi\u0142a swoimi ksi\u0105\u017ckami zainteresowanie wielu os\u00f3b. Ka\u017cdy kto by\u0142 na spotkaniu, m\u00f3g\u0142 zada\u0107 nurtuj\u0105ce pytanie, pos\u0142ucha\u0107 o losach bohater\u00f3w, a tak\u017ce planach autorki na przysz\u0142o\u015b\u0107.<\/p><p><a class=\"more-link block-button\" href=\"https:\/\/biblioteka.kolobrzeg.pl\/index.php\/2024\/11\/23\/spotkanie-autorskie-56\/\">Kontynuuj czytanie &raquo;<\/a><\/p>\n","protected":false},"author":1,"featured_media":30502,"comment_status":"closed","ping_status":"closed","sticky":true,"template":"","format":"standard","meta":{"jetpack_post_was_ever_published":false,"_jetpack_newsletter_access":"","_jetpack_dont_email_post_to_subs":false,"_jetpack_newsletter_tier_id":0,"_jetpack_memberships_contains_paywalled_content":false,"_jetpack_memberships_contains_paid_content":false,"footnotes":"","jetpack_publicize_message":"","jetpack_publicize_feature_enabled":true,"jetpack_social_post_already_shared":true,"jetpack_social_options":{"image_generator_settings":{"template":"highway","default_image_id":0,"font":"","enabled":false},"version":2}},"categories":[541,21],"tags":[37,30],"class_list":["post-30425","post","type-post","status-publish","format-standard","has-post-thumbnail","hentry","category-biblioteka-ogrody","category-spotkania","tag-autorskie","tag-spotkanie"],"jetpack_publicize_connections":[],"jetpack_featured_media_url":"https:\/\/biblioteka.kolobrzeg.pl\/wp-content\/uploads\/2024\/11\/spotkubicka2311243.jpg","jetpack_likes_enabled":true,"jetpack_sharing_enabled":true,"_links":{"self":[{"href":"https:\/\/biblioteka.kolobrzeg.pl\/index.php\/wp-json\/wp\/v2\/posts\/30425","targetHints":{"allow":["GET"]}}],"collection":[{"href":"https:\/\/biblioteka.kolobrzeg.pl\/index.php\/wp-json\/wp\/v2\/posts"}],"about":[{"href":"https:\/\/biblioteka.kolobrzeg.pl\/index.php\/wp-json\/wp\/v2\/types\/post"}],"author":[{"embeddable":true,"href":"https:\/\/biblioteka.kolobrzeg.pl\/index.php\/wp-json\/wp\/v2\/users\/1"}],"replies":[{"embeddable":true,"href":"https:\/\/biblioteka.kolobrzeg.pl\/index.php\/wp-json\/wp\/v2\/comments?post=30425"}],"version-history":[{"count":0,"href":"https:\/\/biblioteka.kolobrzeg.pl\/index.php\/wp-json\/wp\/v2\/posts\/30425\/revisions"}],"wp:featuredmedia":[{"embeddable":true,"href":"https:\/\/biblioteka.kolobrzeg.pl\/index.php\/wp-json\/wp\/v2\/media\/30502"}],"wp:attachment":[{"href":"https:\/\/biblioteka.kolobrzeg.pl\/index.php\/wp-json\/wp\/v2\/media?parent=30425"}],"wp:term":[{"taxonomy":"category","embeddable":true,"href":"https:\/\/biblioteka.kolobrzeg.pl\/index.php\/wp-json\/wp\/v2\/categories?post=30425"},{"taxonomy":"post_tag","embeddable":true,"href":"https:\/\/biblioteka.kolobrzeg.pl\/index.php\/wp-json\/wp\/v2\/tags?post=30425"}],"curies":[{"name":"wp","href":"https:\/\/api.w.org\/{rel}","templated":true}]}}