{"id":32019,"date":"2025-06-17T13:15:34","date_gmt":"2025-06-17T11:15:34","guid":{"rendered":"https:\/\/biblioteka.kolobrzeg.pl\/?p=32019"},"modified":"2025-07-02T13:28:55","modified_gmt":"2025-07-02T11:28:55","slug":"spotkanie-przyrodnicze-oraz-warsztaty-mozaikowe-2","status":"publish","type":"post","link":"https:\/\/biblioteka.kolobrzeg.pl\/index.php\/2025\/06\/17\/spotkanie-przyrodnicze-oraz-warsztaty-mozaikowe-2\/","title":{"rendered":"Spotkanie przyrodnicze oraz warsztaty mozaikowe"},"content":{"rendered":"<p><a href=\"https:\/\/biblioteka.kolobrzeg.pl\/wp-content\/uploads\/2025\/06\/ekofestiwal15062528.jpg\" data-rel=\"lightbox-image-0\" data-rl_title=\"\" data-rl_caption=\"\" title=\"\"><img loading=\"lazy\" decoding=\"async\" class=\"alignleft wp-image-31316 size-thumbnail\" src=\"https:\/\/biblioteka.kolobrzeg.pl\/wp-content\/uploads\/2025\/06\/ekofestiwal15062528-150x150.jpg\" alt=\"Wakacje w Bibliotece\" width=\"150\" height=\"150\" \/><\/a>Magia sztuki, rzek i serca natury&#8230;<\/p>\n<p>Justyna Budzyn, artystka ceramiki, edukatorka i aktywistka przyrodnicza w miniony weekend (14-15.06), podczas V Eko Festiwalu \u201eMi\u0119dzy mostami\u201d, zabra\u0142a nas w intymn\u0105 podr\u00f3\u017c przez \u015bwiat sztuki, natury i osobistego zaanga\u017cowania. Opowiada\u0142a o swojej pracy z mozaik\u0105 ceramiczn\u0105, o ptasich portretach, o kajakowych wyprawach rzekami, kt\u00f3re z biegiem czasu sta\u0142y si\u0119 dla niej przestrzeni\u0105 refleksji, dzia\u0142ania i tw\u00f3rczego wyrazu.<!--more--><\/p>\n<p>Us\u0142yszeli\u015bmy jak sztuka mo\u017ce by\u0107 g\u0142osem w obronie drzew, rzek i warto\u015bci wsp\u00f3lnotowych. By\u0142o g\u0142\u0119boko, cicho i poruszaj\u0105co \u2013 jak nurt, kt\u00f3ry niesie nie tylko wod\u0119, ale te\u017c sens.<\/p>\n<p>Podczas warsztat\u00f3w mozaikowych pod okiem Justyny powsta\u0142y niezwyk\u0142e mozaiki inspirowane tym, co ro\u015bnie i p\u0142ynie \u2013 drzewami oraz rzek\u0105. Ka\u017cdy z uczestnik\u00f3w m\u00f3g\u0142 stworzy\u0107 swoj\u0105 w\u0142asn\u0105 histori\u0119 z kawa\u0142k\u00f3w ceramicznych wspomnie\u0144.<\/p>\n<p>Dzi\u0119kujemy za obecno\u015b\u0107 i wsp\u00f3lny czas.<\/p>\n<p>Spotkanie oraz warsztaty zrealizowane w ramach zadania Biblioteka naturalnie, kt\u00f3re stanowi cz\u0119\u015b\u0107 projektu BLISKO \u2013 Biblioteka | Lokalno\u015b\u0107 | Inicjatywy | Spo\u0142eczno\u015b\u0107 | Kooperacja | Oddolno\u015b\u0107, Priorytet 4 Narodowego Programu Rozwoju Czytelnictwa 2.0 na lata 2021-2025.<\/p>\n<p>Dofinansowano ze \u015brodk\u00f3w Ministerstwa Kultury i Dziedzictwa Narodowego w ramach realizacji Narodowego Programu Rozwoju Czytelnictwa 2.0 na lata 2021\u20132025.<\/p>\n<p>Ministerstwo Kultury i Dziedzictwa Narodowego<\/p>\n<p>Narodowe Centrum Kultury<\/p>\n<p>NPRCz 2.0<\/p>\n\n\t\t<style type=\"text\/css\">\n\t\t\t#gallery-1 {\n\t\t\t\tmargin: auto;\n\t\t\t}\n\t\t\t#gallery-1 .gallery-item {\n\t\t\t\tfloat: left;\n\t\t\t\tmargin-top: 10px;\n\t\t\t\ttext-align: center;\n\t\t\t\twidth: 25%;\n\t\t\t}\n\t\t\t#gallery-1 img {\n\t\t\t\tborder: 2px solid #cfcfcf;\n\t\t\t}\n\t\t\t#gallery-1 .gallery-caption {\n\t\t\t\tmargin-left: 0;\n\t\t\t}\n\t\t\t\/* see gallery_shortcode() in wp-includes\/media.php *\/\n\t\t<\/style>\n\t\t<div id='gallery-1' class='gallery galleryid-32019 gallery-columns-4 gallery-size-thumbnail'><dl class='gallery-item'>\n\t\t\t<dt class='gallery-icon landscape'>\n\t\t\t\t<a href='https:\/\/biblioteka.kolobrzeg.pl\/wp-content\/uploads\/2025\/06\/ekofestiwal15062530.jpg' title=\"\" data-rl_title=\"\" class=\"rl-gallery-link\" data-rl_caption=\"\" data-rel=\"lightbox-gallery-1\"><img loading=\"lazy\" decoding=\"async\" width=\"150\" height=\"150\" src=\"https:\/\/biblioteka.kolobrzeg.pl\/wp-content\/uploads\/2025\/06\/ekofestiwal15062530-150x150.jpg\" class=\"attachment-thumbnail size-thumbnail\" alt=\"5 Eko festiwal\" srcset=\"https:\/\/biblioteka.kolobrzeg.pl\/wp-content\/uploads\/2025\/06\/ekofestiwal15062530-150x150.jpg 150w, https:\/\/biblioteka.kolobrzeg.pl\/wp-content\/uploads\/2025\/06\/ekofestiwal15062530-144x144.jpg 144w\" sizes=\"auto, (max-width: 150px) 100vw, 150px\" \/><\/a>\n\t\t\t<\/dt><\/dl><dl class='gallery-item'>\n\t\t\t<dt class='gallery-icon landscape'>\n\t\t\t\t<a href='https:\/\/biblioteka.kolobrzeg.pl\/wp-content\/uploads\/2025\/06\/ekofestiwal15062528.jpg' title=\"\" data-rl_title=\"\" class=\"rl-gallery-link\" data-rl_caption=\"\" data-rel=\"lightbox-gallery-1\"><img loading=\"lazy\" decoding=\"async\" width=\"150\" height=\"150\" src=\"https:\/\/biblioteka.kolobrzeg.pl\/wp-content\/uploads\/2025\/06\/ekofestiwal15062528-150x150.jpg\" class=\"attachment-thumbnail size-thumbnail\" alt=\"5 Eko festiwal\" srcset=\"https:\/\/biblioteka.kolobrzeg.pl\/wp-content\/uploads\/2025\/06\/ekofestiwal15062528-150x150.jpg 150w, https:\/\/biblioteka.kolobrzeg.pl\/wp-content\/uploads\/2025\/06\/ekofestiwal15062528-144x144.jpg 144w\" sizes=\"auto, (max-width: 150px) 100vw, 150px\" \/><\/a>\n\t\t\t<\/dt><\/dl><dl class='gallery-item'>\n\t\t\t<dt class='gallery-icon landscape'>\n\t\t\t\t<a href='https:\/\/biblioteka.kolobrzeg.pl\/wp-content\/uploads\/2025\/06\/ekofestiwal15062537.jpg' title=\"\" data-rl_title=\"\" class=\"rl-gallery-link\" data-rl_caption=\"\" data-rel=\"lightbox-gallery-1\"><img loading=\"lazy\" decoding=\"async\" width=\"150\" height=\"150\" src=\"https:\/\/biblioteka.kolobrzeg.pl\/wp-content\/uploads\/2025\/06\/ekofestiwal15062537-150x150.jpg\" class=\"attachment-thumbnail size-thumbnail\" alt=\"5 Eko festiwal\" srcset=\"https:\/\/biblioteka.kolobrzeg.pl\/wp-content\/uploads\/2025\/06\/ekofestiwal15062537-150x150.jpg 150w, https:\/\/biblioteka.kolobrzeg.pl\/wp-content\/uploads\/2025\/06\/ekofestiwal15062537-144x144.jpg 144w\" sizes=\"auto, (max-width: 150px) 100vw, 150px\" \/><\/a>\n\t\t\t<\/dt><\/dl><dl class='gallery-item'>\n\t\t\t<dt class='gallery-icon landscape'>\n\t\t\t\t<a href='https:\/\/biblioteka.kolobrzeg.pl\/wp-content\/uploads\/2025\/06\/ekofestiwal15062521.jpg' title=\"\" data-rl_title=\"\" class=\"rl-gallery-link\" data-rl_caption=\"\" data-rel=\"lightbox-gallery-1\"><img loading=\"lazy\" decoding=\"async\" width=\"150\" height=\"150\" src=\"https:\/\/biblioteka.kolobrzeg.pl\/wp-content\/uploads\/2025\/06\/ekofestiwal15062521-150x150.jpg\" class=\"attachment-thumbnail size-thumbnail\" alt=\"5 Eko festiwal\" srcset=\"https:\/\/biblioteka.kolobrzeg.pl\/wp-content\/uploads\/2025\/06\/ekofestiwal15062521-150x150.jpg 150w, https:\/\/biblioteka.kolobrzeg.pl\/wp-content\/uploads\/2025\/06\/ekofestiwal15062521-144x144.jpg 144w\" sizes=\"auto, (max-width: 150px) 100vw, 150px\" \/><\/a>\n\t\t\t<\/dt><\/dl><br style=\"clear: both\" \/>\n\t\t<\/div>\n\n","protected":false},"excerpt":{"rendered":"<p>Magia sztuki, rzek i serca natury&#8230; Justyna Budzyn, artystka ceramiki, edukatorka i aktywistka przyrodnicza w miniony weekend (14-15.06), podczas V Eko Festiwalu \u201eMi\u0119dzy mostami\u201d, zabra\u0142a nas w intymn\u0105 podr\u00f3\u017c przez \u015bwiat sztuki, natury i osobistego zaanga\u017cowania. Opowiada\u0142a o swojej pracy z mozaik\u0105 ceramiczn\u0105, o ptasich portretach, o kajakowych wyprawach rzekami, kt\u00f3re z biegiem czasu sta\u0142y &hellip; <\/p>\n<p><a class=\"more-link block-button\" href=\"https:\/\/biblioteka.kolobrzeg.pl\/index.php\/2025\/06\/17\/spotkanie-przyrodnicze-oraz-warsztaty-mozaikowe-2\/\">Kontynuuj czytanie &raquo;<\/a><\/p>\n","protected":false},"author":1,"featured_media":31958,"comment_status":"closed","ping_status":"closed","sticky":false,"template":"","format":"standard","meta":{"jetpack_post_was_ever_published":false,"_jetpack_newsletter_access":"","_jetpack_dont_email_post_to_subs":false,"_jetpack_newsletter_tier_id":0,"_jetpack_memberships_contains_paywalled_content":false,"_jetpack_memberships_contains_paid_content":false,"footnotes":"","jetpack_publicize_message":"","jetpack_publicize_feature_enabled":true,"jetpack_social_post_already_shared":true,"jetpack_social_options":{"image_generator_settings":{"template":"highway","default_image_id":0,"font":"","enabled":false},"version":2}},"categories":[542,579],"tags":[],"class_list":["post-32019","post","type-post","status-publish","format-standard","has-post-thumbnail","hentry","category-biblioteka-glowna","category-biblioteka-naturalnie"],"jetpack_publicize_connections":[],"jetpack_featured_media_url":"https:\/\/biblioteka.kolobrzeg.pl\/wp-content\/uploads\/2025\/06\/ekofestiwal15062528.jpg","jetpack_likes_enabled":true,"jetpack_sharing_enabled":true,"_links":{"self":[{"href":"https:\/\/biblioteka.kolobrzeg.pl\/index.php\/wp-json\/wp\/v2\/posts\/32019","targetHints":{"allow":["GET"]}}],"collection":[{"href":"https:\/\/biblioteka.kolobrzeg.pl\/index.php\/wp-json\/wp\/v2\/posts"}],"about":[{"href":"https:\/\/biblioteka.kolobrzeg.pl\/index.php\/wp-json\/wp\/v2\/types\/post"}],"author":[{"embeddable":true,"href":"https:\/\/biblioteka.kolobrzeg.pl\/index.php\/wp-json\/wp\/v2\/users\/1"}],"replies":[{"embeddable":true,"href":"https:\/\/biblioteka.kolobrzeg.pl\/index.php\/wp-json\/wp\/v2\/comments?post=32019"}],"version-history":[{"count":0,"href":"https:\/\/biblioteka.kolobrzeg.pl\/index.php\/wp-json\/wp\/v2\/posts\/32019\/revisions"}],"wp:featuredmedia":[{"embeddable":true,"href":"https:\/\/biblioteka.kolobrzeg.pl\/index.php\/wp-json\/wp\/v2\/media\/31958"}],"wp:attachment":[{"href":"https:\/\/biblioteka.kolobrzeg.pl\/index.php\/wp-json\/wp\/v2\/media?parent=32019"}],"wp:term":[{"taxonomy":"category","embeddable":true,"href":"https:\/\/biblioteka.kolobrzeg.pl\/index.php\/wp-json\/wp\/v2\/categories?post=32019"},{"taxonomy":"post_tag","embeddable":true,"href":"https:\/\/biblioteka.kolobrzeg.pl\/index.php\/wp-json\/wp\/v2\/tags?post=32019"}],"curies":[{"name":"wp","href":"https:\/\/api.w.org\/{rel}","templated":true}]}}